{"id":456,"date":"2011-10-06T20:03:27","date_gmt":"2011-10-06T18:03:27","guid":{"rendered":"https:\/\/blog.ilgiornale.it\/porro\/?p=456"},"modified":"2011-10-06T20:03:27","modified_gmt":"2011-10-06T18:03:27","slug":"gli-artigiani-sono-meglio","status":"publish","type":"post","link":"https:\/\/blog.ilgiornale.it\/porro\/2011\/10\/06\/gli-artigiani-sono-meglio\/","title":{"rendered":"Gli artigiani sono meglio"},"content":{"rendered":"<p>Mi frulla in testa, anzi in cucina, da un po&#8217; di tempo. E grazie ad un amico ai fornelli che mi ha raccontato di qualche malumore artigianale (dunque ben fatto), vi propongo questo piatto: ma cosa diavolo c&#8217;entrano gli artigiani con la Confindustria delle partecipazioni statali? Ma come ha fatto rete imprese italia a firmare con Abi e Confindusatria il cosidetto progetto delle imprese per l&#8217;Italia? I commensali sanno che il cuoco \u00e8 piuttosto critico nei confronti della politica economica del Cav e peggio ancora con quella di Giulietto. Ma che si sono fumati i nostri amici artigiani per accodarsi a Mussari e Marcegaglia? Non capiscono che l&#8217;operazione \u00e8 puramente politica? Che la loro firma serve a fare numero per le velleit\u00e0 politiche di sciura Emma e Mr Mussari? Banche e grandi imprese si sono accorti di loro solo per utilizzarli come utili (e numerosi nel senso di iscritti) idioti? Sia detto senza offesa. Perch\u00e8 da queste parti gli artigiani sono venerati. Ma come fanno a sottoscrivere un dosumento che prevede la patrimoniale? Chi pensano che la paghi la ptrimonbiale? Le holding lussemburghesi, i conti svizzeri o gli artigiani-commercianti che hanno la casa nella bottega o viceversa. E la tracciabilit\u00e0 sopra i 500 euro? Bella idea davvero: \u00e8 come mettere la firma sotto il pregiudizio radicato per cui in Italia l&#8217;evasione \u00e8 solo quella degli artigiani.<br \/>\nGli artigiani sottoscrivono il documento pensato dalla sciura Marcegaglia che all&#8217;ultimo condono ha sganciato 9,5 milioni. E questi ci fanno la predica sulla tracciabilit\u00e0, sull&#8217;evasione. Ma fateci il piacere.<br \/>\nAd ogni tornata elettorale il politico di turno va da artigiani e commercianti e dice loro: voi siete il paese reale e noi faremo questo e quello. I nostri piccoli imprenditori si sono resi conto che \u00e8 una gigantesca presa per i fondelli. Non si rendono conto che Confindustria e Banche hanno fatto la stessa cosa: hanno ottenuto la firma dei piccoli solo per farsi forza coi grandi.<\/p>\n","protected":false},"excerpt":{"rendered":"<p><p>Mi frulla in testa, anzi in cucina, da un po&#8217; di tempo. E grazie ad un amico ai fornelli che mi ha raccontato di qualche malumore artigianale (dunque ben fatto), vi propongo questo piatto: ma cosa diavolo c&#8217;entrano gli artigiani con la Confindustria delle partecipazioni statali? Ma come ha fatto rete imprese italia a firmare con Abi e Confindusatria il cosidetto progetto delle imprese per l&#8217;Italia? I commensali sanno che il cuoco \u00e8 piuttosto critico nei confronti della politica economica del Cav e peggio ancora con quella di Giulietto. Ma che si sono fumati i nostri amici artigiani per accodarsi [&hellip;]<\/p>\n&nbsp;&nbsp;<div class=\"readmore\"><a href=\"https:\/\/blog.ilgiornale.it\/porro\/2011\/10\/06\/gli-artigiani-sono-meglio\/\">Continua a leggere...<\/a><\/div><\/p>","protected":false},"author":11,"featured_media":0,"comment_status":"open","ping_status":"closed","sticky":false,"template":"","format":"standard","meta":[],"categories":[23],"tags":[5458,57,112,197,3167,921,102,154],"_links":{"self":[{"href":"https:\/\/blog.ilgiornale.it\/porro\/wp-json\/wp\/v2\/posts\/456"}],"collection":[{"href":"https:\/\/blog.ilgiornale.it\/porro\/wp-json\/wp\/v2\/posts"}],"about":[{"href":"https:\/\/blog.ilgiornale.it\/porro\/wp-json\/wp\/v2\/types\/post"}],"author":[{"embeddable":true,"href":"https:\/\/blog.ilgiornale.it\/porro\/wp-json\/wp\/v2\/users\/11"}],"replies":[{"embeddable":true,"href":"https:\/\/blog.ilgiornale.it\/porro\/wp-json\/wp\/v2\/comments?post=456"}],"version-history":[{"count":2,"href":"https:\/\/blog.ilgiornale.it\/porro\/wp-json\/wp\/v2\/posts\/456\/revisions"}],"predecessor-version":[{"id":458,"href":"https:\/\/blog.ilgiornale.it\/porro\/wp-json\/wp\/v2\/posts\/456\/revisions\/458"}],"wp:attachment":[{"href":"https:\/\/blog.ilgiornale.it\/porro\/wp-json\/wp\/v2\/media?parent=456"}],"wp:term":[{"taxonomy":"category","embeddable":true,"href":"https:\/\/blog.ilgiornale.it\/porro\/wp-json\/wp\/v2\/categories?post=456"},{"taxonomy":"post_tag","embeddable":true,"href":"https:\/\/blog.ilgiornale.it\/porro\/wp-json\/wp\/v2\/tags?post=456"}],"curies":[{"name":"wp","href":"https:\/\/api.w.org\/{rel}","templated":true}]}}