{"id":470,"date":"2011-10-17T18:17:21","date_gmt":"2011-10-17T16:17:21","guid":{"rendered":"https:\/\/blog.ilgiornale.it\/porro\/?p=470"},"modified":"2011-10-17T17:49:36","modified_gmt":"2011-10-17T15:49:36","slug":"i-violenti-e-il-caso-giuliani","status":"publish","type":"post","link":"https:\/\/blog.ilgiornale.it\/porro\/2011\/10\/17\/i-violenti-e-il-caso-giuliani\/","title":{"rendered":"I Violenti e il Caso Giuliani"},"content":{"rendered":"<p>Carlo Giuliani fu ucciso durante le proteste del g8 a genova. Aveva assaltato una camionetta dei carabinieri n\u00e8 pi\u00f9 n\u00e8 meno di quanto hanno fatto numerosi delinquenti a Roma sabato scorso. Giuliani fu ucciso per il colpo di pistola di un agente, secondo le sentenze dei magistrati italiani e europei, per legittima difesa. Non si scherza con la morte di un essere umano. Mai. In nessun caso. In un paese civile neanche i delinquenti meritano la morte. Ma la galera s\u00ec.<br \/>\nMa non riesco a capire come sia possibile che Giuliani sia considerato un eroe della lotta contro lo Stato, mentre i delinquenti di Piazza San Giovanni siano invece stati scaricati. Rifondazione comunista gli intitol\u00f2 la sua aula di presidenza al Senato. Insomma la distanza che tutti sembrano prendere oggi dai moti di Roma \u00e8 pelosa, pelosissima. Ieri la violenza la capivano e giustificavano.<br \/>\nI teppisti cercavano il morto. Perch\u00e8 grazie ad esso alimentano la loro orribile mitologia.<br \/>\nNon si pu\u00f2 scusare nessuno che si presenti in piazza con bastoni, casco e sanpietrini e assalti una macchina della forza pubblica. Sia che si tratti di Giuliani sia che si tratti di uno dei numerosi delinquenti senza nome di sabato scorso. Ha ragione Ritanna Armeni, quando a In Onda e da sinistra, pi\u00f9 o meno dice: che c&#8217;\u00e8 una sinistra che in qualche modo giustifica le violenze di piazza poich\u00e8 sarebbero la legittima risposta alle violenze di Stato. <\/p>\n","protected":false},"excerpt":{"rendered":"<p><p>Carlo Giuliani fu ucciso durante le proteste del g8 a genova. Aveva assaltato una camionetta dei carabinieri n\u00e8 pi\u00f9 n\u00e8 meno di quanto hanno fatto numerosi delinquenti a Roma sabato scorso. Giuliani fu ucciso per il colpo di pistola di un agente, secondo le sentenze dei magistrati italiani e europei, per legittima difesa. Non si scherza con la morte di un essere umano. Mai. In nessun caso. In un paese civile neanche i delinquenti meritano la morte. Ma la galera s\u00ec. Ma non riesco a capire come sia possibile che Giuliani sia considerato un eroe della lotta contro lo Stato, [&hellip;]<\/p>\n&nbsp;&nbsp;<div class=\"readmore\"><a href=\"https:\/\/blog.ilgiornale.it\/porro\/2011\/10\/17\/i-violenti-e-il-caso-giuliani\/\">Continua a leggere...<\/a><\/div><\/p>","protected":false},"author":11,"featured_media":0,"comment_status":"open","ping_status":"closed","sticky":false,"template":"","format":"standard","meta":[],"categories":[1],"tags":[5463,5464,2669,5461],"_links":{"self":[{"href":"https:\/\/blog.ilgiornale.it\/porro\/wp-json\/wp\/v2\/posts\/470"}],"collection":[{"href":"https:\/\/blog.ilgiornale.it\/porro\/wp-json\/wp\/v2\/posts"}],"about":[{"href":"https:\/\/blog.ilgiornale.it\/porro\/wp-json\/wp\/v2\/types\/post"}],"author":[{"embeddable":true,"href":"https:\/\/blog.ilgiornale.it\/porro\/wp-json\/wp\/v2\/users\/11"}],"replies":[{"embeddable":true,"href":"https:\/\/blog.ilgiornale.it\/porro\/wp-json\/wp\/v2\/comments?post=470"}],"version-history":[{"count":3,"href":"https:\/\/blog.ilgiornale.it\/porro\/wp-json\/wp\/v2\/posts\/470\/revisions"}],"predecessor-version":[{"id":473,"href":"https:\/\/blog.ilgiornale.it\/porro\/wp-json\/wp\/v2\/posts\/470\/revisions\/473"}],"wp:attachment":[{"href":"https:\/\/blog.ilgiornale.it\/porro\/wp-json\/wp\/v2\/media?parent=470"}],"wp:term":[{"taxonomy":"category","embeddable":true,"href":"https:\/\/blog.ilgiornale.it\/porro\/wp-json\/wp\/v2\/categories?post=470"},{"taxonomy":"post_tag","embeddable":true,"href":"https:\/\/blog.ilgiornale.it\/porro\/wp-json\/wp\/v2\/tags?post=470"}],"curies":[{"name":"wp","href":"https:\/\/api.w.org\/{rel}","templated":true}]}}