{"id":590,"date":"2012-04-02T14:47:24","date_gmt":"2012-04-02T12:47:24","guid":{"rendered":"https:\/\/blog.ilgiornale.it\/porro\/?p=590"},"modified":"2012-04-02T14:47:24","modified_gmt":"2012-04-02T12:47:24","slug":"le-strage-degli-invisibili-le-pmi-che-soffocano","status":"publish","type":"post","link":"https:\/\/blog.ilgiornale.it\/porro\/2012\/04\/02\/le-strage-degli-invisibili-le-pmi-che-soffocano\/","title":{"rendered":"Le strage degli invisibili. Le Pmi che soffocano"},"content":{"rendered":"<p>Circa 12mila imprese invisibili sono fallite l\u2019anno scorso. Lo dice l\u2019ottima Cgia di Mestre.Sempre l\u2019anno scorso,secondo la Coldiretti, hanno chiuso i battenti 50mila imprese agricole.<\/p>\n<p>Mal contati sono 100mila posti di lavoro che si sono volatilizzati. Sono tutti figli di un Dio minore. Valgono due volte il numero dei dipendenti Fiat. Eppure non sono loro a riempire le piazze televisive. Non sono loro a innescare dibattiti sociologici. Non \u00e8 per loro che si modifica l\u2019articolo 18. Non sono loro che vogliono pi\u00f9 tasse. Non sono loro che considerano i propri dipendenti dei nemici da sfruttare.<\/p>\n<p>Sono invisibili e soli. Chiudono e soffrono senza un alito di indignazione. Qualche volta viene un\u2019improvvisa voglia di occuparsene quando si danno fuoco, si impiccano, si sparano alle tempie.Ma la rottura della tela dell\u2019indifferenza viene subito accomodata, quasi si avesse paura di fare i conti con ci\u00f2 che siamo.<\/p>\n<p>L\u2019Italia ha vergogna dei suoi invisibili. L\u2019Italia disprezza e non capisce chi \u00e8 fuori dal cliche padrone-dipendente. Chiudono i battenti senza che nessuno dica nulla. E loro stessi non urlano a nessuno il proprio disagio. Lo confinano nei drammi di piccole storie familiari, nel chiuso delle mura domestiche. Perdono il lavoro e un sogno di indipendenza e vedono gli intellettuali che parlano del disagio operaio, dei cassintegrati. Loro che sono gli operai del nostro successo a cui non \u00e8 stato fornito alcun ammortizzatore sociale. Loro sono i rifiuti del politicamente corretto che per anni ha sostenuto la loro incapacit\u00e0 di fare sistema, di fare ricerca, di creare ricchezza. Si \u00e8 visto dove sono finiti gli altri. Ma non si vede e non si sente dove finiscono i nostri centomila piccoli imprenditori e collaboratori che dall\u2019oggi al domani non si trovano in tasca pi\u00f9 nulla.<\/p>\n<p>Si ammazzano perch\u00e9 non hanno neanche un nemico preciso da odiare. La banca che non gli concede il prestito, lo Stato che gli impone obblighi, le grandi imprese che non li pagano, i funzionari pubblici che li considerano un numero, sono il nemico. Sono sommersi, sopraffatti dal \u00absistema\u00bb. Si muore a causa del sistema. Non c\u2019\u00e8 un obiettivo preciso da combattere; c\u2019\u00e8 un sistema che ti ammazza. Sono soli, isolati, ma sono tanti.<\/p>\n<p>Commercianti, artigiani, piccoli imprenditori del settore manifatturiero, partite Iva dei servizi, agricoltori, edili sono distrutti dalla crisi economica. Sono i precari della nostra societ\u00e0 a cui per\u00f2 non \u00e8 attribuito alcun merito e alcuna riconoscenza. Sono imprenditori e dunque per definizione ricchi e sfruttatori. Escono le statistiche sui redditi dei lavoratori dipendenti che superano quelli degli indipendenti. E tutti a gridare sull\u2019ingiustizia di una foto che denuncerebbe la diffusa evasione fiscale della nostra societ\u00e0. Nessuno che laicamente ragioni, che comprenda la difficolt\u00e0, anche economica, di fare impresa in Italia. Tutti ubriacati dal racconto di un mercato fatto solo di contrapposizione di interessi, di buoni e cattivi. Non ci si rende conto di quanto sia difficile per circa sei milioni di piccole imprese comprarsi un lavoro: quello che si fa ogni mattina quando si alza la serranda della propria attivit\u00e0 o si accende una macchina nella propria bottega.<\/p>\n<p>E la politica \u00e8 lontana, lontanissima. Imprigionata in quella tenaglia del consenso per cui il grido di mille piccoli che saltano \u00e8 solo fastidioso rumore.<\/p>\n","protected":false},"excerpt":{"rendered":"<p><p>Circa 12mila imprese invisibili sono fallite l\u2019anno scorso. Lo dice l\u2019ottima Cgia di Mestre.Sempre l\u2019anno scorso,secondo la Coldiretti, hanno chiuso i battenti 50mila imprese agricole. Mal contati sono 100mila posti di lavoro che si sono volatilizzati. Sono tutti figli di un Dio minore. Valgono due volte il numero dei dipendenti Fiat. Eppure non sono loro a riempire le piazze televisive. Non sono loro a innescare dibattiti sociologici. Non \u00e8 per loro che si modifica l\u2019articolo 18. Non sono loro che vogliono pi\u00f9 tasse. Non sono loro che considerano i propri dipendenti dei nemici da sfruttare. Sono invisibili e soli. Chiudono [&hellip;]<\/p>\n&nbsp;&nbsp;<div class=\"readmore\"><a href=\"https:\/\/blog.ilgiornale.it\/porro\/2012\/04\/02\/le-strage-degli-invisibili-le-pmi-che-soffocano\/\">Continua a leggere...<\/a><\/div><\/p>","protected":false},"author":11,"featured_media":0,"comment_status":"open","ping_status":"closed","sticky":false,"template":"","format":"standard","meta":[],"categories":[23],"tags":[5458,7200,3167,99,5454,736,102],"_links":{"self":[{"href":"https:\/\/blog.ilgiornale.it\/porro\/wp-json\/wp\/v2\/posts\/590"}],"collection":[{"href":"https:\/\/blog.ilgiornale.it\/porro\/wp-json\/wp\/v2\/posts"}],"about":[{"href":"https:\/\/blog.ilgiornale.it\/porro\/wp-json\/wp\/v2\/types\/post"}],"author":[{"embeddable":true,"href":"https:\/\/blog.ilgiornale.it\/porro\/wp-json\/wp\/v2\/users\/11"}],"replies":[{"embeddable":true,"href":"https:\/\/blog.ilgiornale.it\/porro\/wp-json\/wp\/v2\/comments?post=590"}],"version-history":[{"count":1,"href":"https:\/\/blog.ilgiornale.it\/porro\/wp-json\/wp\/v2\/posts\/590\/revisions"}],"predecessor-version":[{"id":591,"href":"https:\/\/blog.ilgiornale.it\/porro\/wp-json\/wp\/v2\/posts\/590\/revisions\/591"}],"wp:attachment":[{"href":"https:\/\/blog.ilgiornale.it\/porro\/wp-json\/wp\/v2\/media?parent=590"}],"wp:term":[{"taxonomy":"category","embeddable":true,"href":"https:\/\/blog.ilgiornale.it\/porro\/wp-json\/wp\/v2\/categories?post=590"},{"taxonomy":"post_tag","embeddable":true,"href":"https:\/\/blog.ilgiornale.it\/porro\/wp-json\/wp\/v2\/tags?post=590"}],"curies":[{"name":"wp","href":"https:\/\/api.w.org\/{rel}","templated":true}]}}