{"id":626,"date":"2012-05-14T17:46:39","date_gmt":"2012-05-14T15:46:39","guid":{"rendered":"https:\/\/blog.ilgiornale.it\/porro\/?p=626"},"modified":"2012-05-14T17:46:50","modified_gmt":"2012-05-14T15:46:50","slug":"la-grecia-leuro-litalia","status":"publish","type":"post","link":"https:\/\/blog.ilgiornale.it\/porro\/2012\/05\/14\/la-grecia-leuro-litalia\/","title":{"rendered":"La Grecia, l&#8217;Euro, l&#8217;Italia"},"content":{"rendered":"<p>In questi giorni e in queste ore non si fa che parlare degli errori del governo Monti. Cosa dovrebbe fare, quali tagli dovrebbe operare e quali tasse ridurre. E figuratevi un po&#8217; se il cuoco non condivide. Ma attenzione, rischiamo di commettere lo stesso identico errore che alcuni fecero in autunno con il Cav. Cari commensali c&#8217;\u00e8 del marcio in Europa, l&#8217;Italia ne fa parte, ma non ne siamo l&#8217;unica causa. Neanche Mazinga Z a Palazzo Chigi sarebbe riuscito a risolvere da solo il problema dell&#8217;euro, figurarsi Robocop-Monti.<br \/>\nLa questione, come abbiamo cucinato altre volte, \u00e8 tutta politica: tocca capire se l&#8217;Europa \u00e8 un gruppetto di nazioni che vanno per conto loro, ma con la stessa moneta. Ovvero una cosa sola che ha pure, come accidente, la stessa moneta. Vabb\u00e8 di questo ne abbiamo gi\u00e0 discusso e sapete come il cuoco la pensi.<br \/>\n<strong>Ma voglio riflettere sul domani, inteso come quello delle prossime ore. <\/strong><br \/>\nE il futuro si chiama Grecia. <strong>Se Atene dovesse uscire dall&#8217;euro, sono cavoli neri.<\/strong> Non vi fate tante illusioni e non vi fermate a questa apodittica conclusione. Sono cavoli per motivi prettamente socio-psicologici.<br \/>\nLo scenario \u00e8 il seguente. Un venerd\u00ec sera, la Grecia decide di convertire i suoi euretti in Dracme. Tralasciate tutte le considerazioni tecniche-economiche e le prosettive. Pensate solo all&#8217;annuncio. Gi\u00e0 mi immagino Tg di tutto il mondo che riprendono l&#8217;apertura delle banche elleniche il luned\u00ec mattina. Con i risparmiatori in fila davanti agli sportelli e ai bancomat per portarsi a casa un po&#8217; di residua valuta pregiata (cio\u00e8 l&#8217;euro ancora non svalutato in dracma) dai forzieri delle banche. Magari le stesse file potrebbero arrivare, grazie alle soffiate che noi greci-latini conosciamo bene, anche prima dell&#8217;annuncio ufficiale.<br \/>\nEcco: code alle banche. L&#8217;inizio del patatrac in un&#8217;economia capitalista \u00e8 questa. E da noi che siamo a poche centinaia di chilometri e con la Spagna che a quel punto sarebbe anche essa ad un soffio dal burrone, che pensate si faccia? La paura sarebbe forte, irrazionale ma fino ad un certo punto, e ci metteremmo preventivamente in fila. Alimentando cos\u00ec la propagazione del virus: autorealizzando la profezia dell&#8217;uscita dall&#8217;euro.<br \/>\nAnche in questa cucina che ha affezionati clienti, ma tutto sommato non cos\u00ec sconfinati, si ha timore a servire questa pietanza. Il cuoco non vuole contribuire a cucinare il piatto con cui rischiamo di venire soffocati. Ma cari commensali una cosa \u00e8 certa: l&#8217;uscita della Grecia dall&#8217;euro non \u00e8 una cosa buona. E non per le sue ragioni economiche (il suo pil \u00e8 inferiore a quello della sola Lombardia), ma quell&#8217;effetto contagio che creerebbe in un solo istante.<br \/>\nC&#8217;\u00e8 solo da augurarsi che i politici europei, che hanno ora in mano il pallino della crisi, sappiano gestire con accortezza una materia cos\u00ec delicata. La storia insegna che le grande crisi, nascono ovviamente sul mercato, ma vengono amplificate e propagate da errate scelte politiche.<\/p>\n","protected":false},"excerpt":{"rendered":"<p><p>In questi giorni e in queste ore non si fa che parlare degli errori del governo Monti. Cosa dovrebbe fare, quali tagli dovrebbe operare e quali tasse ridurre. E figuratevi un po&#8217; se il cuoco non condivide. Ma attenzione, rischiamo di commettere lo stesso identico errore che alcuni fecero in autunno con il Cav. Cari commensali c&#8217;\u00e8 del marcio in Europa, l&#8217;Italia ne fa parte, ma non ne siamo l&#8217;unica causa. Neanche Mazinga Z a Palazzo Chigi sarebbe riuscito a risolvere da solo il problema dell&#8217;euro, figurarsi Robocop-Monti. La questione, come abbiamo cucinato altre volte, \u00e8 tutta politica: tocca capire [&hellip;]<\/p>\n&nbsp;&nbsp;<div class=\"readmore\"><a href=\"https:\/\/blog.ilgiornale.it\/porro\/2012\/05\/14\/la-grecia-leuro-litalia\/\">Continua a leggere...<\/a><\/div><\/p>","protected":false},"author":11,"featured_media":0,"comment_status":"open","ping_status":"closed","sticky":false,"template":"","format":"standard","meta":[],"categories":[23],"tags":[],"_links":{"self":[{"href":"https:\/\/blog.ilgiornale.it\/porro\/wp-json\/wp\/v2\/posts\/626"}],"collection":[{"href":"https:\/\/blog.ilgiornale.it\/porro\/wp-json\/wp\/v2\/posts"}],"about":[{"href":"https:\/\/blog.ilgiornale.it\/porro\/wp-json\/wp\/v2\/types\/post"}],"author":[{"embeddable":true,"href":"https:\/\/blog.ilgiornale.it\/porro\/wp-json\/wp\/v2\/users\/11"}],"replies":[{"embeddable":true,"href":"https:\/\/blog.ilgiornale.it\/porro\/wp-json\/wp\/v2\/comments?post=626"}],"version-history":[{"count":2,"href":"https:\/\/blog.ilgiornale.it\/porro\/wp-json\/wp\/v2\/posts\/626\/revisions"}],"predecessor-version":[{"id":628,"href":"https:\/\/blog.ilgiornale.it\/porro\/wp-json\/wp\/v2\/posts\/626\/revisions\/628"}],"wp:attachment":[{"href":"https:\/\/blog.ilgiornale.it\/porro\/wp-json\/wp\/v2\/media?parent=626"}],"wp:term":[{"taxonomy":"category","embeddable":true,"href":"https:\/\/blog.ilgiornale.it\/porro\/wp-json\/wp\/v2\/categories?post=626"},{"taxonomy":"post_tag","embeddable":true,"href":"https:\/\/blog.ilgiornale.it\/porro\/wp-json\/wp\/v2\/tags?post=626"}],"curies":[{"name":"wp","href":"https:\/\/api.w.org\/{rel}","templated":true}]}}