{"id":672,"date":"2012-07-21T19:43:04","date_gmt":"2012-07-21T17:43:04","guid":{"rendered":"https:\/\/blog.ilgiornale.it\/porro\/?p=672"},"modified":"2012-07-21T19:43:04","modified_gmt":"2012-07-21T17:43:04","slug":"monti-ha-fallito-ma-deve-rimanere","status":"publish","type":"post","link":"https:\/\/blog.ilgiornale.it\/porro\/2012\/07\/21\/monti-ha-fallito-ma-deve-rimanere\/","title":{"rendered":"Monti ha fallito, ma deve rimanere"},"content":{"rendered":"<p>Alcuni commensali se la prenderanno con la pietanza che sto per servire. Non vorrei dilungarmi troppo sui fallimenti del governo Monti. Chi ha pazienza pu\u00f2 assaggiare le zuppe pi\u00f9 stagionate, si potr\u00e0 fare una scorpacciata di critiche. Dalla controriforma del lavoro alla tassazione, dai finti tagli all&#8217;incapacit\u00e0 di ricevere critiche. Quello del governo Monti \u00e8 un percorso pieno di inciampi.<br \/>\nLa fonte di tutte le critiche \u00e8 ovviamente la nascita del suo governo. Non solo la genesi, per cos\u00ec dire, tecnocratica, ma risiede soprattutto nell&#8217;aspettativa posto: un uomo solo \u00e8 il problema dell&#8217;Italia, cambiandolo esso svanisce per incanto. Fino a poco tenpo fa i politici dicevano che il Cav valeva 300 punti di spread in pi\u00f9; oggi i giornaloni ci riempiono le scatole sostenenedo che lo &#8220;spread vero&#8221; dell&#8217;Italia \u00e8 di 200 punti (Corsera di oggi) e il resto \u00e8 il mercato che sbaglia. Viene almeno da sospirare a pensare come gli autorevoli commentatori ed economisti canbino le carte in tavola, con scarsa onest\u00e0 intellettuale.<br \/>\nDetto questo, il punto \u00e8 un altro. Cosa risolviamo buttando a mare il presidente Monti? Nulla. Questo \u00e8 la drammatica verit\u00e0. Monti ci sta salvando, s\u00ec salvando, dalle follie spendaccione di un vasto e trasversale partito della spesa, alla Hollande. Monti ha un dna liberale e su certe cose non ha voglia di scherzare, come l&#8217;idea folle di una patrimoniale che circola in modo bipartisan. Monti non \u00e8 riuscito a fare una riforma del lavoro decente, anzi complice la Fornero ha incasiniato la materia, ma resta un signore che conosce bene i limiti della concertazione e del sindacalismo diffuso.<br \/>\nNon sto promuovendo Monti. Sto semplicemente dicendo che non conviene cadere nel virus dell&#8217;antiberlsuconismo (su paziente diverso). E cio\u00e8 pensare che un uomo solo, in questo caso Monti, sia la causa dei nostri mali. Il premier ha avuto la presunzione di credere di poter fare meglio del Cav sui dossier che contano in Europa, e non c&#8217;\u00e8 riuscito. Ma \u00e8 indubbio che capisca come il problema risieda l\u00e0 e non solo a casa nostra. Ha sperato di portarsi a casa un&#8217;aspirina come lo scudo anti spread. Ma ormai ha capito, ci\u00f2 che ben si capiva anche un anno fa: la rigidit\u00e0 mentale dei tedeschi.<br \/>\n<strong>Nelle prossime settimane la Borsa e lo spread saranno ancora caldissimi.<\/strong> Vedremo se Monti commetter\u00e0 gli errori che furono fatali al governo Berlusconi.<br \/>\n1. Perdere lucidit\u00e0 e fare manovre di emergenza del tutto recessive e poco coordinate.<br \/>\n2. Mollare la presa, facendosi convincere che il problema \u00e8 il presidente del consiglio italiano e non l&#8217;assurda costruzione della moneta unica.<\/p>\n","protected":false},"excerpt":{"rendered":"<p><p>Alcuni commensali se la prenderanno con la pietanza che sto per servire. Non vorrei dilungarmi troppo sui fallimenti del governo Monti. Chi ha pazienza pu\u00f2 assaggiare le zuppe pi\u00f9 stagionate, si potr\u00e0 fare una scorpacciata di critiche. Dalla controriforma del lavoro alla tassazione, dai finti tagli all&#8217;incapacit\u00e0 di ricevere critiche. Quello del governo Monti \u00e8 un percorso pieno di inciampi. La fonte di tutte le critiche \u00e8 ovviamente la nascita del suo governo. Non solo la genesi, per cos\u00ec dire, tecnocratica, ma risiede soprattutto nell&#8217;aspettativa posto: un uomo solo \u00e8 il problema dell&#8217;Italia, cambiandolo esso svanisce per incanto. Fino a [&hellip;]<\/p>\n&nbsp;&nbsp;<div class=\"readmore\"><a href=\"https:\/\/blog.ilgiornale.it\/porro\/2012\/07\/21\/monti-ha-fallito-ma-deve-rimanere\/\">Continua a leggere...<\/a><\/div><\/p>","protected":false},"author":11,"featured_media":0,"comment_status":"open","ping_status":"closed","sticky":false,"template":"","format":"standard","meta":[],"categories":[6749],"tags":[837,112,127,6915,3723,6752,753,102,941],"_links":{"self":[{"href":"https:\/\/blog.ilgiornale.it\/porro\/wp-json\/wp\/v2\/posts\/672"}],"collection":[{"href":"https:\/\/blog.ilgiornale.it\/porro\/wp-json\/wp\/v2\/posts"}],"about":[{"href":"https:\/\/blog.ilgiornale.it\/porro\/wp-json\/wp\/v2\/types\/post"}],"author":[{"embeddable":true,"href":"https:\/\/blog.ilgiornale.it\/porro\/wp-json\/wp\/v2\/users\/11"}],"replies":[{"embeddable":true,"href":"https:\/\/blog.ilgiornale.it\/porro\/wp-json\/wp\/v2\/comments?post=672"}],"version-history":[{"count":1,"href":"https:\/\/blog.ilgiornale.it\/porro\/wp-json\/wp\/v2\/posts\/672\/revisions"}],"predecessor-version":[{"id":673,"href":"https:\/\/blog.ilgiornale.it\/porro\/wp-json\/wp\/v2\/posts\/672\/revisions\/673"}],"wp:attachment":[{"href":"https:\/\/blog.ilgiornale.it\/porro\/wp-json\/wp\/v2\/media?parent=672"}],"wp:term":[{"taxonomy":"category","embeddable":true,"href":"https:\/\/blog.ilgiornale.it\/porro\/wp-json\/wp\/v2\/categories?post=672"},{"taxonomy":"post_tag","embeddable":true,"href":"https:\/\/blog.ilgiornale.it\/porro\/wp-json\/wp\/v2\/tags?post=672"}],"curies":[{"name":"wp","href":"https:\/\/api.w.org\/{rel}","templated":true}]}}