{"id":699,"date":"2012-08-28T18:23:53","date_gmt":"2012-08-28T16:23:53","guid":{"rendered":"https:\/\/blog.ilgiornale.it\/porro\/?p=699"},"modified":"2012-08-28T18:23:53","modified_gmt":"2012-08-28T16:23:53","slug":"la-coca-cola-le-tasse-e-le-lobbies","status":"publish","type":"post","link":"https:\/\/blog.ilgiornale.it\/porro\/2012\/08\/28\/la-coca-cola-le-tasse-e-le-lobbies\/","title":{"rendered":"La Coca Cola, le tasse e le lobbies"},"content":{"rendered":"<p>Ormai tutti i commensali sanno dell&#8217;assurda tassa che si vuole imporre sulle bibite zuccherate. In questa cucina si serve soprattutto vino (meglio se un bel nero di troia della Tenuta rasciatano, a proposito di conflitti di interesse del cuoco). Ma la tassa sulla Coca \u00e8 una follia. Lasciamo per un attimo perdere i motivi economici, che pure sono fondamentali. Tralasciamo le ipocrisie governative, che considerano le bibite come la benzina e cio\u00e8 il modo pi\u00f9 comodo per fare cassa. Dimentichiamo l&#8217;effetto Laffer per il quale a forza di tassare i consumi questi dimuinuiscono o vengono sostituiti da succedanei esenti, erodendo cos\u00ec il gettito fiscale previsto. Insomma dimentichiamo che si tratta dell&#8217;ennesima tassa. E andiamo al punto fondamentale. Che razza di Stato \u00e8 quello che attraverso la leva fiscale vuole imporre stili di vita corretti? Si chiama Stato etico e totalitario. La libert\u00e0 di un popolo non si misura solo dai suoi metodi pi\u00f9 o meno democratici, ma anche dal rispetto delle libert\u00e0 fondamentali degli individui.<strong> Una norma liberticida, anche se votata da una maggioranza parlamentare, resta liberticida.<\/strong>. Volete tassare le bibite? fatelo. Volete tassare i panataloni rossi? Fatelo. Ma non diteci che \u00e8 a nostra tutela.<br \/>\nRivendico il diritto alla panza. Rivendico il diritto alla libert\u00e0 del personalissimo piacere e del gusto. Rivendico financo il diritto di vivere meno in virt\u00f9 di un mio stile di vita clinicamente considerato non perfetto. S\u00ec il cuoco rivendica banalmente il diritto ad essere Libero.<br \/>\nQualcuno sostiene che i costi sanitari sarebbero il fine della norma punitiva. Ma vi rendere conto dell&#8217;assurdit\u00e0? E della china che cos\u00ec prendiamo. Se uno stato decide il mio men\u00f9 in funzione del costo sociale che si verificherebbe non seguendolo, dove si fermer\u00e0? Lasciamo perdere sigarette, alcol e droghe. Ma perch\u00e8 non obbligare a fare? Che so una salutare passeggiata. O almeno venti giorni all&#8217;anno passati o al mare o in montagna per gli under 10 anni. O ingerire 300 grammi di verdura o frutta al giorno. O andare a letto con la propria moglie con frequenza stabilita per fascia di et\u00e0 e dopo visita dal medico (sportivo?). Potremmo indicare la pericolosit\u00e0 di certe letture. Ad esempio un governo di centro destra potrebbe obbligare gli ediori ad apporre una fascetta su tutte le edizioni del Manifesto del Partito comunista di Marx con su scritto: Le idee di questo libro hanno portato alla morte di milioni di cittadini, con corredo di foto in bianco e nero. I copy si potrebbero sbizzarrire su molti altri testi, potenzialmente pericolosi. Secondo il giudizio di chi? appunto. Secondo quello del ministro Balduzzi e Ornaghi oggi. E domani di qualcun altro.<br \/>\nIn questo scenario \u00e8 favolosa la dichiarazione del capo della lobby delle grandi marche in Italia. Luigi Bordoni. Fa una dichiarazioncina di poche righe di aria fritta in cui dopo aver riconosciuto la bont\u00e0 del governo Monti, ricorda come la manovra sia depressiva e non migliori la salute degli italiani. Bordoni si faccia dire: Una lobby che si rispetti ci inonda di numeri. Quanto pagano di tasse i produttori di bevande. Quanti dipendenti hanno. Quanto valgono sul Pil italiano. Quando si ridurrebbe il loro fatturato per la tassa. Cosa succede negli altri paesi del mondo. Quanto fa male lo zucchero. Quali studi ci sono. Insomma diavolo, facciano la lobby.<br \/>\nPer fortuna libert\u00e0 economica e libert\u00e0 civili vanno a braccetto. E l&#8217;una \u00e8 contenuto dell&#8217;altra. Se ho un passaporto (libert\u00e0 civile) ma non la possibilit\u00e0 di esportare o cambiare valuta (libert\u00e0 economica) non sono libero. E viceversa.<br \/>\nLa Coca Cola company non ha bisogno del nostro aiuto: \u00e8 potente abbastanza per saper badare a se stessa. Noi difendiamo un principio, che non \u00e8 quotato a Wall Street, ma \u00e8 molto pi\u00f9 prezioso.<\/p>\n","protected":false},"excerpt":{"rendered":"<p><p>Ormai tutti i commensali sanno dell&#8217;assurda tassa che si vuole imporre sulle bibite zuccherate. In questa cucina si serve soprattutto vino (meglio se un bel nero di troia della Tenuta rasciatano, a proposito di conflitti di interesse del cuoco). Ma la tassa sulla Coca \u00e8 una follia. Lasciamo per un attimo perdere i motivi economici, che pure sono fondamentali. Tralasciamo le ipocrisie governative, che considerano le bibite come la benzina e cio\u00e8 il modo pi\u00f9 comodo per fare cassa. Dimentichiamo l&#8217;effetto Laffer per il quale a forza di tassare i consumi questi dimuinuiscono o vengono sostituiti da succedanei esenti, erodendo [&hellip;]<\/p>\n&nbsp;&nbsp;<div class=\"readmore\"><a href=\"https:\/\/blog.ilgiornale.it\/porro\/2012\/08\/28\/la-coca-cola-le-tasse-e-le-lobbies\/\">Continua a leggere...<\/a><\/div><\/p>","protected":false},"author":11,"featured_media":0,"comment_status":"open","ping_status":"closed","sticky":false,"template":"","format":"standard","meta":[],"categories":[6749],"tags":[12974,12973,3167,12975,102],"_links":{"self":[{"href":"https:\/\/blog.ilgiornale.it\/porro\/wp-json\/wp\/v2\/posts\/699"}],"collection":[{"href":"https:\/\/blog.ilgiornale.it\/porro\/wp-json\/wp\/v2\/posts"}],"about":[{"href":"https:\/\/blog.ilgiornale.it\/porro\/wp-json\/wp\/v2\/types\/post"}],"author":[{"embeddable":true,"href":"https:\/\/blog.ilgiornale.it\/porro\/wp-json\/wp\/v2\/users\/11"}],"replies":[{"embeddable":true,"href":"https:\/\/blog.ilgiornale.it\/porro\/wp-json\/wp\/v2\/comments?post=699"}],"version-history":[{"count":2,"href":"https:\/\/blog.ilgiornale.it\/porro\/wp-json\/wp\/v2\/posts\/699\/revisions"}],"predecessor-version":[{"id":701,"href":"https:\/\/blog.ilgiornale.it\/porro\/wp-json\/wp\/v2\/posts\/699\/revisions\/701"}],"wp:attachment":[{"href":"https:\/\/blog.ilgiornale.it\/porro\/wp-json\/wp\/v2\/media?parent=699"}],"wp:term":[{"taxonomy":"category","embeddable":true,"href":"https:\/\/blog.ilgiornale.it\/porro\/wp-json\/wp\/v2\/categories?post=699"},{"taxonomy":"post_tag","embeddable":true,"href":"https:\/\/blog.ilgiornale.it\/porro\/wp-json\/wp\/v2\/tags?post=699"}],"curies":[{"name":"wp","href":"https:\/\/api.w.org\/{rel}","templated":true}]}}