{"id":771,"date":"2012-11-06T16:44:40","date_gmt":"2012-11-06T15:44:40","guid":{"rendered":"https:\/\/blog.ilgiornale.it\/porro\/?p=771"},"modified":"2012-11-06T16:44:40","modified_gmt":"2012-11-06T15:44:40","slug":"marchionne-si-faccia-furbo-si-faccia-agnelli","status":"publish","type":"post","link":"https:\/\/blog.ilgiornale.it\/porro\/2012\/11\/06\/marchionne-si-faccia-furbo-si-faccia-agnelli\/","title":{"rendered":"Marchionne si faccia furbo, si faccia Agnelli"},"content":{"rendered":"<p>Sergio Marchionne ha sbagliato tutto. Ma proprio tutto. Avrebbe dovuto distillare un po&#8217; della sana retorica dell&#8217;Avvocato. \u00abQuando ho un problema penso sempre a cosa avrebbe fatto Cuccia\u00bb, diceva Gianni Agnelli. Ecco, pensi come se la sarebbe cavata l&#8217;Avvocato e metta nel sacco tutti. Insomma avrebbe dovuto prendere per i fondelli gli italiani. Invece questo pazzo di Marchionne, si \u00e8 messo a dire come stanno davvero le cose. Ha piazzato un maglioncino nero sul bell&#8217;abito del politicamente corretto italiano. Prendiamo il caso della Fiom e dei 19 operai reintegrati a Pomigliano per sentenza del giudice.<br \/>\nMa caro Marchionne, \u00e8 questo il modo di comportarsi? Lei dice: dentro i 19 per scelta del magistrato e dunque fuori 19 che diventano in sovrappi\u00f9. In Italia non si fa cos\u00ec. Prima cosa si apra un tavolo e ci si piazzi al suo centro il ministro Passera. Cos\u00ec gli fa fare bella figura. Tanto mica penser\u00e0 che l&#8217;Avvocato abbia mai partecipato a un incontro sindacale che sia durato pi\u00f9 di 8 minuti: ci mandi uno dei suoi. Si facciano riunioni interminabili, si mostri contrito e preoccupato e alla ricerca di una soluzione. Diavolo, conceda un&#8217;intervista a Repubblica, o faccia lo stravagante e la dia al Pubblico di Luca Telese. Inizi subito dicendo che l&#8217;Italia del bello ha perso la migliore archistar di tutti i tempi (quella che brindava a Montanelli gambizzato) e cio\u00e8 la Aulenti, racconti il motivo per cui \u00e8 diventato il beniamino di Obama e le ragioni della sua progressista riforma sanitaria, sostenga di aver appena finito di leggere per la terza volta \u00abGomorra\u00bb. Si faccia vedere al teatro di Ascanio Celestini.<br \/>\nMarchionne si svegli. Dove pensa di essere? Almeno finga di chiedere ai suoi amici americani di intervenire per la Alcoa o il Sulcis. O perlomeno si mostri interessato alle posizioni di Gad Lerner, che l&#8217;Avvocato lo conosceva bene. Ma non ha mai letto Tom Wolfe? E dopo qualche mese molli e con beau geste si prenda i 19 della Fiom e non licenzi alcuno. Li citi uno per uno, per nome di battesimo, non in tribunale, ma in un&#8217;affollata conferenza stampa. Dica che ha fatto la cosa giusta per il Paese giusto. Quello che dovrebbe essere il suo punto di riferimento sa cosa diceva nel 1995: \u00abNel &#8217;45 avevamo 65.000 dipendenti, oggi 250.000. E sono 50 anni che sento dire: \u0093Agnelli licenzia\u0094\u00bb. S\u00ec, certo, dopo dieci anni la societ\u00e0 era sostanzialmente fallita e lei l&#8217;ha rimessa in piedi. Ma lasci perdere. Continui pure con quella magnifica palla che al Nostro sfugg\u00ec di bocca un quarto di secolo fa: \u00abNoi fabbrichiamo automobili, le fabbrichiamo in Italia e rappresentiamo Torino\u00bb. Nel frattempo si stavano comprando di tutto: dalle assicurazioni all&#8217;elettricit\u00e0.<br \/>\nSuvvia, la smetta di incensare i sindacati americani e la loro Chrysler. Abbia la faccia tosta di dire che preferisce la Fiom alla Uaw e la Ritmo alla Jeep. Meglio non essere creduti ma rispettati, che dire la verit\u00e0 ed essere sbertucciati. Faccia fare piuttosto bella figura a Passera &amp; Co. Guardi che \u00e8 semplice. Nel giro di un paio di mesi nessuno si accorge di una nuova richiesta di cassa integrazione o peggio di mobilit\u00e0. Insomma, si prenda i 19 della Fiom e ne secchi, come faceva la Fiat dei bei tempi, qualche migliaio. \u00c8 tutto pi\u00f9 pulito. Diceva l&#8217;Avvocato: \u00abNella vita si pu\u00f2 scegliere di essere Tyson o Talleyrand (cit. Alebrto Orioli)\u00bb. E lei che fa Tyson? In Italia non ci sono i pesi massimi, ci sono i materassi. A chi pensa di dare i cazzotti? E vogliamo parlare della Confindustria? Lei ha un solo alleato: la cricchetta degli imprenditori. Pensi che il suo vice si chiama Regina. Capisce bene di chi sono orfani. E lei che fa? Molla Viale dell&#8217;Astronomia. Con chi si \u00e8 consigliato, con Antonio Martino? Ma lasci perdere. Chiude Termini Imerese semplicemente perch\u00e9 l\u00e0 una Panda le costava come una Maserati? Ma non ha mai sentito parlare di aiuti pubblici, si faccia raccontare da un suo vecchio contabile. Il profitto \u00e8 un optional come il cruise control, da queste parti di serie c&#8217;\u00e8 solo la massima occupazione. Non stia l\u00ec a preoccuparsi. Mica deve pagare lei: prima o poi una soluzione la si trova.<br \/>\nE scusi Marchionne, si \u00e8 dimenticato dei suoi operai? Sono il suo migliore alleato. Non per la fabbrica. Ma per fargliela vedere blu ai politici. Pensi a una bella manifestazione a Roma, non contro di lei, contro il governo. Quello che non aiuta Termini Imerese, quello che non compra i pullman di Irisbus, quello che non le presta i miliardi come fanno i francesi, quello che non capisce il disagio sociale e bla bla bla. Marchionne, ma che ci vuole. Ma come fa a non capire che la verit\u00e0 \u00e8 un dettaglio, ci\u00f2 che conta \u00e8 cosa appare.<br \/>\nUeeee Marchionne, l&#8217;Avvocato diceva: \u00abMi piace il vento perch\u00e9 non si pu\u00f2 comprare\u00bb, seduto su una barca che nessuno si poteva sognare. E lei che fa? Si mette a fare il duro.<br \/>\nMarchionne, in Italia \u00e8 meglio uscire di scena come Alvaro Vitali, che come Clint Eastwood con la sua stupida Torino. Si faccia furbo, si faccia Agnelli.<\/p>\n","protected":false},"excerpt":{"rendered":"<p><p>Sergio Marchionne ha sbagliato tutto. Ma proprio tutto. Avrebbe dovuto distillare un po&#8217; della sana retorica dell&#8217;Avvocato. \u00abQuando ho un problema penso sempre a cosa avrebbe fatto Cuccia\u00bb, diceva Gianni Agnelli. Ecco, pensi come se la sarebbe cavata l&#8217;Avvocato e metta nel sacco tutti. Insomma avrebbe dovuto prendere per i fondelli gli italiani. Invece questo pazzo di Marchionne, si \u00e8 messo a dire come stanno davvero le cose. Ha piazzato un maglioncino nero sul bell&#8217;abito del politicamente corretto italiano. Prendiamo il caso della Fiom e dei 19 operai reintegrati a Pomigliano per sentenza del giudice. Ma caro Marchionne, \u00e8 questo [&hellip;]<\/p>\n&nbsp;&nbsp;<div class=\"readmore\"><a href=\"https:\/\/blog.ilgiornale.it\/porro\/2012\/11\/06\/marchionne-si-faccia-furbo-si-faccia-agnelli\/\">Continua a leggere...<\/a><\/div><\/p>","protected":false},"author":11,"featured_media":0,"comment_status":"open","ping_status":"closed","sticky":false,"template":"","format":"standard","meta":[],"categories":[1],"tags":[15118,7978,763,15120],"_links":{"self":[{"href":"https:\/\/blog.ilgiornale.it\/porro\/wp-json\/wp\/v2\/posts\/771"}],"collection":[{"href":"https:\/\/blog.ilgiornale.it\/porro\/wp-json\/wp\/v2\/posts"}],"about":[{"href":"https:\/\/blog.ilgiornale.it\/porro\/wp-json\/wp\/v2\/types\/post"}],"author":[{"embeddable":true,"href":"https:\/\/blog.ilgiornale.it\/porro\/wp-json\/wp\/v2\/users\/11"}],"replies":[{"embeddable":true,"href":"https:\/\/blog.ilgiornale.it\/porro\/wp-json\/wp\/v2\/comments?post=771"}],"version-history":[{"count":1,"href":"https:\/\/blog.ilgiornale.it\/porro\/wp-json\/wp\/v2\/posts\/771\/revisions"}],"predecessor-version":[{"id":772,"href":"https:\/\/blog.ilgiornale.it\/porro\/wp-json\/wp\/v2\/posts\/771\/revisions\/772"}],"wp:attachment":[{"href":"https:\/\/blog.ilgiornale.it\/porro\/wp-json\/wp\/v2\/media?parent=771"}],"wp:term":[{"taxonomy":"category","embeddable":true,"href":"https:\/\/blog.ilgiornale.it\/porro\/wp-json\/wp\/v2\/categories?post=771"},{"taxonomy":"post_tag","embeddable":true,"href":"https:\/\/blog.ilgiornale.it\/porro\/wp-json\/wp\/v2\/tags?post=771"}],"curies":[{"name":"wp","href":"https:\/\/api.w.org\/{rel}","templated":true}]}}