{"id":804,"date":"2012-12-11T14:44:01","date_gmt":"2012-12-11T13:44:01","guid":{"rendered":"https:\/\/blog.ilgiornale.it\/porro\/?p=804"},"modified":"2012-12-11T14:44:10","modified_gmt":"2012-12-11T13:44:10","slug":"la-concorrenza-del-panino-la-perde-italo","status":"publish","type":"post","link":"https:\/\/blog.ilgiornale.it\/porro\/2012\/12\/11\/la-concorrenza-del-panino-la-perde-italo\/","title":{"rendered":"La concorrenza del panino la perde Italo"},"content":{"rendered":"<p>Avvertiamo subito i commensali, che questa \u00e8 una vera zuppa. Per una volta parliamo davvero di forchette e coltelli.<\/p>\n<p>Ci occupiamo dei pasti tra Roma e Milano o, a vostro comodo, viceversa. Il pendolare che ha qualche esigenza di velocit\u00e0 tra le due capitali italiane ha tre strade: il treno di Moretti, superboss delle Fs, quello di Montezemolo, che si chiama Italo, o il volo Alitalia. I tre vettori, come \u00e8 normale, si danno botte da adolescenti per conquistare o mantenere quote di mercato.<\/p>\n<p>Ma, dicevamo, vogliamo parlare di cibo. Ebbene i nostri tre moschettieri hanno deciso di darci del companatico a bordo. Insomma ci vogliono coccolare. Ahim\u00e8, ottengono il risultato esattamente opposto.<\/p>\n<p>Il caso pi\u00f9 clamoroso \u00e8 quello di Italo, il nuovo treno di Montezemolo&amp;co. \u00abLa tua cucina in viaggio\u00bb \u00e8 una roba che si deve essere pensata uno degli sceneggiatori di Spazio1999, quel vecchio e stupendo telefilm degli anni 80 in cui un gruppuscolo di umani era rimasto bloccato sulla luna. L&#8217;offerta Italobox se l&#8217;\u00e8 inventata la creme del nostro radicalchicchismo culinario e cio\u00e8 Eataly. Frutto del geniale Farinetti, che tra un consiglio a Matteo Renzi e un supermercato all&#8217;Ostiense, ha trovato il tempo di piazzare una confezioncina di presunte prelibatezze su Italo. Vi arriva una scatoletta di cartone con dentro le cose pi\u00f9 assurde, ovviamente narrate come neanche un Vendola in grande forma riuscirebbe a fare. Vi trovate la \u00abpurea di frutta al 100 per cento\u00bb, ovviamente grissini e \u00ablingue di pane\u00bb oppure verdure rigorosamente \u00abcremose\u00bb. Leggete e impazzite, mangiate e svenite. Il piatto principale \u00e8 servito \u00aba temperatura ambiente\u00bb (cio\u00e8 di inverno sotto zero e d&#8217;estate a 2mila gradi), in una specie di scatoletta (come quelle dei sottolii riciclati della nonna) di vetro dove \u00e8 difficile inserire la forchetta. Vi sembra di essere non un passeggero di un treno, ma una di quelle signore che vanno nei supermercati di Farinetti, munite di busta riciclata di canapa indiana degli anni 30, e che dopo aver comprato pastasciutta organica, biologica, etica e sana per 300 euro escono soddisfatte sostenendo che tutti dovrebbero fare la spesa l\u00e0: insomma vi sentite un cretino.<\/p>\n<p>Al confronto la cucina del compagno Moretti, tradisce la sana cultura cigiellina del suo amministratore. E vivaddio non ha alcuna pretesa. Un piatto di pasta al pomodoro ve lo servono sempre. Il classico mozzarella e prosciutto non manca mai. Roba semplice, forse non biologica, e senza tanti gamberetti di fiume dolce pescati in modo ecologicamente compatibile con reti insonorizzate. La prenotazione viene fatta come ad un festival dell&#8217;Unit\u00e0 e a tavolo ci si siede tutti insieme, cos\u00ec alla spicciolata, come viene comodo. Il rischio che il vicino ti auguri il buon appetito \u00e8 altissimo. Ma \u00e8 un prezzo che val la pena pagare per non beccarsi il box di Montezemolo.<\/p>\n<p>E infine l&#8217;Alitalia. Lo snack di bordo \u00e8 cos\u00ec dai tempi di Nordio. Anche se la nuova dirigenza ha inserito un drammatico tramezzino in doppia variante di farcitura. Apprezziamo lo sforzo. Ma lasciate perdere. Infine una supplica: Alitalia \u00e8 l&#8217;unica compagnia aerea al mondo ad aver individuato delle salviette rinfrescanti che una volta usate lasciano la pelle appiccicosa. Un tramezzino in meno, un investimento su Floris in pi\u00f9.<\/p>\n<p>Si scherza, ma non troppo. Natale si avvicina e non vorremmo trovarci con qualche stravagante ideona culinaria dei nostri amati vettori. Resta ancora insuperabile il panino Fattoria dell&#8217;autogrill Cantagallo.<\/p>\n","protected":false},"excerpt":{"rendered":"<p><p>Avvertiamo subito i commensali, che questa \u00e8 una vera zuppa. Per una volta parliamo davvero di forchette e coltelli. Ci occupiamo dei pasti tra Roma e Milano o, a vostro comodo, viceversa. Il pendolare che ha qualche esigenza di velocit\u00e0 tra le due capitali italiane ha tre strade: il treno di Moretti, superboss delle Fs, quello di Montezemolo, che si chiama Italo, o il volo Alitalia. I tre vettori, come \u00e8 normale, si danno botte da adolescenti per conquistare o mantenere quote di mercato. Ma, dicevamo, vogliamo parlare di cibo. Ebbene i nostri tre moschettieri hanno deciso di darci del [&hellip;]<\/p>\n&nbsp;&nbsp;<div class=\"readmore\"><a href=\"https:\/\/blog.ilgiornale.it\/porro\/2012\/12\/11\/la-concorrenza-del-panino-la-perde-italo\/\">Continua a leggere...<\/a><\/div><\/p>","protected":false},"author":11,"featured_media":0,"comment_status":"open","ping_status":"closed","sticky":false,"template":"","format":"standard","meta":[],"categories":[1],"tags":[17079,17587,17583,17584,17585],"_links":{"self":[{"href":"https:\/\/blog.ilgiornale.it\/porro\/wp-json\/wp\/v2\/posts\/804"}],"collection":[{"href":"https:\/\/blog.ilgiornale.it\/porro\/wp-json\/wp\/v2\/posts"}],"about":[{"href":"https:\/\/blog.ilgiornale.it\/porro\/wp-json\/wp\/v2\/types\/post"}],"author":[{"embeddable":true,"href":"https:\/\/blog.ilgiornale.it\/porro\/wp-json\/wp\/v2\/users\/11"}],"replies":[{"embeddable":true,"href":"https:\/\/blog.ilgiornale.it\/porro\/wp-json\/wp\/v2\/comments?post=804"}],"version-history":[{"count":3,"href":"https:\/\/blog.ilgiornale.it\/porro\/wp-json\/wp\/v2\/posts\/804\/revisions"}],"predecessor-version":[{"id":806,"href":"https:\/\/blog.ilgiornale.it\/porro\/wp-json\/wp\/v2\/posts\/804\/revisions\/806"}],"wp:attachment":[{"href":"https:\/\/blog.ilgiornale.it\/porro\/wp-json\/wp\/v2\/media?parent=804"}],"wp:term":[{"taxonomy":"category","embeddable":true,"href":"https:\/\/blog.ilgiornale.it\/porro\/wp-json\/wp\/v2\/categories?post=804"},{"taxonomy":"post_tag","embeddable":true,"href":"https:\/\/blog.ilgiornale.it\/porro\/wp-json\/wp\/v2\/tags?post=804"}],"curies":[{"name":"wp","href":"https:\/\/api.w.org\/{rel}","templated":true}]}}