{"id":95,"date":"2008-09-04T20:23:54","date_gmt":"2008-09-04T18:23:54","guid":{"rendered":"https:\/\/blog.ilgiornale.it\/porro\/2008\/09\/04\/i-conti-su-alitalia\/"},"modified":"2008-09-04T20:23:54","modified_gmt":"2008-09-04T18:23:54","slug":"i-conti-su-alitalia","status":"publish","type":"post","link":"https:\/\/blog.ilgiornale.it\/porro\/2008\/09\/04\/i-conti-su-alitalia\/","title":{"rendered":"I conti su Alitalia"},"content":{"rendered":"<p>[photopress:calcolatrice.jpeg,thumb,pp_image]Fate voi la somma.<br \/>\n+Lo stato esce definitivamente dal trasporto aereo (Marrazzo permettendo)<br \/>\n-Balla un miliardino di debiti che pagheranno i contribuenti<br \/>\n+AirFrance chidedeva che i diritti di volo in Italia fossero solo suoi, ci\u00f2 non \u00e8 previsto dal nuovo progetto<br \/>\n-Unire due debolezze (Ali e Air) amplifica una posizione dominante, ma non garantisce un buon servizio<br \/>\n+I sindacati hanno le spalle al muro: o cos\u00ec o si muore<br \/>\n-Sono inviatati al tavolo (passera dixit) per concordare il piano industriale<br \/>\n+AirFrance in fondo, ma mica tanto, \u00e8 una societ\u00e0 pubblica (18% di Sarko&#8217;)<br \/>\n-Airfrance sa far fruttare una compagnia aerea e viaggia in tutto il mondo<br \/>\n+Colaninno&amp;co ci mettono il grano e si assumono un bel rischio (in Italia praticamente nessuno ha fatto quattrini con i voli di linea)<br \/>\n-Aifrance avrebbe pagato qualcosa alle minoranze e allo Stato, mentre i nostri eroi oggi si assumono un rischio ma a prezzi ben pi\u00f9 da saldo<br \/>\n+E&#8217; stata Aifrance a rompere le trattative: aveva posto tre condizioni tra cui l&#8217;assenso dei sindacati al piano di vendita. Che ovviamente non c&#8217;\u00e8 stato<br \/>\n-E&#8217; stato l&#8217;adorato Cav, in campagna elettorale, a dare indirettamente man forte ai sindacati dicendo che la compagnia deve restare in mani italiane<br \/>\n+Lufthansa e Airfrance e tutte le compagnie americane non possono essere acquistate da stranieri e dominano sui rispettivi mercati nazionali<br \/>\n-Non \u00e8 detto che il concetto di italinit\u00e0 o francesit\u00e0 corrisponda, alla fine, all&#8217;interesse molto concreto, dei cittadini-utenti<br \/>\nLa somma dei pi\u00f9 e dei meno. cari commensali, che risultato d\u00e0?<\/p>\n","protected":false},"excerpt":{"rendered":"<p><p>[photopress:calcolatrice.jpeg,thumb,pp_image]Fate voi la somma. +Lo stato esce definitivamente dal trasporto aereo (Marrazzo permettendo) -Balla un miliardino di debiti che pagheranno i contribuenti +AirFrance chidedeva che i diritti di volo in Italia fossero solo suoi, ci\u00f2 non \u00e8 previsto dal nuovo progetto -Unire due debolezze (Ali e Air) amplifica una posizione dominante, ma non garantisce un buon servizio +I sindacati hanno le spalle al muro: o cos\u00ec o si muore -Sono inviatati al tavolo (passera dixit) per concordare il piano industriale +AirFrance in fondo, ma mica tanto, \u00e8 una societ\u00e0 pubblica (18% di Sarko&#8217;) -Airfrance sa far fruttare una compagnia aerea [&hellip;]<\/p>\n&nbsp;&nbsp;<div class=\"readmore\"><a href=\"https:\/\/blog.ilgiornale.it\/porro\/2008\/09\/04\/i-conti-su-alitalia\/\">Continua a leggere...<\/a><\/div><\/p>","protected":false},"author":11,"featured_media":0,"comment_status":"open","ping_status":"closed","sticky":false,"template":"","format":"standard","meta":[],"categories":[1],"tags":[],"_links":{"self":[{"href":"https:\/\/blog.ilgiornale.it\/porro\/wp-json\/wp\/v2\/posts\/95"}],"collection":[{"href":"https:\/\/blog.ilgiornale.it\/porro\/wp-json\/wp\/v2\/posts"}],"about":[{"href":"https:\/\/blog.ilgiornale.it\/porro\/wp-json\/wp\/v2\/types\/post"}],"author":[{"embeddable":true,"href":"https:\/\/blog.ilgiornale.it\/porro\/wp-json\/wp\/v2\/users\/11"}],"replies":[{"embeddable":true,"href":"https:\/\/blog.ilgiornale.it\/porro\/wp-json\/wp\/v2\/comments?post=95"}],"version-history":[{"count":0,"href":"https:\/\/blog.ilgiornale.it\/porro\/wp-json\/wp\/v2\/posts\/95\/revisions"}],"wp:attachment":[{"href":"https:\/\/blog.ilgiornale.it\/porro\/wp-json\/wp\/v2\/media?parent=95"}],"wp:term":[{"taxonomy":"category","embeddable":true,"href":"https:\/\/blog.ilgiornale.it\/porro\/wp-json\/wp\/v2\/categories?post=95"},{"taxonomy":"post_tag","embeddable":true,"href":"https:\/\/blog.ilgiornale.it\/porro\/wp-json\/wp\/v2\/tags?post=95"}],"curies":[{"name":"wp","href":"https:\/\/api.w.org\/{rel}","templated":true}]}}