{"id":2694,"date":"2023-07-06T16:25:53","date_gmt":"2023-07-06T14:25:53","guid":{"rendered":"https:\/\/blog.ilgiornale.it\/puglisi\/?p=2694"},"modified":"2023-07-07T19:11:36","modified_gmt":"2023-07-07T17:11:36","slug":"svelare-la-morte-oggi-bandita-significa-capire-la-vita","status":"publish","type":"post","link":"https:\/\/blog.ilgiornale.it\/puglisi\/2023\/07\/06\/svelare-la-morte-oggi-bandita-significa-capire-la-vita\/","title":{"rendered":"&#8220;Svelare la morte&#8221; (oggi bandita) significa capire la vita"},"content":{"rendered":"<p><em>&#8220;Vietato morire&#8221;<\/em> \u00e8 una canzone che, da qualche anno a questa fa parte, viene spesso riprodotta dalle principali stazioni radiofoniche italiane. Il brano, peraltro molto gradevo<a href=\"https:\/\/blog.ilgiornale.it\/puglisi\/files\/2023\/07\/svelaremortecopertina300.jpg\"><img loading=\"lazy\" class=\"size-medium wp-image-2695 alignleft\" src=\"https:\/\/blog.ilgiornale.it\/puglisi\/files\/2023\/07\/svelaremortecopertina300-211x300.jpg\" alt=\"\" width=\"211\" height=\"300\" srcset=\"https:\/\/blog.ilgiornale.it\/puglisi\/files\/2023\/07\/svelaremortecopertina300-211x300.jpg 211w, https:\/\/blog.ilgiornale.it\/puglisi\/files\/2023\/07\/svelaremortecopertina300-719x1024.jpg 719w, https:\/\/blog.ilgiornale.it\/puglisi\/files\/2023\/07\/svelaremortecopertina300-768x1094.jpg 768w, https:\/\/blog.ilgiornale.it\/puglisi\/files\/2023\/07\/svelaremortecopertina300.jpg 875w\" sizes=\"(max-width: 211px) 100vw, 211px\" \/><\/a>le, parla di tutt&#8217;altro, ma il suo titolo potrebbe forse adattarsi anche al contesto della societ\u00e0 occidentale contemporanea. Dove, a differenza di quanto avveniva in altre epoche e in altri frangenti storici, la &#8220;nera signora&#8221; \u00e8 totalmente scomparsa dal dibattito. Quasi come fosse stata bandita, per l&#8217;appunto. Ne abbiamo avuto riprova durante la pandemia da coronavirus, quando, tra restrizioni assurde e sovente illogiche che hanno stuprato oltre il limite della decenza sacrosante libert\u00e0 individuali, misure volte a preservare a ogni costo la mera esistenza fisica di ogni singolo cittadino, si \u00e8 avuta la consapevolezza di un vero e proprio &#8220;divieto della morte&#8221;.<\/p>\n<p>Eppure, come scriveva il poeta messicano Octavio Paz, \u00ab<em>le sole grandi civilt\u00e0 sono quelle che riconciliano la vita con la morte. Bisogna che l\u2019idea della morte ritorni nel cuore della vita\u00bb.\u00a0<\/em>Proprio su questo tema, cos\u00ec scomodo nel tempo del progresso, del consumo e dell&#8217;<em>hybris<\/em> transumanista, rifletteva, in un saggio pubblicato da Rusconi nel 1980, lo scrittore e giornalista romano Fausto Gianfranceschi, scomparso nel 2012. Autore poliedrico (capace di spaziare dalla narrativa alla saggistica), figura intellettuale della destra militante (dovette patire anche il carcere per le proprie idee), narratore sanguigno, nel suo trascinante saggio &#8220;<a href=\"https:\/\/cinabroedizioni.it\/upcp_product\/fausto-gianfranceschi-svelare-la-morte\/\" target=\"_blank\" rel=\"noopener noreferrer\"><em>Svelare la morte&#8221;<\/em><\/a>, oggi riproposto e ripubblicato (con prefazione di Marcello Veneziani) da quell&#8217;infaticabile fucina di cultura non conforme che \u00e8 Cinabro Edizioni, studia proprio il senso della morte e il suo tab\u00f9. Perch\u00e9 la morte, intesa come fondamento della ricerca di un limite naturale (quel limite oggi cos\u00ec difficile da accettare), \u00e8 in fondo compimento della vita e dell&#8217;esperienza terrena. Accettarla significa, inevitabilmente, &#8220;addomesticarla&#8221;. Viceversa, negarla o disconoscerla porta, per contro, a renderla selvaggia, aprendo cos\u00ec le porte su uno scenario di disordinata violenza.<\/p>\n<p><em>&#8220;Svelare la morte&#8221;,<\/em> allora, \u00e8 (a dispetto del titolo e, in parte, del contenuto) una riflessione soprattutto sulla vita. Che, purtroppo o per fortuna, ha (per tutti noi) sempre una fine.<\/p>\n<p>&nbsp;<\/p>\n<p>&nbsp;<\/p>\n<p>&nbsp;<\/p>\n<p>&nbsp;<\/p>\n<p>&nbsp;<\/p>\n<p>&nbsp;<\/p>\n","protected":false},"excerpt":{"rendered":"<p><p>&#8220;Vietato morire&#8221; \u00e8 una canzone che, da qualche anno a questa fa parte, viene spesso riprodotta dalle principali stazioni radiofoniche italiane. Il brano, peraltro molto gradevole, parla di tutt&#8217;altro, ma il suo titolo potrebbe forse adattarsi anche al contesto della societ\u00e0 occidentale contemporanea. Dove, a differenza di quanto avveniva in altre epoche e in altri frangenti storici, la &#8220;nera signora&#8221; \u00e8 totalmente scomparsa dal dibattito. Quasi come fosse stata bandita, per l&#8217;appunto. Ne abbiamo avuto riprova durante la pandemia da coronavirus, quando, tra restrizioni assurde e sovente illogiche che hanno stuprato oltre il limite della decenza sacrosante libert\u00e0 individuali, misure [&hellip;]<\/p>\n&nbsp;&nbsp;<div class=\"readmore\"><a href=\"https:\/\/blog.ilgiornale.it\/puglisi\/2023\/07\/06\/svelare-la-morte-oggi-bandita-significa-capire-la-vita\/\">Continua a leggere...<\/a><\/div><\/p>","protected":false},"author":1106,"featured_media":2695,"comment_status":"open","ping_status":"closed","sticky":false,"template":"","format":"standard","meta":[],"categories":[47],"tags":[405720,405725,56547],"_links":{"self":[{"href":"https:\/\/blog.ilgiornale.it\/puglisi\/wp-json\/wp\/v2\/posts\/2694"}],"collection":[{"href":"https:\/\/blog.ilgiornale.it\/puglisi\/wp-json\/wp\/v2\/posts"}],"about":[{"href":"https:\/\/blog.ilgiornale.it\/puglisi\/wp-json\/wp\/v2\/types\/post"}],"author":[{"embeddable":true,"href":"https:\/\/blog.ilgiornale.it\/puglisi\/wp-json\/wp\/v2\/users\/1106"}],"replies":[{"embeddable":true,"href":"https:\/\/blog.ilgiornale.it\/puglisi\/wp-json\/wp\/v2\/comments?post=2694"}],"version-history":[{"count":2,"href":"https:\/\/blog.ilgiornale.it\/puglisi\/wp-json\/wp\/v2\/posts\/2694\/revisions"}],"predecessor-version":[{"id":2697,"href":"https:\/\/blog.ilgiornale.it\/puglisi\/wp-json\/wp\/v2\/posts\/2694\/revisions\/2697"}],"wp:featuredmedia":[{"embeddable":true,"href":"https:\/\/blog.ilgiornale.it\/puglisi\/wp-json\/wp\/v2\/media\/2695"}],"wp:attachment":[{"href":"https:\/\/blog.ilgiornale.it\/puglisi\/wp-json\/wp\/v2\/media?parent=2694"}],"wp:term":[{"taxonomy":"category","embeddable":true,"href":"https:\/\/blog.ilgiornale.it\/puglisi\/wp-json\/wp\/v2\/categories?post=2694"},{"taxonomy":"post_tag","embeddable":true,"href":"https:\/\/blog.ilgiornale.it\/puglisi\/wp-json\/wp\/v2\/tags?post=2694"}],"curies":[{"name":"wp","href":"https:\/\/api.w.org\/{rel}","templated":true}]}}