{"id":158,"date":"2022-05-13T17:25:44","date_gmt":"2022-05-13T15:25:44","guid":{"rendered":"http:\/\/blog.ilgiornale.it\/rendimento-fondi\/?p=158"},"modified":"2022-05-13T17:25:44","modified_gmt":"2022-05-13T15:25:44","slug":"il-nostro-portafoglio-etf-azionari-tematici-e-quasi-sui-massimi-il-tuo","status":"publish","type":"post","link":"https:\/\/blog.ilgiornale.it\/rendimento-fondi\/2022\/05\/13\/il-nostro-portafoglio-etf-azionari-tematici-e-quasi-sui-massimi-il-tuo\/","title":{"rendered":"Il nostro portafoglio ETF Azionari Tematici \u00e8 quasi sui massimi, il tuo?"},"content":{"rendered":"<p data-pm-slice=\"1 1 []\"><span class=\"text-color\">Alzati, vai a lavoro, fai crescere il tuo patrimonio, gestisci il tuo portafoglio, senti il peso dei risultati che dipendono da te, finisci di lavorare, studia, vai a dormire mentre ti ronza in testa un\u2019idea, dormi, ripeti.<\/span><\/p>\n<p><span class=\"text-color\">Questa \u00e8 la giornata media di molti investitori.<\/span><\/p>\n<p>&nbsp;<\/p>\n<p><span class=\"text-color\">Spesso ci chiedono: \u201c<em>Come faccio a non farmi prendere dallo sconforto quando tutto crolla in Borsa?<\/em>&#8220;.<\/span><\/p>\n<p><span class=\"text-color\">\u201c<em>Come faccio a non rimanere bloccato quando ogni nuova idea porta a una perdita sul mio portafoglio?<\/em>&#8220;<\/span><\/p>\n<p><span class=\"text-color\">\u201c<em>Come faccio a non avere paura di fare il passo successivo?<\/em>&#8220;.<\/span><\/p>\n<p>Se non lo hai ancora visto guarda a questo proposito il video &#8220;<strong><a href=\"https:\/\/youtu.be\/A7OEzJ5gaqg\">Il paradosso dell&#8217;Analysis Paralysis<\/a><\/strong>&#8221; sul nostro Canale YouTube.<\/p>\n<p>&nbsp;<\/p>\n<p data-pm-slice=\"1 1 []\"><span class=\"text-color\">La risposta \u00e8 che un investitore <strong>non pu\u00f2 essere solo, non deve essere solo<\/strong> ma deve dotarsi degli strumenti giusti per continuare a lottare\u2026 anche quando \u00e8 faticoso, anche quando \u00e8 stanco e gli sembra di non farcela da solo, perch\u00e9 sa che <strong>RendimentoFondi \u00e8 l&#8217;arma segreta <\/strong>per ritrovare la pace interiore.<\/span><\/p>\n<p>&nbsp;<\/p>\n<p data-pm-slice=\"1 1 []\">Ora, tu e solo tu sai quanto stanno rendendo i tuoi investimenti da inizio anno.<\/p>\n<p>Magari sei stato bravo, tanto bravo, e <strong>ti facciamo i nostri complimenti.<\/strong><\/p>\n<p>Per\u00f2 il mercato oggi ci dice che <strong>portafogli <\/strong>speculativi, paragonabili al nostro come grado di rischiosit\u00e0, <strong>mediamente perdono oltre il <\/strong><span class=\"text-color\"><strong>-10%.<\/strong><\/span><\/p>\n<p>Al contrario, il portafoglio ETF &#8220;<strong>Azionario Tematico Settoriale<\/strong>&#8221; il pi\u00f9 speculativo che abbiamo, in ambito ETF, perde da inizio anno il <span class=\"text-color\"><strong>-2.39%.<\/strong><\/span><\/p>\n<p>&nbsp;<\/p>\n<p>Una bella differenza no?<\/p>\n<p>&nbsp;<\/p>\n<p><strong>Ricorda, non perdere \u00e8 un guadagno!<\/strong><\/p>\n<p>&nbsp;<\/p>\n<p>Eccoti i numeri aggiornati di questo portafoglio.<\/p>\n<div id=\"attachment_159\" style=\"width: 460px\" class=\"wp-caption alignnone\"><a href=\"https:\/\/blog.ilgiornale.it\/rendimento-fondi\/files\/2022\/05\/ETF-Tematico-Maggio-2022.jpg\"><img aria-describedby=\"caption-attachment-159\" loading=\"lazy\" class=\"wp-image-159\" src=\"https:\/\/blog.ilgiornale.it\/rendimento-fondi\/files\/2022\/05\/ETF-Tematico-Maggio-2022-300x217.jpg\" alt=\"\" width=\"450\" height=\"325\" srcset=\"https:\/\/blog.ilgiornale.it\/rendimento-fondi\/files\/2022\/05\/ETF-Tematico-Maggio-2022-300x217.jpg 300w, https:\/\/blog.ilgiornale.it\/rendimento-fondi\/files\/2022\/05\/ETF-Tematico-Maggio-2022-1024x740.jpg 1024w, https:\/\/blog.ilgiornale.it\/rendimento-fondi\/files\/2022\/05\/ETF-Tematico-Maggio-2022-768x555.jpg 768w, https:\/\/blog.ilgiornale.it\/rendimento-fondi\/files\/2022\/05\/ETF-Tematico-Maggio-2022.jpg 1175w\" sizes=\"(max-width: 450px) 100vw, 450px\" \/><\/a><p id=\"caption-attachment-159\" class=\"wp-caption-text\">ETF Tematico Maggio 2022 YTD<\/p><\/div>\n<p>&nbsp;<\/p>\n<p data-pm-slice=\"1 1 []\">Ma non sono solo importanti i numeri, guarda l&#8217;andamento e nota come mentre il benchmark azionario internazionale (rosso) crolla, <strong>il portafoglio ETF Tematico Settoriale (blu) si appresta a toccare nuovi massimi!!<\/strong><\/p>\n<div id=\"attachment_160\" style=\"width: 460px\" class=\"wp-caption alignnone\"><a href=\"https:\/\/blog.ilgiornale.it\/rendimento-fondi\/files\/2022\/05\/ETF-Tematico-Settoriale-equity.jpg\"><img aria-describedby=\"caption-attachment-160\" loading=\"lazy\" class=\"wp-image-160\" src=\"https:\/\/blog.ilgiornale.it\/rendimento-fondi\/files\/2022\/05\/ETF-Tematico-Settoriale-equity-300x158.jpg\" alt=\"\" width=\"450\" height=\"236\" srcset=\"https:\/\/blog.ilgiornale.it\/rendimento-fondi\/files\/2022\/05\/ETF-Tematico-Settoriale-equity-300x158.jpg 300w, https:\/\/blog.ilgiornale.it\/rendimento-fondi\/files\/2022\/05\/ETF-Tematico-Settoriale-equity-1024x538.jpg 1024w, https:\/\/blog.ilgiornale.it\/rendimento-fondi\/files\/2022\/05\/ETF-Tematico-Settoriale-equity-768x403.jpg 768w, https:\/\/blog.ilgiornale.it\/rendimento-fondi\/files\/2022\/05\/ETF-Tematico-Settoriale-equity.jpg 1089w\" sizes=\"(max-width: 450px) 100vw, 450px\" \/><\/a><p id=\"caption-attachment-160\" class=\"wp-caption-text\">ETF Tematico Settoriale equity<\/p><\/div>\n<p>&nbsp;<\/p>\n<p data-pm-slice=\"1 1 []\"><span class=\"text-color\">Come siamo arrivati a questo incredibile risultato?<\/span><\/p>\n<p>&nbsp;<\/p>\n<p><span class=\"text-color\">Con la nostra &#8220;arma segreta&#8221;:<strong> la liquidit\u00e0.<\/strong><\/span><\/p>\n<p>&nbsp;<\/p>\n<p>Se anche tu pensi che la liquidit\u00e0 \u00e8 un errore e che \u00e8 sempre da evitare guarda questo nostro video intitolato &#8220;<a href=\"https:\/\/youtu.be\/qswgMXy620o\" target=\"_self\" data-link-unique-id=\"0uoi6n42o\" data-ats-text-hyperlink-id=\"0uoi6n42o\" data-ats-text-hyperlink-url=\"https:\/\/youtu.be\/qswgMXy620o\" data-ats-text-hyperlink-target=\"_self\" rel=\"noopener noreferrer\"><span class=\"text-color\"><strong><u>La liquidit\u00e0 \u00e8 come l&#8217;immondizia. Nessuno la vuole a casa sua<\/u><\/strong><\/span><\/a>&#8220;.<\/p>\n<p>&nbsp;<\/p>\n<div class=\"fabric-editor-block-mark fabric-editor-align-start\" data-align=\"start\" data-pm-slice=\"1 1 []\">\n<p><span class=\"text-color\"><strong>Per scoprire come puoi circondarti di elementi chiave utili e far s\u00ec che facciano la differenza per il tuoi investimenti, vai ora su &#8220;<a href=\"https:\/\/rendimentofondi.it\/inizia-da-qui\/\">INIZIA DA QUI<\/a>&#8220;. <\/strong><\/span><\/p>\n<p><span class=\"text-color\">Vieni a scoprire il nostro <strong>corso online gratuito<\/strong> intitolato &#8220;Il Metodo RF&#8221;.<\/span><\/p>\n<p>&nbsp;<\/p>\n<p><span class=\"text-color\">Alla prossima e buon RendimentoFondi!<\/span><\/p>\n<\/div>\n","protected":false},"excerpt":{"rendered":"<p><p>Alzati, vai a lavoro, fai crescere il tuo patrimonio, gestisci il tuo portafoglio, senti il peso dei risultati che dipendono da te, finisci di lavorare, studia, vai a dormire mentre ti ronza in testa un\u2019idea, dormi, ripeti. Questa \u00e8 la giornata media di molti investitori. &nbsp; Spesso ci chiedono: \u201cCome faccio a non farmi prendere dallo sconforto quando tutto crolla in Borsa?&#8220;. \u201cCome faccio a non rimanere bloccato quando ogni nuova idea porta a una perdita sul mio portafoglio?&#8220; \u201cCome faccio a non avere paura di fare il passo successivo?&#8220;. Se non lo hai ancora visto guarda a questo proposito [&hellip;]<\/p>\n&nbsp;&nbsp;<div class=\"readmore\"><a href=\"https:\/\/blog.ilgiornale.it\/rendimento-fondi\/2022\/05\/13\/il-nostro-portafoglio-etf-azionari-tematici-e-quasi-sui-massimi-il-tuo\/\">Continua a leggere...<\/a><\/div><\/p>","protected":false},"author":1122,"featured_media":167,"comment_status":"open","ping_status":"open","sticky":false,"template":"","format":"standard","meta":[],"categories":[247],"tags":[],"_links":{"self":[{"href":"https:\/\/blog.ilgiornale.it\/rendimento-fondi\/wp-json\/wp\/v2\/posts\/158"}],"collection":[{"href":"https:\/\/blog.ilgiornale.it\/rendimento-fondi\/wp-json\/wp\/v2\/posts"}],"about":[{"href":"https:\/\/blog.ilgiornale.it\/rendimento-fondi\/wp-json\/wp\/v2\/types\/post"}],"author":[{"embeddable":true,"href":"https:\/\/blog.ilgiornale.it\/rendimento-fondi\/wp-json\/wp\/v2\/users\/1122"}],"replies":[{"embeddable":true,"href":"https:\/\/blog.ilgiornale.it\/rendimento-fondi\/wp-json\/wp\/v2\/comments?post=158"}],"version-history":[{"count":6,"href":"https:\/\/blog.ilgiornale.it\/rendimento-fondi\/wp-json\/wp\/v2\/posts\/158\/revisions"}],"predecessor-version":[{"id":166,"href":"https:\/\/blog.ilgiornale.it\/rendimento-fondi\/wp-json\/wp\/v2\/posts\/158\/revisions\/166"}],"wp:featuredmedia":[{"embeddable":true,"href":"https:\/\/blog.ilgiornale.it\/rendimento-fondi\/wp-json\/wp\/v2\/media\/167"}],"wp:attachment":[{"href":"https:\/\/blog.ilgiornale.it\/rendimento-fondi\/wp-json\/wp\/v2\/media?parent=158"}],"wp:term":[{"taxonomy":"category","embeddable":true,"href":"https:\/\/blog.ilgiornale.it\/rendimento-fondi\/wp-json\/wp\/v2\/categories?post=158"},{"taxonomy":"post_tag","embeddable":true,"href":"https:\/\/blog.ilgiornale.it\/rendimento-fondi\/wp-json\/wp\/v2\/tags?post=158"}],"curies":[{"name":"wp","href":"https:\/\/api.w.org\/{rel}","templated":true}]}}