{"id":205,"date":"2022-10-13T10:56:03","date_gmt":"2022-10-13T08:56:03","guid":{"rendered":"http:\/\/blog.ilgiornale.it\/rendimento-fondi\/?p=205"},"modified":"2022-10-13T10:56:03","modified_gmt":"2022-10-13T08:56:03","slug":"recessione-in-europa-ancora-per-tutto-il-2023","status":"publish","type":"post","link":"https:\/\/blog.ilgiornale.it\/rendimento-fondi\/2022\/10\/13\/recessione-in-europa-ancora-per-tutto-il-2023\/","title":{"rendered":"Recessione in Europa ancora per tutto il 2023"},"content":{"rendered":"<p>Ormai la recessione non \u00e8 pi\u00f9 una notizia, ne parlano davvero tutti.<\/p>\n<p>Ritengo per\u00f2 utile a noi consumatori che subiamo le conseguenze dell&#8217;alta inflazione e della recessione non tanto sapere se ci siamo o meno ma se e quando potr\u00e0 mai finire.<\/p>\n<p>Anche gli investitori si chiedono: cosa arriver\u00e0 dopo, la solita ripartenza a &#8220;V&#8221; delle Borse mondiali?<\/p>\n<p>Ne parliamo nella nostra ultima <a href=\"https:\/\/youtu.be\/gxE2CL0Xl7Y\"><strong>video analisi<\/strong><\/a>.<\/p>\n<p>In questi giorni la Banca Centrale Europea e il Fondo Monetario Internazionale hanno emesso alcuni report che dipingono un quadro in deterioramento.<\/p>\n<p>Concentriamoci nell&#8217;eurozona.<\/p>\n<p>Sappiamo che il terzo trimestre del 2022 \u00e8 ancora influenzato dal buon andamento del turismo ma il PIL europeo \u00e8 gi\u00e0 in contrazione e continuer\u00e0 ad esserlo.<\/p>\n<p>Per questo motivo, si prevede un ulteriore innalzamento dei tassi di interesse che vedr\u00e0 il tasso nominale portarsi presumibilmente sui 250 punti base l&#8217;anno prossimo.<\/p>\n<p>Non solo, anche l&#8217;inflazione, che doveva essere transitoria, \u00e8 prevista stabile per tutto il 2023!<\/p>\n<p>Stabile, in queste condizioni, non \u00e8 certo una buona notizia.<\/p>\n<p>Oggi almeno sappiamo cosa ci aspetta.<\/p>\n<p><iframe title=\"Recessione quando finir\u00e0? Abbiamo una data!\" width=\"500\" height=\"281\" src=\"https:\/\/www.youtube.com\/embed\/gxE2CL0Xl7Y?feature=oembed\" frameborder=\"0\" allow=\"accelerometer; autoplay; clipboard-write; encrypted-media; gyroscope; picture-in-picture\" allowfullscreen><\/iframe><\/p>\n","protected":false},"excerpt":{"rendered":"<p><p>Ormai la recessione non \u00e8 pi\u00f9 una notizia, ne parlano davvero tutti. Ritengo per\u00f2 utile a noi consumatori che subiamo le conseguenze dell&#8217;alta inflazione e della recessione non tanto sapere se ci siamo o meno ma se e quando potr\u00e0 mai finire. Anche gli investitori si chiedono: cosa arriver\u00e0 dopo, la solita ripartenza a &#8220;V&#8221; delle Borse mondiali? Ne parliamo nella nostra ultima video analisi. In questi giorni la Banca Centrale Europea e il Fondo Monetario Internazionale hanno emesso alcuni report che dipingono un quadro in deterioramento. Concentriamoci nell&#8217;eurozona. Sappiamo che il terzo trimestre del 2022 \u00e8 ancora influenzato dal [&hellip;]<\/p>\n&nbsp;&nbsp;<div class=\"readmore\"><a href=\"https:\/\/blog.ilgiornale.it\/rendimento-fondi\/2022\/10\/13\/recessione-in-europa-ancora-per-tutto-il-2023\/\">Continua a leggere...<\/a><\/div><\/p>","protected":false},"author":1122,"featured_media":0,"comment_status":"open","ping_status":"open","sticky":false,"template":"","format":"standard","meta":[],"categories":[463097],"tags":[],"_links":{"self":[{"href":"https:\/\/blog.ilgiornale.it\/rendimento-fondi\/wp-json\/wp\/v2\/posts\/205"}],"collection":[{"href":"https:\/\/blog.ilgiornale.it\/rendimento-fondi\/wp-json\/wp\/v2\/posts"}],"about":[{"href":"https:\/\/blog.ilgiornale.it\/rendimento-fondi\/wp-json\/wp\/v2\/types\/post"}],"author":[{"embeddable":true,"href":"https:\/\/blog.ilgiornale.it\/rendimento-fondi\/wp-json\/wp\/v2\/users\/1122"}],"replies":[{"embeddable":true,"href":"https:\/\/blog.ilgiornale.it\/rendimento-fondi\/wp-json\/wp\/v2\/comments?post=205"}],"version-history":[{"count":2,"href":"https:\/\/blog.ilgiornale.it\/rendimento-fondi\/wp-json\/wp\/v2\/posts\/205\/revisions"}],"predecessor-version":[{"id":207,"href":"https:\/\/blog.ilgiornale.it\/rendimento-fondi\/wp-json\/wp\/v2\/posts\/205\/revisions\/207"}],"wp:attachment":[{"href":"https:\/\/blog.ilgiornale.it\/rendimento-fondi\/wp-json\/wp\/v2\/media?parent=205"}],"wp:term":[{"taxonomy":"category","embeddable":true,"href":"https:\/\/blog.ilgiornale.it\/rendimento-fondi\/wp-json\/wp\/v2\/categories?post=205"},{"taxonomy":"post_tag","embeddable":true,"href":"https:\/\/blog.ilgiornale.it\/rendimento-fondi\/wp-json\/wp\/v2\/tags?post=205"}],"curies":[{"name":"wp","href":"https:\/\/api.w.org\/{rel}","templated":true}]}}