{"id":219,"date":"2022-11-08T10:44:55","date_gmt":"2022-11-08T09:44:55","guid":{"rendered":"http:\/\/blog.ilgiornale.it\/rendimento-fondi\/?p=219"},"modified":"2022-10-31T10:55:27","modified_gmt":"2022-10-31T09:55:27","slug":"pac-critiche-e-opportunita-dei-piani-di-accumulo","status":"publish","type":"post","link":"https:\/\/blog.ilgiornale.it\/rendimento-fondi\/2022\/11\/08\/pac-critiche-e-opportunita-dei-piani-di-accumulo\/","title":{"rendered":"PAC: critiche e opportunit\u00e0 dei piani di accumulo"},"content":{"rendered":"<p>Oggi molti investitori di lungo periodo si sentono in difficolt\u00e0.<\/p>\n<p>In tanti ancora credono o sperano che a breve tutto torner\u00e0 a salire come prima.<\/p>\n<p>Pu\u00f2 essere, non lo sappiamo, ma vi giro questo grafico che mostra come un PAC su S&amp;P500 iniziato nel 2000 avrebbe impiegato 13 ANNI per iniziare a generare utili e nel 2009 la perdita da dover sopportare era del 50%.<\/p>\n<div id=\"attachment_220\" style=\"width: 610px\" class=\"wp-caption alignnone\"><a href=\"https:\/\/blog.ilgiornale.it\/rendimento-fondi\/files\/2022\/10\/pac-sp500-dal-2000.png\"><img aria-describedby=\"caption-attachment-220\" loading=\"lazy\" class=\"wp-image-220\" src=\"https:\/\/blog.ilgiornale.it\/rendimento-fondi\/files\/2022\/10\/pac-sp500-dal-2000-300x121.png\" alt=\"pac sp500 dal 2000\" width=\"600\" height=\"243\" srcset=\"https:\/\/blog.ilgiornale.it\/rendimento-fondi\/files\/2022\/10\/pac-sp500-dal-2000-300x121.png 300w, https:\/\/blog.ilgiornale.it\/rendimento-fondi\/files\/2022\/10\/pac-sp500-dal-2000-1024x414.png 1024w, https:\/\/blog.ilgiornale.it\/rendimento-fondi\/files\/2022\/10\/pac-sp500-dal-2000-768x311.png 768w, https:\/\/blog.ilgiornale.it\/rendimento-fondi\/files\/2022\/10\/pac-sp500-dal-2000.png 1100w\" sizes=\"(max-width: 600px) 100vw, 600px\" \/><\/a><p id=\"caption-attachment-220\" class=\"wp-caption-text\">pac sp500 dal 2000<\/p><\/div>\n<p>Tu hai 13 anni da poter aspettare?<\/p>\n<p>Oppure, semplicemente, hai la certezza che quei tempi non torneranno mai piu?<\/p>\n<p>Abbiamo preparato un video-articolo speriamo interessante nel quale <strong>non spieghiamo cos&#8217;\u00e8 un piano di accumulo del capitale<\/strong>, potrai trovare tantissime risorse che ne magnificano le propriet\u00e0.<\/p>\n<p>Non intendiamo neppure dire che non funzionano.<\/p>\n<p>Al contrario, intendiamo analizzare criticamente pregi e difetti di questo assai celebre metodo per investire.<\/p>\n<p>&nbsp;<\/p>\n<p><iframe title=\"Con i PAC non si sbaglia proprio mai?\" width=\"500\" height=\"281\" src=\"https:\/\/www.youtube.com\/embed\/4VQr9fuP718?feature=oembed\" frameborder=\"0\" allow=\"accelerometer; autoplay; clipboard-write; encrypted-media; gyroscope; picture-in-picture\" allowfullscreen><\/iframe><\/p>\n","protected":false},"excerpt":{"rendered":"<p><p>Oggi molti investitori di lungo periodo si sentono in difficolt\u00e0. In tanti ancora credono o sperano che a breve tutto torner\u00e0 a salire come prima. Pu\u00f2 essere, non lo sappiamo, ma vi giro questo grafico che mostra come un PAC su S&amp;P500 iniziato nel 2000 avrebbe impiegato 13 ANNI per iniziare a generare utili e nel 2009 la perdita da dover sopportare era del 50%. Tu hai 13 anni da poter aspettare? Oppure, semplicemente, hai la certezza che quei tempi non torneranno mai piu? Abbiamo preparato un video-articolo speriamo interessante nel quale non spieghiamo cos&#8217;\u00e8 un piano di accumulo del [&hellip;]<\/p>\n&nbsp;&nbsp;<div class=\"readmore\"><a href=\"https:\/\/blog.ilgiornale.it\/rendimento-fondi\/2022\/11\/08\/pac-critiche-e-opportunita-dei-piani-di-accumulo\/\">Continua a leggere...<\/a><\/div><\/p>","protected":false},"author":1122,"featured_media":0,"comment_status":"open","ping_status":"open","sticky":false,"template":"","format":"standard","meta":[],"categories":[247],"tags":[],"_links":{"self":[{"href":"https:\/\/blog.ilgiornale.it\/rendimento-fondi\/wp-json\/wp\/v2\/posts\/219"}],"collection":[{"href":"https:\/\/blog.ilgiornale.it\/rendimento-fondi\/wp-json\/wp\/v2\/posts"}],"about":[{"href":"https:\/\/blog.ilgiornale.it\/rendimento-fondi\/wp-json\/wp\/v2\/types\/post"}],"author":[{"embeddable":true,"href":"https:\/\/blog.ilgiornale.it\/rendimento-fondi\/wp-json\/wp\/v2\/users\/1122"}],"replies":[{"embeddable":true,"href":"https:\/\/blog.ilgiornale.it\/rendimento-fondi\/wp-json\/wp\/v2\/comments?post=219"}],"version-history":[{"count":1,"href":"https:\/\/blog.ilgiornale.it\/rendimento-fondi\/wp-json\/wp\/v2\/posts\/219\/revisions"}],"predecessor-version":[{"id":221,"href":"https:\/\/blog.ilgiornale.it\/rendimento-fondi\/wp-json\/wp\/v2\/posts\/219\/revisions\/221"}],"wp:attachment":[{"href":"https:\/\/blog.ilgiornale.it\/rendimento-fondi\/wp-json\/wp\/v2\/media?parent=219"}],"wp:term":[{"taxonomy":"category","embeddable":true,"href":"https:\/\/blog.ilgiornale.it\/rendimento-fondi\/wp-json\/wp\/v2\/categories?post=219"},{"taxonomy":"post_tag","embeddable":true,"href":"https:\/\/blog.ilgiornale.it\/rendimento-fondi\/wp-json\/wp\/v2\/tags?post=219"}],"curies":[{"name":"wp","href":"https:\/\/api.w.org\/{rel}","templated":true}]}}