{"id":223,"date":"2022-11-08T11:41:23","date_gmt":"2022-11-08T10:41:23","guid":{"rendered":"http:\/\/blog.ilgiornale.it\/rendimento-fondi\/?p=223"},"modified":"2022-11-08T12:08:06","modified_gmt":"2022-11-08T11:08:06","slug":"siamo-prossimi-ad-un-balzo-delloro","status":"publish","type":"post","link":"https:\/\/blog.ilgiornale.it\/rendimento-fondi\/2022\/11\/08\/siamo-prossimi-ad-un-balzo-delloro\/","title":{"rendered":"Siamo prossimi ad un balzo dell&#8217;oro?"},"content":{"rendered":"<p>Recentemente anche il noto economista Roubini si \u00e8 nuovamente sbilanciato in una delle sue previsioni secondo la quale l&#8217;oro sta per salire e il dollaro sta per crollare.<\/p>\n<p>Nel video articolo che troverai in fondo all&#8217;articolo abbiamo analizzato la situazione di questi due importanti asset sotto il punto di vista della stagionalit\u00e0 dei mercati finanziari.<\/p>\n<p>Effettivamente, per quanto esistano spiegazioni macroeconomiche alla base di questa previsione, vi \u00e8 da dire che la stagionalit\u00e0 \u00e8 una visione meno aulica ma decisamente pragmatica.<\/p>\n<p>Il concetto di stagionalit\u00e0 dei mercati finanziari si basa essenzialmente sulla ripetitivit\u00e0 di alcuni pattern durante l&#8217;anno.<\/p>\n<p>Ci\u00f2 \u00e8 tanto pi\u00f9 valido quando si parla di commodities, perch\u00e9 ovviamente seguono dei cicli naturali.<\/p>\n<p>E&#8217; comunque interessante notare come l&#8217;analisi della stagionalit\u00e0 sul cambio euro\/dollaro, ci restituisce un grafico con un notevole rialzo nel mese di dicembre.<\/p>\n<p>Ovviamente, il cambio ha una relazione inversa, per tanto, se il cambio sale significa che il dollaro crolla.<\/p>\n<div id=\"attachment_224\" style=\"width: 510px\" class=\"wp-caption alignnone\"><a href=\"https:\/\/blog.ilgiornale.it\/rendimento-fondi\/files\/2022\/11\/Stag-Eur-Usd.png\"><img aria-describedby=\"caption-attachment-224\" loading=\"lazy\" class=\"wp-image-224\" src=\"https:\/\/blog.ilgiornale.it\/rendimento-fondi\/files\/2022\/11\/Stag-Eur-Usd-300x148.png\" alt=\"Stagionalit\u00e0 Eur Usd\" width=\"500\" height=\"247\" srcset=\"https:\/\/blog.ilgiornale.it\/rendimento-fondi\/files\/2022\/11\/Stag-Eur-Usd-300x148.png 300w, https:\/\/blog.ilgiornale.it\/rendimento-fondi\/files\/2022\/11\/Stag-Eur-Usd-768x379.png 768w, https:\/\/blog.ilgiornale.it\/rendimento-fondi\/files\/2022\/11\/Stag-Eur-Usd.png 995w\" sizes=\"(max-width: 500px) 100vw, 500px\" \/><\/a><p id=\"caption-attachment-224\" class=\"wp-caption-text\">Stagionalit\u00e0 Eur Usd<\/p><\/div>\n<p>Anche la stagionalit\u00e0 dell&#8217;oro \u00e8 concorde con il pensiero di Roubini; infatti, vede in gennaio il suo mese migliore.<\/p>\n<div id=\"attachment_225\" style=\"width: 510px\" class=\"wp-caption alignnone\"><a href=\"https:\/\/blog.ilgiornale.it\/rendimento-fondi\/files\/2022\/11\/Stag-Oro.png\"><img aria-describedby=\"caption-attachment-225\" loading=\"lazy\" class=\"wp-image-225\" src=\"https:\/\/blog.ilgiornale.it\/rendimento-fondi\/files\/2022\/11\/Stag-Oro-300x149.png\" alt=\"Stagionalit\u00e0 Oro\" width=\"500\" height=\"248\" srcset=\"https:\/\/blog.ilgiornale.it\/rendimento-fondi\/files\/2022\/11\/Stag-Oro-300x149.png 300w, https:\/\/blog.ilgiornale.it\/rendimento-fondi\/files\/2022\/11\/Stag-Oro-768x381.png 768w, https:\/\/blog.ilgiornale.it\/rendimento-fondi\/files\/2022\/11\/Stag-Oro.png 992w\" sizes=\"(max-width: 500px) 100vw, 500px\" \/><\/a><p id=\"caption-attachment-225\" class=\"wp-caption-text\">Stagionalit\u00e0 Oro<\/p><\/div>\n<p>&nbsp;<\/p>\n<p>Abbiamo appena pubblicato un video dove raccontiamo tutto quello che c&#8217;\u00e8 da sapere sulla stagionalit\u00e0, inoltre seguendo il video potrai scoprire come farti un piano di stagionalit\u00e0 fai da te.<\/p>\n<p><iframe title=\"La stagionalit\u00e0 dei mercati dice: ORO SU, DOLLARO GIU&#039;.\" width=\"500\" height=\"281\" src=\"https:\/\/www.youtube.com\/embed\/iUVDEVCTRTk?feature=oembed\" frameborder=\"0\" allow=\"accelerometer; autoplay; clipboard-write; encrypted-media; gyroscope; picture-in-picture\" allowfullscreen><\/iframe><\/p>\n<p>&nbsp;<\/p>\n<p><a href=\"https:\/\/corsi.rendimentofondi.it\/\"><strong>Se sei interessato a investire con Metodo, scopri il nostro corso gratuito.<\/strong><\/a><\/p>\n<p>&nbsp;<\/p>\n","protected":false},"excerpt":{"rendered":"<p><p>Recentemente anche il noto economista Roubini si \u00e8 nuovamente sbilanciato in una delle sue previsioni secondo la quale l&#8217;oro sta per salire e il dollaro sta per crollare. Nel video articolo che troverai in fondo all&#8217;articolo abbiamo analizzato la situazione di questi due importanti asset sotto il punto di vista della stagionalit\u00e0 dei mercati finanziari. Effettivamente, per quanto esistano spiegazioni macroeconomiche alla base di questa previsione, vi \u00e8 da dire che la stagionalit\u00e0 \u00e8 una visione meno aulica ma decisamente pragmatica. Il concetto di stagionalit\u00e0 dei mercati finanziari si basa essenzialmente sulla ripetitivit\u00e0 di alcuni pattern durante l&#8217;anno. Ci\u00f2 \u00e8 [&hellip;]<\/p>\n&nbsp;&nbsp;<div class=\"readmore\"><a href=\"https:\/\/blog.ilgiornale.it\/rendimento-fondi\/2022\/11\/08\/siamo-prossimi-ad-un-balzo-delloro\/\">Continua a leggere...<\/a><\/div><\/p>","protected":false},"author":1122,"featured_media":0,"comment_status":"open","ping_status":"open","sticky":false,"template":"","format":"standard","meta":[],"categories":[463097],"tags":[],"_links":{"self":[{"href":"https:\/\/blog.ilgiornale.it\/rendimento-fondi\/wp-json\/wp\/v2\/posts\/223"}],"collection":[{"href":"https:\/\/blog.ilgiornale.it\/rendimento-fondi\/wp-json\/wp\/v2\/posts"}],"about":[{"href":"https:\/\/blog.ilgiornale.it\/rendimento-fondi\/wp-json\/wp\/v2\/types\/post"}],"author":[{"embeddable":true,"href":"https:\/\/blog.ilgiornale.it\/rendimento-fondi\/wp-json\/wp\/v2\/users\/1122"}],"replies":[{"embeddable":true,"href":"https:\/\/blog.ilgiornale.it\/rendimento-fondi\/wp-json\/wp\/v2\/comments?post=223"}],"version-history":[{"count":5,"href":"https:\/\/blog.ilgiornale.it\/rendimento-fondi\/wp-json\/wp\/v2\/posts\/223\/revisions"}],"predecessor-version":[{"id":230,"href":"https:\/\/blog.ilgiornale.it\/rendimento-fondi\/wp-json\/wp\/v2\/posts\/223\/revisions\/230"}],"wp:attachment":[{"href":"https:\/\/blog.ilgiornale.it\/rendimento-fondi\/wp-json\/wp\/v2\/media?parent=223"}],"wp:term":[{"taxonomy":"category","embeddable":true,"href":"https:\/\/blog.ilgiornale.it\/rendimento-fondi\/wp-json\/wp\/v2\/categories?post=223"},{"taxonomy":"post_tag","embeddable":true,"href":"https:\/\/blog.ilgiornale.it\/rendimento-fondi\/wp-json\/wp\/v2\/tags?post=223"}],"curies":[{"name":"wp","href":"https:\/\/api.w.org\/{rel}","templated":true}]}}