{"id":242,"date":"2022-12-16T17:22:36","date_gmt":"2022-12-16T16:22:36","guid":{"rendered":"http:\/\/blog.ilgiornale.it\/rendimento-fondi\/?p=242"},"modified":"2022-12-16T17:22:36","modified_gmt":"2022-12-16T16:22:36","slug":"perche-con-la-recessione-alle-porte-il-vix-e-sui-minimi","status":"publish","type":"post","link":"https:\/\/blog.ilgiornale.it\/rendimento-fondi\/2022\/12\/16\/perche-con-la-recessione-alle-porte-il-vix-e-sui-minimi\/","title":{"rendered":"Perch\u00e9 con la recessione alle porte il VIX \u00e8 sui minimi?"},"content":{"rendered":"<p>Recentemente un appassionato lettore ci ha chiesto il perch\u00e9 il VIX continua a rimanere sui livelli minimi nonostante sia chiaro ormai a tutti che siamo di fronte ad un anno di recessione.<\/p>\n<p>Sembra quasi che\u00a0 ci sia un raffreddamento nella percezione del rischio da parte degli investitori.<\/p>\n<p>Difficile come sempre dare una risposta netta, come sempre la finanza si presta ad una moltitudine di interpretazioni, ma in questo video provo a dare una risposta articolandola in tre punti.<\/p>\n<p>1 Analizzeremo l&#8217;andamento storico del VIX e dell&#8217;S&amp;P500 in confronto con il passato.<br \/>\nAnalizzeremo inoltre il Vixcentral, quindi i Forward sul VIX.<\/p>\n<p>2 Forse semplicemente i tempi sono cambiati?<\/p>\n<p>3 La spregiudicatezza sui mercati \u00e8 forse figlia della modernit\u00e0?<\/p>\n<p><a href=\"https:\/\/corsi.rendimentofondi.it\/\">Guarda il nostro Corso gratuito sugli investimenti<\/a><\/p>\n<p><iframe title=\"perch\u00e9 con la recessione alle porte il VIX \u00e8 sui minimi?\" width=\"500\" height=\"281\" src=\"https:\/\/www.youtube.com\/embed\/cX1Jr9mHi_I?feature=oembed\" frameborder=\"0\" allow=\"accelerometer; autoplay; clipboard-write; encrypted-media; gyroscope; picture-in-picture\" allowfullscreen><\/iframe><\/p>\n","protected":false},"excerpt":{"rendered":"<p><p>Recentemente un appassionato lettore ci ha chiesto il perch\u00e9 il VIX continua a rimanere sui livelli minimi nonostante sia chiaro ormai a tutti che siamo di fronte ad un anno di recessione. Sembra quasi che\u00a0 ci sia un raffreddamento nella percezione del rischio da parte degli investitori. Difficile come sempre dare una risposta netta, come sempre la finanza si presta ad una moltitudine di interpretazioni, ma in questo video provo a dare una risposta articolandola in tre punti. 1 Analizzeremo l&#8217;andamento storico del VIX e dell&#8217;S&amp;P500 in confronto con il passato. Analizzeremo inoltre il Vixcentral, quindi i Forward sul VIX. [&hellip;]<\/p>\n&nbsp;&nbsp;<div class=\"readmore\"><a href=\"https:\/\/blog.ilgiornale.it\/rendimento-fondi\/2022\/12\/16\/perche-con-la-recessione-alle-porte-il-vix-e-sui-minimi\/\">Continua a leggere...<\/a><\/div><\/p>","protected":false},"author":1122,"featured_media":0,"comment_status":"open","ping_status":"open","sticky":false,"template":"","format":"standard","meta":[],"categories":[470907],"tags":[],"_links":{"self":[{"href":"https:\/\/blog.ilgiornale.it\/rendimento-fondi\/wp-json\/wp\/v2\/posts\/242"}],"collection":[{"href":"https:\/\/blog.ilgiornale.it\/rendimento-fondi\/wp-json\/wp\/v2\/posts"}],"about":[{"href":"https:\/\/blog.ilgiornale.it\/rendimento-fondi\/wp-json\/wp\/v2\/types\/post"}],"author":[{"embeddable":true,"href":"https:\/\/blog.ilgiornale.it\/rendimento-fondi\/wp-json\/wp\/v2\/users\/1122"}],"replies":[{"embeddable":true,"href":"https:\/\/blog.ilgiornale.it\/rendimento-fondi\/wp-json\/wp\/v2\/comments?post=242"}],"version-history":[{"count":1,"href":"https:\/\/blog.ilgiornale.it\/rendimento-fondi\/wp-json\/wp\/v2\/posts\/242\/revisions"}],"predecessor-version":[{"id":243,"href":"https:\/\/blog.ilgiornale.it\/rendimento-fondi\/wp-json\/wp\/v2\/posts\/242\/revisions\/243"}],"wp:attachment":[{"href":"https:\/\/blog.ilgiornale.it\/rendimento-fondi\/wp-json\/wp\/v2\/media?parent=242"}],"wp:term":[{"taxonomy":"category","embeddable":true,"href":"https:\/\/blog.ilgiornale.it\/rendimento-fondi\/wp-json\/wp\/v2\/categories?post=242"},{"taxonomy":"post_tag","embeddable":true,"href":"https:\/\/blog.ilgiornale.it\/rendimento-fondi\/wp-json\/wp\/v2\/tags?post=242"}],"curies":[{"name":"wp","href":"https:\/\/api.w.org\/{rel}","templated":true}]}}