{"id":307,"date":"2024-09-16T10:52:10","date_gmt":"2024-09-16T08:52:10","guid":{"rendered":"http:\/\/blog.ilgiornale.it\/rendimento-fondi\/?p=307"},"modified":"2024-09-16T10:52:10","modified_gmt":"2024-09-16T08:52:10","slug":"la-regola-di-sahm-recessione-solo-nei-numeri","status":"publish","type":"post","link":"https:\/\/blog.ilgiornale.it\/rendimento-fondi\/2024\/09\/16\/la-regola-di-sahm-recessione-solo-nei-numeri\/","title":{"rendered":"La Regola di Sahm: Recessione solo nei numeri."},"content":{"rendered":"<p>La <em>regola di Sahm<\/em> \u00e8 un importante indicatore economico che aiuta a individuare i segnali di una recessione imminente. Usata dalla <em>Federal Reserve<\/em> per valutare la salute del mercato del lavoro, questa regola ha guadagnato attenzione crescente in un contesto economico globale incerto. Ma come funziona esattamente e quale impatto pu\u00f2 avere sulle future decisioni della Fed?<\/p>\n<h2>Cos&#8217;\u00e8 la Regola di Sahm?<\/h2>\n<p>Ideata dall&#8217;economista <em>Claudia Sahm<\/em>, la regola si attiva quando il tasso di disoccupazione medio degli ultimi tre mesi aumenta di almeno 0,5 punti percentuali rispetto al minimo registrato nei precedenti 12 mesi. Questo cambiamento \u00e8 considerato un segnale d&#8217;allarme per una potenziale recessione. \u00c8 stata particolarmente efficace nell&#8217;identificare le recessioni durante la crisi finanziaria del 2008 e la pandemia del 2020.<\/p>\n<p>Attualmente, il dato della disoccupazione segna un +0,57%, un valore che secondo la regola di Sahm dovrebbe preannunciare una recessione. Tuttavia, la situazione attuale \u00e8 diversa dalle precedenti: l\u2019aumento della disoccupazione non \u00e8 dovuto a licenziamenti di massa, ma piuttosto all&#8217;incremento della forza lavoro disponibile. Questo aspetto suggerisce che l&#8217;economia non si trova in una recessione profonda, ma in una fase di rallentamento controllato.<\/p>\n<div id=\"attachment_308\" style=\"width: 310px\" class=\"wp-caption alignnone\"><img aria-describedby=\"caption-attachment-308\" loading=\"lazy\" class=\"wp-image-308 size-medium\" src=\"https:\/\/blog.ilgiornale.it\/rendimento-fondi\/files\/2024\/09\/Sahm-Rule-Recession-Indicator-300x140.jpg\" alt=\"\" width=\"300\" height=\"140\" srcset=\"https:\/\/blog.ilgiornale.it\/rendimento-fondi\/files\/2024\/09\/Sahm-Rule-Recession-Indicator-300x140.jpg 300w, https:\/\/blog.ilgiornale.it\/rendimento-fondi\/files\/2024\/09\/Sahm-Rule-Recession-Indicator-1024x477.jpg 1024w, https:\/\/blog.ilgiornale.it\/rendimento-fondi\/files\/2024\/09\/Sahm-Rule-Recession-Indicator-768x357.jpg 768w, https:\/\/blog.ilgiornale.it\/rendimento-fondi\/files\/2024\/09\/Sahm-Rule-Recession-Indicator.jpg 1459w\" sizes=\"(max-width: 300px) 100vw, 300px\" \/><p id=\"caption-attachment-308\" class=\"wp-caption-text\">Fonte FRED<\/p><\/div>\n<h2>Le Prospettive Economiche per i Prossimi Mesi<\/h2>\n<p>Anche se l\u2019aumento della disoccupazione pu\u00f2 suggerire una frenata economica, l&#8217;incremento della partecipazione al mercato del lavoro racconta una storia pi\u00f9 complessa. L&#8217;economia sembra affrontare un periodo di <em>assestamento<\/em> piuttosto che un crollo. La <em>Federal Reserve<\/em> dovr\u00e0 monitorare attentamente questa evoluzione per evitare che la situazione peggiori.<\/p>\n<p>In questo contesto, la Fed potrebbe essere tentata di intervenire con tagli moderati ai tassi di interesse per stimolare la crescita economica. La sfida sar\u00e0 bilanciare questo intervento senza alimentare ulteriormente l&#8217;inflazione, che si sta gi\u00e0 raffreddando. Il mercato del lavoro sar\u00e0 probabilmente un fattore decisivo per determinare il ritmo e la portata di eventuali riduzioni dei tassi.<\/p>\n<h2>Il Ruolo della Fed e le Prossime Mosse<\/h2>\n<p>La <em>Federal Reserve<\/em> ha il compito di mantenere la stabilit\u00e0 economica, intervenendo per prevenire una recessione profonda. Negli ultimi mesi, l&#8217;economia ha mostrato segni di rallentamento, ma non al punto da richiedere interventi drastici. Il mercato del lavoro continua a essere relativamente robusto, e questo lascia margini di manovra alla Fed per tagli controllati ai tassi di interesse.<\/p>\n<p>Sebbene la regola di Sahm segnali un possibile rischio di recessione, le dinamiche attuali del mercato del lavoro rendono la situazione pi\u00f9 sfumata. Nei prossimi mesi, sar\u00e0 essenziale seguire da vicino le mosse della Fed per capire se e come interverr\u00e0 per sostenere la crescita economica, senza spingere il paese verso una crisi.<\/p>\n<p>Di seguito il grafico della disoccupazione negli USA.<\/p>\n<div id=\"attachment_309\" style=\"width: 310px\" class=\"wp-caption alignnone\"><img aria-describedby=\"caption-attachment-309\" loading=\"lazy\" class=\"size-medium wp-image-309\" src=\"https:\/\/blog.ilgiornale.it\/rendimento-fondi\/files\/2024\/09\/Unemployment-Rate-US-300x139.jpg\" alt=\"\" width=\"300\" height=\"139\" srcset=\"https:\/\/blog.ilgiornale.it\/rendimento-fondi\/files\/2024\/09\/Unemployment-Rate-US-300x139.jpg 300w, https:\/\/blog.ilgiornale.it\/rendimento-fondi\/files\/2024\/09\/Unemployment-Rate-US-1024x476.jpg 1024w, https:\/\/blog.ilgiornale.it\/rendimento-fondi\/files\/2024\/09\/Unemployment-Rate-US-768x357.jpg 768w, https:\/\/blog.ilgiornale.it\/rendimento-fondi\/files\/2024\/09\/Unemployment-Rate-US.jpg 1463w\" sizes=\"(max-width: 300px) 100vw, 300px\" \/><p id=\"caption-attachment-309\" class=\"wp-caption-text\">Unemployment Rate US<\/p><\/div>\n<h2>Conclusione<\/h2>\n<p>La regola di Sahm rimane uno strumento cruciale per interpretare l&#8217;andamento economico, ma il contesto attuale suggerisce che non tutti i segnali di recessione debbano essere presi come predizioni automatiche di crolli economici. La <em>Federal Reserve<\/em> ha il potenziale per gestire la situazione con interventi ponderati sui tassi d\u2019interesse, cercando di mantenere un equilibrio tra stabilit\u00e0 economica e crescita.<\/p>\n<p class=\"has-text-align-center\"><strong><a href=\"https:\/\/www.circoloinvestitori.it\/inizia-da-qui\/\">Scopri il percorso di investimento pi\u00f9 adatto a te.<\/a><\/strong><\/p>\n<p>Buon Circolo degli Investitori.<\/p>\n","protected":false},"excerpt":{"rendered":"<p><p>La regola di Sahm \u00e8 un importante indicatore economico che aiuta a individuare i segnali di una recessione imminente. Usata dalla Federal Reserve per valutare la salute del mercato del lavoro, questa regola ha guadagnato attenzione crescente in un contesto economico globale incerto. Ma come funziona esattamente e quale impatto pu\u00f2 avere sulle future decisioni della Fed? Cos&#8217;\u00e8 la Regola di Sahm? Ideata dall&#8217;economista Claudia Sahm, la regola si attiva quando il tasso di disoccupazione medio degli ultimi tre mesi aumenta di almeno 0,5 punti percentuali rispetto al minimo registrato nei precedenti 12 mesi. Questo cambiamento \u00e8 considerato un segnale [&hellip;]<\/p>\n&nbsp;&nbsp;<div class=\"readmore\"><a href=\"https:\/\/blog.ilgiornale.it\/rendimento-fondi\/2024\/09\/16\/la-regola-di-sahm-recessione-solo-nei-numeri\/\">Continua a leggere...<\/a><\/div><\/p>","protected":false},"author":1122,"featured_media":0,"comment_status":"open","ping_status":"open","sticky":false,"template":"","format":"standard","meta":[],"categories":[463097],"tags":[],"_links":{"self":[{"href":"https:\/\/blog.ilgiornale.it\/rendimento-fondi\/wp-json\/wp\/v2\/posts\/307"}],"collection":[{"href":"https:\/\/blog.ilgiornale.it\/rendimento-fondi\/wp-json\/wp\/v2\/posts"}],"about":[{"href":"https:\/\/blog.ilgiornale.it\/rendimento-fondi\/wp-json\/wp\/v2\/types\/post"}],"author":[{"embeddable":true,"href":"https:\/\/blog.ilgiornale.it\/rendimento-fondi\/wp-json\/wp\/v2\/users\/1122"}],"replies":[{"embeddable":true,"href":"https:\/\/blog.ilgiornale.it\/rendimento-fondi\/wp-json\/wp\/v2\/comments?post=307"}],"version-history":[{"count":1,"href":"https:\/\/blog.ilgiornale.it\/rendimento-fondi\/wp-json\/wp\/v2\/posts\/307\/revisions"}],"predecessor-version":[{"id":310,"href":"https:\/\/blog.ilgiornale.it\/rendimento-fondi\/wp-json\/wp\/v2\/posts\/307\/revisions\/310"}],"wp:attachment":[{"href":"https:\/\/blog.ilgiornale.it\/rendimento-fondi\/wp-json\/wp\/v2\/media?parent=307"}],"wp:term":[{"taxonomy":"category","embeddable":true,"href":"https:\/\/blog.ilgiornale.it\/rendimento-fondi\/wp-json\/wp\/v2\/categories?post=307"},{"taxonomy":"post_tag","embeddable":true,"href":"https:\/\/blog.ilgiornale.it\/rendimento-fondi\/wp-json\/wp\/v2\/tags?post=307"}],"curies":[{"name":"wp","href":"https:\/\/api.w.org\/{rel}","templated":true}]}}