{"id":1169,"date":"2018-07-09T18:18:29","date_gmt":"2018-07-09T16:18:29","guid":{"rendered":"https:\/\/blog.ilgiornale.it\/ricucci\/?p=1169"},"modified":"2018-07-09T18:54:39","modified_gmt":"2018-07-09T16:54:39","slug":"lunica-maglietta-rossa-che-riconosco-e-quella-dei-vigili-del-fuoco-i-simboli-che-muoiono-linefficacia-populista-e-la-follia-progressista","status":"publish","type":"post","link":"https:\/\/blog.ilgiornale.it\/ricucci\/2018\/07\/09\/lunica-maglietta-rossa-che-riconosco-e-quella-dei-vigili-del-fuoco-i-simboli-che-muoiono-linefficacia-populista-e-la-follia-progressista\/","title":{"rendered":"L\u2019unica maglietta rossa che riconosco \u00e8 quella dei Vigili del Fuoco. I simboli che muoiono, l\u2019inefficacia populista e la follia progressista"},"content":{"rendered":"<p><a href=\"https:\/\/blog.ilgiornale.it\/ricucci\/files\/2018\/07\/mirandola-vigili-del-fuoco-crocefisso-2.jpg\"><img loading=\"lazy\" class=\"alignleft size-medium wp-image-1170\" src=\"https:\/\/blog.ilgiornale.it\/ricucci\/files\/2018\/07\/mirandola-vigili-del-fuoco-crocefisso-2-300x225.jpg\" alt=\"mirandola vigili del fuoco crocefisso-2\" width=\"300\" height=\"225\" srcset=\"https:\/\/blog.ilgiornale.it\/ricucci\/files\/2018\/07\/mirandola-vigili-del-fuoco-crocefisso-2-300x225.jpg 300w, https:\/\/blog.ilgiornale.it\/ricucci\/files\/2018\/07\/mirandola-vigili-del-fuoco-crocefisso-2.jpg 1000w\" sizes=\"(max-width: 300px) 100vw, 300px\" \/><\/a>Un prodromo necessario per entrare nel tempio del buonsenso, le cui sfumature coglierete nel corso di queste righe. L&#8217;unica maglietta rossa che mi parla di vita, l&#8217;unica capace di proteggere il buono degli uomini, l&#8217;unica che pu\u00f2 fermare l&#8217;emorragia di umanit\u00e0 \u00e8 quella ritratta in questa foto (tratta da <a href=\"http:\/\/www.modenatoday.it\/\" target=\"_blank\"><strong><em>Modenatoday<\/em><\/strong><\/a>), quella dei Vigili del Fuoco.<\/p>\n<p>Guardate questa foto e chiedetevi ci\u00f2 che evoca. Ci\u00f2 che vi evoca. A cosa vi fa pensare se non a un senso continuo dell\u2019esistenza.<\/p>\n<p>Perch\u00e9 in queste poche lettere iniziali vi sia una riflessione, una provocazione, un invito a raccogliere i simboli e incarnarvi negli stessi.<\/p>\n<p>Simboli. Abbiamo impiegato secoli a riassumerci in un segnale, a costruire simboli che potessero parlare di noi, parlare per noi, giustificare la nostra esistenza, testimoniare ogni nostra battaglia, e poi, con la stupidit\u00e0 torrenziale di questo nostro tempo ingrato, delittuoso, voluttuoso, presuntuoso, c\u2019abbiamo messo giusto qualche anno a distruggerli, nel nome di un\u2019imprecisata ed evanescente motivazione egotistica.<\/p>\n<p>La rabbia sociale esplosa nell&#8217;era tecnica (iniziata con Monti, e proseguita fino a qualche mese fa), ha caricato di rabbia cieca questa nostra gente d&#8217;Italia. Ed \u00e8 risaputo che la rabbia soffoca la ragione. Ha sviluppato un populismo clitorideo, ovvero capace di generare ira e contrapposizione automatica al minimo sfioramento. Un orgasmo liberatorio che pesca, magari, anche nella giustezza di certi valori, riflessioni e comportamenti, ma lo fa per reazione involontaria, per antitesi a serramanico, non per un pieno e cosciente sviluppo del pensiero, di UN pensiero critico, &#8220;ideologico&#8221;, quindi strutturato e capace di poggiare su basi culturali, spirituali, visionarie, storiche, insomma identitarie, del populismo. Che pure ha un&#8217;immagine di mondo, ma \u00e8 totalmente basata sugli impulsi (popolari) del presente. Curioso, per\u00f2, \u00e8 che l&#8217;alternativa che viene richiesta per sopravvivere al mondo globale, multiculturale, sconfessato, polisessuale, etc., ovvero alla cavalcata del progressismo, non pu\u00f2 essere l&#8217;antitesi rabbiosa a ci\u00f2 che esso propone, tout court. Va bene che il livello di questo Paese, ormai, \u00e8 sceso in cantina, ma se i progressisti indossano una maglietta rossa per i migranti, Giorgia Meloni non pu\u00f2 indossare una maglietta azzurra per i poveri ed \u00e8 fatta la rivoluzione per like e acclamazione! \u00c8 troppo poco, non basta. Ovvio, direte voi. Non pu\u00f2 bastare a fornire una contrapposizione alternativa e reale che inverta la direzione di questo mondo fradicio e che si sta autosfracellando. Non basta, ma ora basta! Perch\u00e9, dalle &#8220;nostre parti&#8221; \u00e8 una continua lamentela, un continuo frignare disgrazia e necessit\u00e0 di cambiare le cose. E allora \u00e8 lecito chiedere un maggiore SFORZO per attuare una visione antitetica al progressismo, e alle sue componenti, oppure no?<\/p>\n<p>Se vogliono conviverci che i nostri figli in futuro non avranno sesso biologico, per combattere questa tesi, eccetto qualche bravo pensatore sempre escluso dal grande giro, dalla grande visibilit\u00e0, a cui in pochi danno ascolto, non possiamo prendere un bambino e tirargli gi\u00f9 le mutandine in prima pagina per dimostrare che un sesso ce l&#8217;ha eccome, e per natura. Occorre di pi\u00f9. Occorre, almeno, una bomba ideologica innescata culturalmente che comprenda ragionamenti spirituali, religiosi, che contrapponga il cristianesimo, inclinazioni e precetti d&#8217;identit\u00e0 antropologica, storica, di costume, che comprenda concetti pi\u00f9 alti come il pudore o il necessario senso della vita su ogni cosa, in ogni tempo. Bisogna estirpare certe piantacce infestanti, non basta strapparle dal terreno. Ricresceranno.<\/p>\n<p><strong>La societ\u00e0 di massa non vuole cultura, ma svago. Affermava Hanna Arendt.<\/strong><\/p>\n<p>Rosso contro blu. \u00c8 un esempio. Si parla per simboli. Che, per\u00f2, non riassumono pi\u00f9 in s\u00e9 una storia fondante, un movente e un linguaggio specifico, ma il massimo risultato tra \u201cmediaticit\u00e0\u201d e forza d&#8217;impatto su chi ascolta, nella volont\u00e0 di proliferare politicamente. Crescere, crescere, crescere!<br \/>\nIl populismo non ha intellettuali perch\u00e9 non servono. Chiunque in una fase rabbiosa pu\u00f3 ergersi a mente pensante, o meglio rispondente. Il populismo sostituisce gli intellettuali con i &#8220;rispondenti&#8221;, anzitutto per la volont\u00e0 di non portarsi dietro fardelli e viaggiare leggero, e quindi non in necessit\u00e0 di avere dei traduttori di significati, dei generatori di visioni, dei dotti della storia passata che codificano un&#8217;identit\u00e0 presente, creando legami virtuosi, che serve per giungere al futuro e fare una rivoluzione culturale, ci\u00f2 che gli intellettuali, i pensatori sono. Il populismo \u00e8 un cerotto su un&#8217;escoriazione rosso sanguine.<\/p>\n<p>Ma gli intellettuali non progressisti fermi non ci sanno stare. E nel proprio agire, assieme a menti pensanti, giornalisti, commentatori TV, non fanno altro che cadere nella trappola della sterilit\u00e0 imposta dalla compagine avversaria. Disinnescati, troppo spesso. Perpetrare il loop A &#8211; B. A pone un problema (magliette rosse, anagrafe antifascista di Stazzema, per citarne due), B risponde, anzich\u00e9 sforzarsi di rompere questo loop in cui \u00e8 incatenato e cercare una valida alternativa a questo sistema (e quindi ecco, la maglietta azzurra per i poveri, della Meloni, \u00e8 un fantomatico anagrafe anticomunista, in risposta a quello antifascista).<\/p>\n<p>Rompi il loop, romperai il muro di questo tempo dannato, che andrebbe distrutto solo a suon di bastonate, altro che\u2026<\/p>\n<p>(foto in evidenza, <a href=\"http:\/\/www.quartoelemento.tv\/2012\/06\/terremoto-a-mirandola-in-zona-rossa-i-pompieri-salvano-le-tombe-dei-pico\/\" target=\"_blank\"><em><strong>Quarto Elemento Tv<\/strong><\/em><\/a>)<\/p>\n","protected":false},"excerpt":{"rendered":"<p><p>Un prodromo necessario per entrare nel tempio del buonsenso, le cui sfumature coglierete nel corso di queste righe. L&#8217;unica maglietta rossa che mi parla di vita, l&#8217;unica capace di proteggere il buono degli uomini, l&#8217;unica che pu\u00f2 fermare l&#8217;emorragia di umanit\u00e0 \u00e8 quella ritratta in questa foto (tratta da Modenatoday), quella dei Vigili del Fuoco. Guardate questa foto e chiedetevi ci\u00f2 che evoca. Ci\u00f2 che vi evoca. A cosa vi fa pensare se non a un senso continuo dell\u2019esistenza. Perch\u00e9 in queste poche lettere iniziali vi sia una riflessione, una provocazione, un invito a raccogliere i simboli e incarnarvi negli [&hellip;]<\/p>\n&nbsp;&nbsp;<div class=\"readmore\"><a href=\"https:\/\/blog.ilgiornale.it\/ricucci\/2018\/07\/09\/lunica-maglietta-rossa-che-riconosco-e-quella-dei-vigili-del-fuoco-i-simboli-che-muoiono-linefficacia-populista-e-la-follia-progressista\/\">Continua a leggere...<\/a><\/div><\/p>","protected":false},"author":1066,"featured_media":1172,"comment_status":"open","ping_status":"closed","sticky":false,"template":"","format":"standard","meta":[],"categories":[79480],"tags":[244822,8214,51207,2699,53985,303840,303838,70880,35178,303837],"_links":{"self":[{"href":"https:\/\/blog.ilgiornale.it\/ricucci\/wp-json\/wp\/v2\/posts\/1169"}],"collection":[{"href":"https:\/\/blog.ilgiornale.it\/ricucci\/wp-json\/wp\/v2\/posts"}],"about":[{"href":"https:\/\/blog.ilgiornale.it\/ricucci\/wp-json\/wp\/v2\/types\/post"}],"author":[{"embeddable":true,"href":"https:\/\/blog.ilgiornale.it\/ricucci\/wp-json\/wp\/v2\/users\/1066"}],"replies":[{"embeddable":true,"href":"https:\/\/blog.ilgiornale.it\/ricucci\/wp-json\/wp\/v2\/comments?post=1169"}],"version-history":[{"count":5,"href":"https:\/\/blog.ilgiornale.it\/ricucci\/wp-json\/wp\/v2\/posts\/1169\/revisions"}],"predecessor-version":[{"id":1176,"href":"https:\/\/blog.ilgiornale.it\/ricucci\/wp-json\/wp\/v2\/posts\/1169\/revisions\/1176"}],"wp:featuredmedia":[{"embeddable":true,"href":"https:\/\/blog.ilgiornale.it\/ricucci\/wp-json\/wp\/v2\/media\/1172"}],"wp:attachment":[{"href":"https:\/\/blog.ilgiornale.it\/ricucci\/wp-json\/wp\/v2\/media?parent=1169"}],"wp:term":[{"taxonomy":"category","embeddable":true,"href":"https:\/\/blog.ilgiornale.it\/ricucci\/wp-json\/wp\/v2\/categories?post=1169"},{"taxonomy":"post_tag","embeddable":true,"href":"https:\/\/blog.ilgiornale.it\/ricucci\/wp-json\/wp\/v2\/tags?post=1169"}],"curies":[{"name":"wp","href":"https:\/\/api.w.org\/{rel}","templated":true}]}}