{"id":1201,"date":"2018-10-15T19:06:52","date_gmt":"2018-10-15T17:06:52","guid":{"rendered":"https:\/\/blog.ilgiornale.it\/ricucci\/?p=1201"},"modified":"2018-10-15T19:06:52","modified_gmt":"2018-10-15T17:06:52","slug":"evviva-il-capotreno-senza-biglietto-si-scende-scenda-dal-treno-chi-odia-litalia","status":"publish","type":"post","link":"https:\/\/blog.ilgiornale.it\/ricucci\/2018\/10\/15\/evviva-il-capotreno-senza-biglietto-si-scende-scenda-dal-treno-chi-odia-litalia\/","title":{"rendered":"Evviva il capotreno, senza biglietto si scende. Scenda dal treno chi odia l&#8217;Italia."},"content":{"rendered":"<p>Evviva il capotreno che ci ha ricordato che senza biglietto si scende dal treno. A scriverlo dieci anni fa, si rischiava d\u2019esser presi per sciocchi bacucchi. Scriverlo oggi, invece, \u00e8 perfettamente in linea col rincoglionimento generalizzato che infesta l\u2019anima comune. Uno sentimentalismo armato a targhe alterne: si piange a comando e solo per certe disgrazie di questo Paese.<\/p>\n<p>E allora senza biglietto si scende, come dalla tratta Villamassargia-Cagliari. Fermate il mondo giullaresco dell\u2019empatia, senza biglietto si scende. Chi l\u2019avrebbe mai detto che un capotreno nel pieno e regolare svolgimento delle proprie funzioni potesse diventare un Masaniello dei giorni nostri? Dietro alla capotreno che ha fatto scendere trenta\u00a0immigrati \u201cabusivi\u201d, non c\u2019\u00e8 solo una regola fatta applicare. Del resto, ne parla tutto il Paese. Ma come si pu\u00f2 invadere i social, i giornali, le giornate, parlando di un\u2019impiegata che ha solamente e col dovuto rigore svolto il proprio lavoro? Perch\u00e9 dietro c\u2019\u00e8 un\u2019evocazione che \u00e8 una disperata speranza lontana. A ricordare, simbolicamente, che senza biglietto si scende, con quel piglio, con quella decisione, nella frattura del sentimentalismo tiratissimo che si cela dietro a ogni volta che si pronuncia la parola \u201cmigrante\u201d, c\u2019\u00e8 la metafora di una vita prossima necessaria. Qualcuno, tramite una regola vecchia come l\u2019Italia ha riportato banalmente, fedelmente, logicamente, semplicemente, la realt\u00e0 al suo posto, riequilibrando, dopo settimane di poveri\u00a0immigrati a Riace, poveri\u00a0immigrati in Francia, poveri migrante in mare, poveri\u00a0immigrati\u00a0in Italia, i ruoli: che tu sia immigrato o italiano, da cinque minuti o cinquanta generazioni, vuoi stare sul treno? Devi pagare il biglietto, o scendi. E se vuoi, te lo dico anche in inglese.<\/p>\n<p>Senza l\u2019Unione Europea che approva la tua vita sovrana, si scende; senza un migrante in pole position nei diritti, si scende; senza la sinistra che esercita violenza mediatica o fisica nelle sue varie espressioni, da un manichino bruciato, al tweet di un giornalista che vorrebbe tutti i fascisti appesi a testa in gi\u00f9, nel 2018, o una bomba alla sede della Lega in Trentino, che rilascia patenti di civilt\u00e0, che orienta il gioco globale e culturale, si scende; gli italiani scendono sempre, pur avendo il biglietto: il diritto di ritrovarsi tali. E di aver fatto altre scelte alle urne oltre alla sinistra, oltre a questa gestione d\u2019Europa, oltre ogni <em>core grande<\/em> per tutti gli immigrati del mondo. Il biglietto della propria consistenza della consapevolezza della propria identit\u00e0 sballottata tra la decisione dell\u2019Impero e l\u2019assistenzialismo da reddito di cittadinanza, mentre pezzo per pezzo della nostra qualit\u00e0 industriale vola all&#8217;estero. Il biglietto che \u00e8 lo scotto da pagare per continuare a viaggiare, e viaggiare ancora nelle dimensioni del tempo, come italiani.<\/p>\n<p>E allora da quel treno arriva il contrario: senza biglietto scendete voi. Scenda la sinistra, scenda l\u2019Ue, scendano i gli immigrati. Scenda Mimmo Lucano, se non gli sta bene come stanno le cose, scenda Juncker con tutto il fiasco, scenda l\u2019Onu, secondo cui <a href=\"https:\/\/www.ilgiornale.it\/news\/politica\/ecco-lultima-teoria-dellonu-migranti-portano-sviluppo-1588438.html\" target=\"_blank\">i &#8220;migranti portano solo sviluppo<\/a>&#8220;, senza nessuna frattura sociale, con una &#8220;perfetta e geometrica integrazione&#8221;, scenda l\u2019antifascismo militante che predica amore e pratica odio. Scenda chi si sente nemico di questo Paese. Oggi fare il capotreno, il sorvegliante, controllore, o una figura simile su un treno \u00e8 diventato un incubo. Ci vuole una preparazione fisica e psicologica che forse nel Battaglione San Marco. Magari per non essere violentemente aggrediti. Del resto anche la decadenza si sposta e sceglie sempre il treno. Il capotreno, fante di confine, ultima trincea, soldato isolato, faccia a faccia con la decadenza, eroe moderno. Ma oltre alla sottile lama argentea della provocazione, scendere dal treno \u00e8 la metafora di ci\u00f2 che ci serve. Un brusco risveglio, un ritorno netto alle logiche annodate della realt\u00e0. In un\u2019Italia che delinque, perisce e rantola, fermate il mondo che voglio scendere. \u201cDai il buon\u00a0esempio<strong>\u00a0<\/strong>a tuo figlio, spiegagli che un servizio lo si deve\u00a0pagare. Non \u00e8 giusto, siete pi\u00f9 di 30 ragazzi. La gente paga per viaggiare, parliamo di tre euro di biglietti\u201d, afferma la capotreno, che ora verr\u00e0 impiccata all&#8217;albero dello scandalo, parlando con\u00a0quegli immigrati.<\/p>\n<p>Scendere ora dalla rivoluzione francese, dagli inti illimani con la birretta, dal pueblo unido in nome di un confine che ormai esiste solo a Risiko, nella perfetta ignoranza del fatto che la cura della propria casa non significa estromissione dal buon senso, dalla civilt\u00e0, dalla modernit\u00e0, o stare fuori dal circuito della tolleranza, ma semplice regola essenziale di vita intima, come la casa rappresenta, estensione della comunit\u00e0 e del sacrificio comune, e sociale, l\u2019ospite invece \u00e8 prolungamento del proprio desiderio, della propria dimensione. Senza biglietto si scende, si alzano le gambe spaparanzate sul sedile vuoto di fronte e si scende. Regole! Un disperato bisogno di regole!<\/p>\n<p>Semplici, metaforiche, care e vecchie regole. Ora che tutto \u00e8 relativo in base a un criterio democratico stabilito in dieci.<\/p>\n<p>Il biglietto (da pagare), metaforico, concreto e provocatorio, \u00e8 un confine oltre il quale non andare. Specie ora che lo svolgimento della realt\u00e0 \u00e8 divenuto un concetto teatrale, tutto \u00e8 soppesato per dividere e imperare come un\u2019idea culturale. Diventa &#8220;cultura&#8221; (e non nel nobile senso di una coltivazione che fa giungere all&#8217;elaborazione di un pensiero critico col quale riconoscersi e riconoscere il mondo), ogni cosa, dalla biologia, all&#8217;interpretazione della legge, dal razzismo sempre presunto ma schiacciante e in modalit\u00e0 on di continuo, alla difesa della propria abitazione dai ladri. Il confine che si sta cancellando lentamente non \u00e8 solo geografico.<br \/>\nRiesce a fare scalpore, nella societ\u00e0 del nonsenso, persino un uomo o una donna che svolge il proprio lavoro. E la realt\u00e0 \u00e8 da sbattere in faccia alla narrazione che l\u2019ha sostituita, una narrazione contaminata, ideologizzata, del tutto. Il tutto spirituale, politico e maggiormente culturale, ovvero capace di influenzare la propria coltivazione, la generazione del proprio pensiero critico, di quel salvifico angulus oraziano entro il quale rifugiarsi per costruirsi e vedere il mondo, da cui uscire solamente maturi.<\/p>\n<p>Lunga vita alla partita iva (con cui si muore) che ogni mattina nelle sue disgraziate tasche, conta gli spicci, precisi, come chicchi di grano, per pagare il biglietto del treno che lo porter\u00e0 al lavoro, a fatturare, s\u00ec, a crepare lentamente in una partita (iva) che se non cambia, perder\u00e0 contro una percentuale.<\/p>\n<p>Ich bin ein capotreno!<\/p>\n","protected":false},"excerpt":{"rendered":"<p><p>Evviva il capotreno che ci ha ricordato che senza biglietto si scende dal treno. A scriverlo dieci anni fa, si rischiava d\u2019esser presi per sciocchi bacucchi. Scriverlo oggi, invece, \u00e8 perfettamente in linea col rincoglionimento generalizzato che infesta l\u2019anima comune. Uno sentimentalismo armato a targhe alterne: si piange a comando e solo per certe disgrazie di questo Paese. E allora senza biglietto si scende, come dalla tratta Villamassargia-Cagliari. Fermate il mondo giullaresco dell\u2019empatia, senza biglietto si scende. Chi l\u2019avrebbe mai detto che un capotreno nel pieno e regolare svolgimento delle proprie funzioni potesse diventare un Masaniello dei giorni nostri? Dietro [&hellip;]<\/p>\n&nbsp;&nbsp;<div class=\"readmore\"><a href=\"https:\/\/blog.ilgiornale.it\/ricucci\/2018\/10\/15\/evviva-il-capotreno-senza-biglietto-si-scende-scenda-dal-treno-chi-odia-litalia\/\">Continua a leggere...<\/a><\/div><\/p>","protected":false},"author":1066,"featured_media":1202,"comment_status":"open","ping_status":"closed","sticky":false,"template":"","format":"standard","meta":[],"categories":[79480],"tags":[139231,54752,66950,374],"_links":{"self":[{"href":"https:\/\/blog.ilgiornale.it\/ricucci\/wp-json\/wp\/v2\/posts\/1201"}],"collection":[{"href":"https:\/\/blog.ilgiornale.it\/ricucci\/wp-json\/wp\/v2\/posts"}],"about":[{"href":"https:\/\/blog.ilgiornale.it\/ricucci\/wp-json\/wp\/v2\/types\/post"}],"author":[{"embeddable":true,"href":"https:\/\/blog.ilgiornale.it\/ricucci\/wp-json\/wp\/v2\/users\/1066"}],"replies":[{"embeddable":true,"href":"https:\/\/blog.ilgiornale.it\/ricucci\/wp-json\/wp\/v2\/comments?post=1201"}],"version-history":[{"count":1,"href":"https:\/\/blog.ilgiornale.it\/ricucci\/wp-json\/wp\/v2\/posts\/1201\/revisions"}],"predecessor-version":[{"id":1203,"href":"https:\/\/blog.ilgiornale.it\/ricucci\/wp-json\/wp\/v2\/posts\/1201\/revisions\/1203"}],"wp:featuredmedia":[{"embeddable":true,"href":"https:\/\/blog.ilgiornale.it\/ricucci\/wp-json\/wp\/v2\/media\/1202"}],"wp:attachment":[{"href":"https:\/\/blog.ilgiornale.it\/ricucci\/wp-json\/wp\/v2\/media?parent=1201"}],"wp:term":[{"taxonomy":"category","embeddable":true,"href":"https:\/\/blog.ilgiornale.it\/ricucci\/wp-json\/wp\/v2\/categories?post=1201"},{"taxonomy":"post_tag","embeddable":true,"href":"https:\/\/blog.ilgiornale.it\/ricucci\/wp-json\/wp\/v2\/tags?post=1201"}],"curies":[{"name":"wp","href":"https:\/\/api.w.org\/{rel}","templated":true}]}}