{"id":1464,"date":"2021-04-21T08:57:23","date_gmt":"2021-04-21T06:57:23","guid":{"rendered":"https:\/\/blog.ilgiornale.it\/ricucci\/?p=1464"},"modified":"2021-04-21T08:57:23","modified_gmt":"2021-04-21T06:57:23","slug":"il-coprifuoco-non-va-esteso-va-estinto-basta-con-questa-gratuita-umiliazione","status":"publish","type":"post","link":"https:\/\/blog.ilgiornale.it\/ricucci\/2021\/04\/21\/il-coprifuoco-non-va-esteso-va-estinto-basta-con-questa-gratuita-umiliazione\/","title":{"rendered":"Il coprifuoco non va esteso, va estinto. Basta con questa gratuita umiliazione"},"content":{"rendered":"<p>Sereni e festanti, governanti: la rivoluzione dell\u2019Amaro non ci sar\u00e0.<\/p>\n<p>Il coprifuoco \u00e8 una perversione autoritaria.<br \/>\nIl coprifuoco \u00e8 un atto di brutale gratuit\u00e0.<br \/>\nIl coprifuoco, alle attuali condizioni, \u00e8 un&#8217;offesa all&#8217;intelligenza comune che, a differenza di altre restrizioni e riaperture, si perpetua in silenzio, meccanicamente, automaticamente.<br \/>\nIl coprifuoco, oggi, non ha pi\u00f9 giustificazione.<br \/>\nIl coprifuoco NON va esteso alle 23.00, va estinto. Eliminato.<\/p>\n<p>Non \u00e8 la vita a essere un crimine, impedire a una persona turbata, insonne per la chiusura della propria attivit\u00e0, disperata, di mettere a letto i figli e andarsi a sfogare camminando nella notte \u00e8 un crimine.<\/p>\n<p>La movida, spesso, \u00e8 negli occhi di chi guarda.<\/p>\n<p>Se, come \u00e8 stato dimostrato, <a href=\"https:\/\/www.repubblica.it\/salute\/2021\/01\/07\/news\/covid_la_missione_impossibile_del_virus_difficile_contagiarsi_all_aperto-281517727\/\">all&#8217;aperto \u00e8 estremamente difficile contagiarsi<\/a>, se il virus rallenta fortemente la sua corsa in estate, se lo scorso anno, senza vaccini, n\u00e9 certezze sulle cure domiciliari, nel caos e nella paura di una primissima ondata di una nuova malattia presa in pieno sui denti, non c&#8217;era obbligo estivo di indossare la mascherina all&#8217;aperto e il coprifuoco NON esisteva, perch\u00e9 mai dovremmo prolungarne l\u2019esistenza? Conosciamo la bestia, abbiamo una campagna vaccinale in corso, seppur flemmatica, nutriamo certezze sulle cure domiciliari e, soprattutto, abbiamo notato vagamente che l&#8217;infinito pandemico non si interrompe con i lockdown, n\u00e9 che il coprifuoco serva concretamente ad estirpare alcunch\u00e9, poich\u00e9 non esiste certezza scientifica a dimostrarne i benefici e anzi possiamo prevedere la brutalit\u00e0 della sua pratica costante nell\u2019alimentare l&#8217;opprimente sindrome della capanna, il senso di isolamento, l&#8217;angoscia della sera.<\/p>\n<p>Estendere il coprifuoco, significa arredare il ghetto. Arredare il ghetto \u00e8 un abominio, \u00e8 la sconfitta, il tracollo definitivo della dignit\u00e0. Abituarsi alla limitazione e l\u00ec prosperare, come coli fecali, estendersi nella restrizione, \u00e8 un ossimoro mortale. Rischieremo, cos\u00ec, di confondere i muri delle nostre case per i confini del mondo, i limiti territoriali per quelli del regno della democrazia, i metri casalinghi della nostra detenzione per la pi\u00f9 grande quantit\u00e0 di libert\u00e0 possibile, estinguendo, nella rinuncia, la percezione estensiva, nel corpo e nello spirito, di noi stessi, riverenti a un senso di responsabilit\u00e0 perverso che non spetta solamente a noi.<\/p>\n<p>Davvero si pensa che il coprifuoco serva a frenare la movida? Dopo un anno di arresti domiciliari, umiliazioni, di devastazione psicologica ed economica, viene da dubitare sulla pazza gioia degli italiani al bar, in discoteca o al mare di notte. La rivoluzione dell&#8217;Amaro del Capo non avverr\u00e0. La parola movida ne contiene un&#8217;altra pressoch\u00e9 estinta: vida, vita, quella che \u00e8 stata resa a tratti un&#8217;eccezione, a tratti un crimine.<\/p>\n<p>\u00c8 lecito il dubbio rabbioso. Quanto \u00e8 rimasto di &#8220;sanitario&#8221; nell\u2019indirizzare la gestione popolare di questa pandemia e quanto, ormai, volge alla speculazione politica? A tratti pare che non sia il virus a disturbare noi, ma noi a disturbare il virus; a tratti pare che tutto il complesso castello di fregnacce messo in atto per restringere, non sia necessario per la nostra salute ma per evitare il fallimento di alcuni agli occhi della storia; a tratti pare, e le parole del <a href=\"https:\/\/www.iltempo.it\/politica\/2021\/04\/12\/news\/sinistra-egemonia-culturale-pandemia-roberto-speranza-corradino-mineo-padroni-dipendenti-covid-contanti-26861323\/\">ministro Speranza sull&#8217;egemonia culturale della sinistra <\/a>lo confermano, che il coprifuoco non si elimini, n\u00e9 si modelli per non regalare un assist a Salvini o che determinati atteggiamenti non vengano assunti per non confermare la crescita del gradimento delle destre. Nel consenso si cresce, nel consenso si uccide. Porteranno gli italiani alle urne. Cinerarie. Se cos\u00ec fosse, molti dovranno fuggire, nottetempo, senza farsi notare da nessuno. 8 settembre eterno.<\/p>\n<p>Gli italiani non sono un popolo di rivoluzionari, raramente di rivoltosi. La geniale sensibilit\u00e0 di alcuni grandi, da Prezzolini a Flaiano, testimonia che, se verr\u00e0 tirata ancora la corda, gli italiani attueranno ci\u00f2 che gli riesce meglio: fare il cazzo che gli pare, ordinati, silenziosi, furbi. Sempre. E l\u00ec scatter\u00e0 la rivoluzione degli amari per davvero. Dei c***i amari, specie di chi oggi si discolpa da tutto per l&#8217;incapacit\u00e0 di assumersi le proprie responsabilit\u00e0.<\/p>\n<p>A ogni livello, con ci\u00f2 che possiamo, con ci\u00f2 che riusciamo, non assecondiamo l&#8217;idiozia e rinnoviamo la protesta: #NoestensioneSIestinzionedelcoprifuoco. Prima che salti il coperchio e rimanga solo il fuoco.<\/p>\n","protected":false},"excerpt":{"rendered":"<p><p>Sereni e festanti, governanti: la rivoluzione dell\u2019Amaro non ci sar\u00e0. Il coprifuoco \u00e8 una perversione autoritaria. Il coprifuoco \u00e8 un atto di brutale gratuit\u00e0. Il coprifuoco, alle attuali condizioni, \u00e8 un&#8217;offesa all&#8217;intelligenza comune che, a differenza di altre restrizioni e riaperture, si perpetua in silenzio, meccanicamente, automaticamente. Il coprifuoco, oggi, non ha pi\u00f9 giustificazione. Il coprifuoco NON va esteso alle 23.00, va estinto. Eliminato. Non \u00e8 la vita a essere un crimine, impedire a una persona turbata, insonne per la chiusura della propria attivit\u00e0, disperata, di mettere a letto i figli e andarsi a sfogare camminando nella notte \u00e8 un [&hellip;]<\/p>\n&nbsp;&nbsp;<div class=\"readmore\"><a href=\"https:\/\/blog.ilgiornale.it\/ricucci\/2021\/04\/21\/il-coprifuoco-non-va-esteso-va-estinto-basta-con-questa-gratuita-umiliazione\/\">Continua a leggere...<\/a><\/div><\/p>","protected":false},"author":1066,"featured_media":1465,"comment_status":"open","ping_status":"closed","sticky":false,"template":"","format":"standard","meta":[],"categories":[79480],"tags":[408858,408857,408856,411595,387511,391230,6931,750,244822,820,2699,395725,17143,408859,409696,14476],"_links":{"self":[{"href":"https:\/\/blog.ilgiornale.it\/ricucci\/wp-json\/wp\/v2\/posts\/1464"}],"collection":[{"href":"https:\/\/blog.ilgiornale.it\/ricucci\/wp-json\/wp\/v2\/posts"}],"about":[{"href":"https:\/\/blog.ilgiornale.it\/ricucci\/wp-json\/wp\/v2\/types\/post"}],"author":[{"embeddable":true,"href":"https:\/\/blog.ilgiornale.it\/ricucci\/wp-json\/wp\/v2\/users\/1066"}],"replies":[{"embeddable":true,"href":"https:\/\/blog.ilgiornale.it\/ricucci\/wp-json\/wp\/v2\/comments?post=1464"}],"version-history":[{"count":1,"href":"https:\/\/blog.ilgiornale.it\/ricucci\/wp-json\/wp\/v2\/posts\/1464\/revisions"}],"predecessor-version":[{"id":1466,"href":"https:\/\/blog.ilgiornale.it\/ricucci\/wp-json\/wp\/v2\/posts\/1464\/revisions\/1466"}],"wp:featuredmedia":[{"embeddable":true,"href":"https:\/\/blog.ilgiornale.it\/ricucci\/wp-json\/wp\/v2\/media\/1465"}],"wp:attachment":[{"href":"https:\/\/blog.ilgiornale.it\/ricucci\/wp-json\/wp\/v2\/media?parent=1464"}],"wp:term":[{"taxonomy":"category","embeddable":true,"href":"https:\/\/blog.ilgiornale.it\/ricucci\/wp-json\/wp\/v2\/categories?post=1464"},{"taxonomy":"post_tag","embeddable":true,"href":"https:\/\/blog.ilgiornale.it\/ricucci\/wp-json\/wp\/v2\/tags?post=1464"}],"curies":[{"name":"wp","href":"https:\/\/api.w.org\/{rel}","templated":true}]}}