{"id":1473,"date":"2022-06-29T08:30:15","date_gmt":"2022-06-29T06:30:15","guid":{"rendered":"https:\/\/blog.ilgiornale.it\/ricucci\/?p=1473"},"modified":"2022-06-29T08:30:15","modified_gmt":"2022-06-29T06:30:15","slug":"sullaborto-sulla-vita-e-su-unepoca-che-andrebbe-accarezzata-con-lascia","status":"publish","type":"post","link":"https:\/\/blog.ilgiornale.it\/ricucci\/2022\/06\/29\/sullaborto-sulla-vita-e-su-unepoca-che-andrebbe-accarezzata-con-lascia\/","title":{"rendered":"Dagli Usa, a noi. Sull&#8217;aborto, sulla vita e su un&#8217;epoca che andrebbe accarezzata con l&#8217;ascia"},"content":{"rendered":"<div dir=\"auto\">Attendiamo il momento in cui la supercazzola progressista arrivi a girare quella frittata su tutte, la pi\u00f9 pesante e impiastricciata, quando il diritto non sar\u00e0 ad abortire, ma a fare dei figli. Perch\u00e9 il vero problema \u00e8 che qui i figli non vuole farli pi\u00f9 nessuno. Un tempo povero, misero, egoista, che ritiene di poter giocare a fare Dio.<\/div>\n<div dir=\"auto\">Un invito ad assumersi le proprie responsabilit\u00e0 in un mondo che vuole discolparsi da tutto. Dietro lo scudo dei diritti da tutelare, delle libert\u00e0 da garantire c\u2019\u00e8 il terrore di essere pienamente uomini e donne, di portare a compimento, nel caos odierno, la propria virilit\u00e0, la propria femminilit\u00e0, la riconferma di contenere la vita, di essere vita. E il coraggio, pensate un po\u2019, di darlo per scontato, mettendo in discussione non le basi, ma cercando di capire come conciliare la famiglia con la modernit\u00e0 che di essa, vuole fare semplicemente a meno. Saremo medievali? Allora s\u00ec, meglio essere dei medievali ancora legati alla vita come LOGICA continuit\u00e0. Il medioevo partoriva. In tutti i sensi. Figli, civilt\u00e0, Bellezza. E quell\u2019humanitas, greca, romana, che nel tempo, parlando con Giovanni Reale, si evolve nel Cristianesimo, e poi nell\u2019Umanesimo, fino a trasformarsi nel Rinascimento, \u00e8 il freno supremo alla nostra volont\u00e0 di autoannullarci.<\/div>\n<div dir=\"auto\"><\/div>\n<div dir=\"auto\">Perch\u00e9 l\u2019imposizione egemonica avr\u00e0 talmente slacciato la propria intimit\u00e0 da una concezione vitale e vitalistica dell\u2019universo,\u00a0 spirituale e biologica, per cui fare figli non sar\u00e0 pi\u00f9 necessario, n\u00e9, in qualche forma, \u201cobbligo morale\u201d di partecipazione al tempo e al divenire, di realizzazione, di continuit\u00e0. Meglio l\u2019illusione della partecipazione globale che vince oggi. Al limite si potr\u00e0 fondere tutti e due, nel prossimo avvenire: faccio un figlio e lo posto su Facebook come scudo di una povert\u00e0 arrembante. \u201cGuarda ho un figlio e ho fame\u201d. Figli come ricatto. E come vedete, il futuro \u00e8 gi\u00e0 presente. Perch\u00e9 le unit\u00e0 sociali, che un tempo si chiamavano famiglia, saranno perfette slegate da Dio, da un vincolo morale, da un patto culturale, da un matrimonio, da figli da crescere, da ruoli da condurre, da un passato ingombrante; meglio sole e sempre precarie, carne da macello del consumo all\u2019eccesso, all\u2019ingrasso. Zitto e replica.<\/div>\n","protected":false},"excerpt":{"rendered":"<p><p>Attendiamo il momento in cui la supercazzola progressista arrivi a girare quella frittata su tutte, la pi\u00f9 pesante e impiastricciata, quando il diritto non sar\u00e0 ad abortire, ma a fare dei figli. Perch\u00e9 il vero problema \u00e8 che qui i figli non vuole farli pi\u00f9 nessuno. Un tempo povero, misero, egoista, che ritiene di poter giocare a fare Dio. Un invito ad assumersi le proprie responsabilit\u00e0 in un mondo che vuole discolparsi da tutto. Dietro lo scudo dei diritti da tutelare, delle libert\u00e0 da garantire c\u2019\u00e8 il terrore di essere pienamente uomini e donne, di portare a compimento, nel caos [&hellip;]<\/p>\n&nbsp;&nbsp;<div class=\"readmore\"><a href=\"https:\/\/blog.ilgiornale.it\/ricucci\/2022\/06\/29\/sullaborto-sulla-vita-e-su-unepoca-che-andrebbe-accarezzata-con-lascia\/\">Continua a leggere...<\/a><\/div><\/p>","protected":false},"author":1066,"featured_media":1474,"comment_status":"open","ping_status":"closed","sticky":false,"template":"","format":"standard","meta":[],"categories":[79480],"tags":[29365,425725,244822,2699,206,85,8991],"_links":{"self":[{"href":"https:\/\/blog.ilgiornale.it\/ricucci\/wp-json\/wp\/v2\/posts\/1473"}],"collection":[{"href":"https:\/\/blog.ilgiornale.it\/ricucci\/wp-json\/wp\/v2\/posts"}],"about":[{"href":"https:\/\/blog.ilgiornale.it\/ricucci\/wp-json\/wp\/v2\/types\/post"}],"author":[{"embeddable":true,"href":"https:\/\/blog.ilgiornale.it\/ricucci\/wp-json\/wp\/v2\/users\/1066"}],"replies":[{"embeddable":true,"href":"https:\/\/blog.ilgiornale.it\/ricucci\/wp-json\/wp\/v2\/comments?post=1473"}],"version-history":[{"count":1,"href":"https:\/\/blog.ilgiornale.it\/ricucci\/wp-json\/wp\/v2\/posts\/1473\/revisions"}],"predecessor-version":[{"id":1475,"href":"https:\/\/blog.ilgiornale.it\/ricucci\/wp-json\/wp\/v2\/posts\/1473\/revisions\/1475"}],"wp:featuredmedia":[{"embeddable":true,"href":"https:\/\/blog.ilgiornale.it\/ricucci\/wp-json\/wp\/v2\/media\/1474"}],"wp:attachment":[{"href":"https:\/\/blog.ilgiornale.it\/ricucci\/wp-json\/wp\/v2\/media?parent=1473"}],"wp:term":[{"taxonomy":"category","embeddable":true,"href":"https:\/\/blog.ilgiornale.it\/ricucci\/wp-json\/wp\/v2\/categories?post=1473"},{"taxonomy":"post_tag","embeddable":true,"href":"https:\/\/blog.ilgiornale.it\/ricucci\/wp-json\/wp\/v2\/tags?post=1473"}],"curies":[{"name":"wp","href":"https:\/\/api.w.org\/{rel}","templated":true}]}}