{"id":283,"date":"2015-11-23T12:44:12","date_gmt":"2015-11-23T11:44:12","guid":{"rendered":"https:\/\/blog.ilgiornale.it\/ricucci\/?p=283"},"modified":"2015-11-23T14:08:04","modified_gmt":"2015-11-23T13:08:04","slug":"terroristi-o-turisti-per-caso","status":"publish","type":"post","link":"https:\/\/blog.ilgiornale.it\/ricucci\/2015\/11\/23\/terroristi-o-turisti-per-caso\/","title":{"rendered":"Terroristi in fuga o turisti per caso?"},"content":{"rendered":"<p><span style=\"text-decoration: underline\"><a href=\"https:\/\/blog.ilgiornale.it\/ricucci\/files\/2015\/11\/Blindmans-Bluff-011.jpg\"><img loading=\"lazy\" class=\" size-medium wp-image-284 alignleft\" src=\"https:\/\/blog.ilgiornale.it\/ricucci\/files\/2015\/11\/Blindmans-Bluff-011-300x180.jpg\" alt=\"Blindman's Bluff\" width=\"300\" height=\"180\" srcset=\"https:\/\/blog.ilgiornale.it\/ricucci\/files\/2015\/11\/Blindmans-Bluff-011-300x180.jpg 300w, https:\/\/blog.ilgiornale.it\/ricucci\/files\/2015\/11\/Blindmans-Bluff-011.jpg 620w\" sizes=\"(max-width: 300px) 100vw, 300px\" \/><\/a><\/span><\/p>\n<p>Dagli stoici trecento di Leonida capaci di rallentare\u00a0i Persiani, alla Lega Santa capace di fermare l&#8217;impero turco fino ai posti di blocco europei\u00a0che non\u00a0riescono ad arrestare, in tutti i sensi, la fuga di un terrorista in auto.<\/p>\n<p>Ora, ma ci state prendendo in canzonella? Veramente signori.\u00a0 Fintanto che scherziamo davanti ad un mojito sull\u2019esito di Inter-Frosinone, ci si pu\u00f2 anche stare, con tutto rispetto dei leoni gialloblu. Ma quando si tratta di individuare e bloccare un pugno di mosche armate e pericolosissime c\u2019\u00e8 molto poco da ridere, un po\u2019 come sulle dichiarazioni ufficiali, nei giorni del terrore, del presidente Renzi.\u00a0Dunque Facebook ce l\u2019hanno spento e del resto anche Twitter, sicuramente hanno la batteria a terra, altrimenti li avrebbero gi\u00e0 presi, strapresi e processati; d\u2019altronde nessuno li pu\u00f2 taggare o magari, loro, non possono registrarsi durante la fuga: \u201cSalah ha detto che era con altri 16 amici terroristi a Bruxelles\u201d o che ne so, a Bangkok. S\u00ec a Bangkok o a Singapore o magari a New York, perch\u00e9 quella \u00e8 la fine invereconda che stiamo facendo e che, continuando cos\u00ec, loro faranno. Intanto per\u00f2 Hollande sta inviando una portaerei, scortata da due fregate, nel mediterraneo orientale, Alfano fa partire il piano di sicurezza straordinario per il Giubileo ed il resto dei governi europei sta cercando di mettersi in contatto con Batman, ma al momento non risponde.<\/p>\n<p>Turisti per caso pi\u00f9 che terroristi in fuga. Ma ci state coglionando? Noi dobbiamo sorbirci papponi galattici su ogni canale televisivo d\u2019occidente, iniezioni d\u2019ansia, ogni singolo e falso allarme bomba, meteorite, sbroccata armata di ak 47 e qualcuno <strong>sta giocando a nascondino con dei poveri figli di puttana che, drogati fino al midollo, uccidono indiscriminatamente chiunque trovino innanzi, e non per ragioni spirituali n\u00e9 per questioni politiche o razionali.<\/strong><\/p>\n<p>Ora Salah Abdeslam \u00e8 a Liegi e ieri a Bruxelles, ma all\u2019inizio, pi\u00f9 di sette giorni fa, era forse al confine con l\u2019Italia, nei pressi del Piemonte. Ma cos\u2019\u00e8 un conferenziere o un terrorista e soprattutto \u00e8 mai possibile che, alle porte della guerra con i droni, dei soldati robotici, dei bombardamenti intercontinentali, delle testate nucleari potenziate, dei laser sparati dallo spazio siderale da un satellite, un maledetto fuggiasco o un gruppo di bestie armate, non riesca ad essere prontamente acciuffato e relegato in una stanzetta di due metri per due vita natural durante?<\/p>\n<p>Perch\u00e9 la sicurezza si nutre di questioni basilari e semplici che poi si strutturano su piani dettagliati, dispiegamenti di forze, operazioni di intelligence. Quello che terrorizza, fin dall&#8217;esodo di decine di migliaia di immigrati in terra europea o dai fatti immediatamente successivi al primo attentato\u00a0a Charlie Hebdo, oltre la possibilit\u00e0 di altri attacchi totalmente fuori controllo, \u00e8 l\u2019ambiguit\u00e0, l\u2019improvvisazione, quasi il senso di inadeguatezza di questa Europa, neanche lontano ricordo di quella che fu la culla della civilt\u00e0 occidentale, che non riesce neanche a fermare un folle criminale il quale, nel frattempo, pare aver cambiato gi\u00e0 due auto per facilitarsi la fuga, figuriamoci a vincere il terrorismo o le sfide della modernit\u00e0. Del progresso.<\/p>\n<p>Roba da matti, anzi, da europei&#8230;<\/p>\n","protected":false},"excerpt":{"rendered":"<p><p>Dagli stoici trecento di Leonida capaci di rallentare\u00a0i Persiani, alla Lega Santa capace di fermare l&#8217;impero turco fino ai posti di blocco europei\u00a0che non\u00a0riescono ad arrestare, in tutti i sensi, la fuga di un terrorista in auto. Ora, ma ci state prendendo in canzonella? Veramente signori.\u00a0 Fintanto che scherziamo davanti ad un mojito sull\u2019esito di Inter-Frosinone, ci si pu\u00f2 anche stare, con tutto rispetto dei leoni gialloblu. Ma quando si tratta di individuare e bloccare un pugno di mosche armate e pericolosissime c\u2019\u00e8 molto poco da ridere, un po\u2019 come sulle dichiarazioni ufficiali, nei giorni del terrore, del presidente Renzi.\u00a0Dunque [&hellip;]<\/p>\n&nbsp;&nbsp;<div class=\"readmore\"><a href=\"https:\/\/blog.ilgiornale.it\/ricucci\/2015\/11\/23\/terroristi-o-turisti-per-caso\/\">Continua a leggere...<\/a><\/div><\/p>","protected":false},"author":1066,"featured_media":0,"comment_status":"open","ping_status":"closed","sticky":false,"template":"","format":"standard","meta":[],"categories":[335],"tags":[42,99772,53,59955],"_links":{"self":[{"href":"https:\/\/blog.ilgiornale.it\/ricucci\/wp-json\/wp\/v2\/posts\/283"}],"collection":[{"href":"https:\/\/blog.ilgiornale.it\/ricucci\/wp-json\/wp\/v2\/posts"}],"about":[{"href":"https:\/\/blog.ilgiornale.it\/ricucci\/wp-json\/wp\/v2\/types\/post"}],"author":[{"embeddable":true,"href":"https:\/\/blog.ilgiornale.it\/ricucci\/wp-json\/wp\/v2\/users\/1066"}],"replies":[{"embeddable":true,"href":"https:\/\/blog.ilgiornale.it\/ricucci\/wp-json\/wp\/v2\/comments?post=283"}],"version-history":[{"count":5,"href":"https:\/\/blog.ilgiornale.it\/ricucci\/wp-json\/wp\/v2\/posts\/283\/revisions"}],"predecessor-version":[{"id":289,"href":"https:\/\/blog.ilgiornale.it\/ricucci\/wp-json\/wp\/v2\/posts\/283\/revisions\/289"}],"wp:attachment":[{"href":"https:\/\/blog.ilgiornale.it\/ricucci\/wp-json\/wp\/v2\/media?parent=283"}],"wp:term":[{"taxonomy":"category","embeddable":true,"href":"https:\/\/blog.ilgiornale.it\/ricucci\/wp-json\/wp\/v2\/categories?post=283"},{"taxonomy":"post_tag","embeddable":true,"href":"https:\/\/blog.ilgiornale.it\/ricucci\/wp-json\/wp\/v2\/tags?post=283"}],"curies":[{"name":"wp","href":"https:\/\/api.w.org\/{rel}","templated":true}]}}