{"id":190,"date":"2014-08-12T09:51:31","date_gmt":"2014-08-12T09:51:31","guid":{"rendered":"https:\/\/blog.ilgiornale.it\/rossi\/?p=190"},"modified":"2015-01-30T09:53:58","modified_gmt":"2015-01-30T09:53:58","slug":"ucraina-la-doppia-anima-dellamerica-di-obama","status":"publish","type":"post","link":"https:\/\/blog.ilgiornale.it\/rossi\/2014\/08\/12\/ucraina-la-doppia-anima-dellamerica-di-obama\/","title":{"rendered":"Ucraina: la doppia anima dell&#8217;America di Obama"},"content":{"rendered":"<p style=\"text-align: justify\"><a href=\"https:\/\/blog.ilgiornale.it\/rossi\/files\/2014\/08\/U.S.-Vice-President-Joe-Biden-R-points-to-some-faces-in-the-crowd-with-his-son-Hunter-as-they-walk-down-Pennsylvania-Avenue-following-the-inauguration-ceremony-of-President-Barack-Obama-in-Washington-January-20-2009.-REUTERSCarlos-Barria.jpg\"><img loading=\"lazy\" class=\"alignleft size-medium wp-image-194\" src=\"https:\/\/blog.ilgiornale.it\/rossi\/files\/2014\/08\/U.S.-Vice-President-Joe-Biden-R-points-to-some-faces-in-the-crowd-with-his-son-Hunter-as-they-walk-down-Pennsylvania-Avenue-following-the-inauguration-ceremony-of-President-Barack-Obama-in-Washington-January-20-2009.-REUTERSCarlos-Barria-300x211.jpg\" alt=\"\" width=\"300\" height=\"211\" srcset=\"https:\/\/blog.ilgiornale.it\/rossi\/files\/2014\/08\/U.S.-Vice-President-Joe-Biden-R-points-to-some-faces-in-the-crowd-with-his-son-Hunter-as-they-walk-down-Pennsylvania-Avenue-following-the-inauguration-ceremony-of-President-Barack-Obama-in-Washington-January-20-2009.-REUTERSCarlos-Barria-300x211.jpg 300w, https:\/\/blog.ilgiornale.it\/rossi\/files\/2014\/08\/U.S.-Vice-President-Joe-Biden-R-points-to-some-faces-in-the-crowd-with-his-son-Hunter-as-they-walk-down-Pennsylvania-Avenue-following-the-inauguration-ceremony-of-President-Barack-Obama-in-Washington-January-20-2009.-REUTERSCarlos-Barria.jpg 770w\" sizes=\"(max-width: 300px) 100vw, 300px\" \/><\/a>\u00c8 il 9 Marzo 2011: il vicepresidente americano Joe Biden visita Mosca, tappa del suo tour europeo. La sera, durante il ricevimento al Cremlino, si avvicina a Putin e gli sussurra <em>\u201csignor Presidente, io la sto guardando negli occhi e penso che lei non abbia un\u2019anima\u201d<\/em>. Putin gli sorride e risponde: <em>\u201cIo e lei ci capiamo\u201d.\u2028<\/em><br \/>\nLa storia l\u2019ha raccontata lo stesso Joe Biden in un lunghissimo profilo biografico che Evan Osnos <a href=\"http:\/\/www.newyorker.com\/magazine\/2014\/07\/28\/biden-agenda\">gli ha dedicato su The New Yorker<\/a>, la prestigiosa rivista liberal americana.<br \/>\nL\u2019uomo che gestisce alcuni dei dossier pi\u00f9 importanti della politica estera di Obama (tra cui quello ucraino) e che qualcuno ha definito \u201cil pi\u00f9 influente vicepresidente\u201d della storia americana, non ha mai nascosto il suo disprezzo nei confronti del leader russo.<br \/>\nJoe Biden fu affiancato a Obama nel 2008 proprio per coprirlo sul lato della politica estera, dove il candidato democratico sembrava pi\u00f9 fragile e inesperto; \u00e8 lui che fin dall\u2019inizio ha seguito la crisi in Ucraina; ed \u00e8 lui, non Obama, che nei giorni drammatici di piazza Maidan nel febbraio 2014, ha parlato al telefono per nove volte con l\u2019ex presidente Yanukovich esortandolo ad una mediazione con i rivoltosi. E quando Yanukovich \u00e8 fuggito, l\u2019Ucraina \u00e8 precipitata nel caos e Mosca ha annesso la Crimea a difesa della maggioranza russofona, il giorno di Pasqua Biden \u00e8 salito sull\u2019Air Force Two (il Boeing 757 attrezzato per i viaggi di vicepresidenti e segretari di Stato) ed \u00e8 volato a Kiev per <em>\u201crassicurare il fragile governo ucraino\u201d<\/em> e scoraggiare Putin da eventuali desideri di espansione; perch\u00e9, come lui stesso ricorda: <em>\u201cIl presidente Obama mi manda nei luoghi dove lui non vuole andare\u201d<\/em>.\u2028 Biden si \u00e8 incontrato con gli esponenti dell\u2019insurrezione filo-occidentale, ha selezionato il futuro presidente ucraino Poroshenko tra i diversi candidati e ha promesso aiuti ed assistenza nel settore energetico. Obiettivo: liberare l\u2019Ucraina dalla dipendenza economica dalla Russia.<br \/>\nDetto fatto, poche settimane dopo <a href=\"http:\/\/burisma.com\/hunter-biden-joins-the-team-of-burisma-holdings\/\">suo figlio Hunter Biden, avvocato d&#8217;affari di successo, \u00e8 entrato nel Consiglio d\u2019amministrazione di Burisma<\/a>, la pi\u00f9 importante societ\u00e0 di estrazione di gas e petrolio dell\u2019Ucraina, ufficialmente come esperto legale per la corporate governance e le relazioni internazionali.<br \/>\n<strong>Il connubio Hunter Biden\/Burisma \u00e8 il riflesso perfetto della politica estera americana in Ucraina<\/strong>. \u2028Insieme al figlio di Biden <a href=\"http:\/\/burisma.com\/american-financier-devon-archer-joined-the-board-of-directors-of-burisma-holdings\/\">\u00e8 stato nominato Devon Archer<\/a> ex consigliere di John Kerry nella campagna elettorale del 2004 e socio di Biden nella societ\u00e0 di consulenza internazionale Rosemont Seneca; ed \u00e8 proprio questa societ\u00e0, poche settimane fa, ad aver dato vita a quello che il <a href=\"http:\/\/online.wsj.com\/articles\/bohai-harvest-and-u-s-investment-firms-expand-target-for-outbound-fund-1404956572\">Wall Street Journal ha definito <em>\u201cil pi\u00f9 grande fondo private equity cinese-americano\u201d<\/em><\/a>, realizzato insieme al Bohai Investment di Pechino e all\u2019Harvest Global Investment di Hong Kong. Il fondo si propone di raccogliere oltre 1,5 miliardi di dollari concentrando la sua attivit\u00e0 sulle fusioni e acquisizioni internazionali nel comparto di energia e risorse (soprattutto gas naturale, ovviamente).<br \/>\n<strong>L\u2019immagine dell\u2019America impegnata nella difesa della democrazia ucraina contro il pericolo russo non esce indenne da questa storia<\/strong>. Persino il Washington Post, di solito molto allineato con gli esponenti dell\u2019amministrazione Obama, si chiede <em><a href=\"http:\/\/www.washingtonpost.com\/blogs\/worldviews\/wp\/2014\/05\/14\/hunter-bidens-new-job-at-a-ukrainian-gas-company-is-a-problem-for-u-s-soft-power\/\" target=\"_blank\">&#8220;quanto dev&#8217;essere alto lo stipendio del figlio di Biden per mettere cos\u00ec a rischio il soft power statunitense&#8221;<\/a><\/em>; tanto pi\u00f9 che questo avvalora la propaganda di Putin secondo cui l\u2019America di Obama, si muove in Ucraina con intenti affaristici e non umanitari.<br \/>\n<a href=\"http:\/\/time.com\/2964493\/ukraine-joe-biden-son-hunter-burisma\/\">Secondo il Time<\/a> sono molti i membri legati al partito democratico reclutati da Burisma: anche <a href=\"http:\/\/mlstrategies.com\/professionals\/david-leiter.htm\">David Leiter<\/a>, capo staff del Segretario di Stato John Kerry, \u00e8 stato assunto come consulente. Persino la societ\u00e0 di comunicazione di Burisma \u00e8 americana: la FTI Consulting, <a href=\"http:\/\/www.fticonsulting.com\/global2\/professionals\/lawrence-pacheco.aspx\" target=\"_blank\">il cui direttore \u00e8 uno degli strateghi di comunicazione dei candidati democratici<\/a>.<br \/>\nTutto questo impegno per salvare il gas ucraino richiede sforzi ulteriori: il 27 giugno scorso <a href=\"http:\/\/www.markey.senate.gov\/imo\/media\/doc\/2014-06-27_PresidentObama_Ukraine_energy.pdf\">quattro senatori democratici hanno chiesto ad Obama<\/a> di stanziare altri 40 milioni di dollari in aiuti all\u2019Ucraina per aumentare la produzione interna di gas e l\u2019efficienza del suo mercato; ma l\u2019obiettivo \u00e8 soprattutto un altro: consentire a Burisma, gi\u00e0 autorizzata dal governo di Kiev, \u00a0l\u2019estrazione degli immensi giacimenti di gas naturale ancora non sfruttati e tra i maggiori al mondo (tra cui quelli zona di Donespt, dove infuria la guerra civile con i filorussi).<br \/>\n<strong>Difendere la democrazia in Ucraina \u00e8 una cosa bella; lo \u00e8 ancora di pi\u00f9 se fa guadagnare soldi attraverso il controllo del mercato del gas<\/strong>. \u2028Nel frattempo, come se nulla fosse, Joe Biden ha continuato i suoi viaggi a Kiev per appoggiare il governo ucraino; il 19 giugno scorso ha denunciato: <em>&#8220;I russi usano l\u2019energia come strumento di politica estera&#8221;<\/em>.<br \/>\n<strong>Se Putin non ha l\u2019anima, Joe Biden ce l\u2019ha doppia.<\/strong><\/p>\n<pre style=\"text-align: justify\"><span style=\"color: #000000\"><em>Immagine: Joe e Hunter Biden - Foto Reuters<\/em><\/span><\/pre>\n<pre>articoli correlati: <span style=\"color: #008080\"><a href=\"https:\/\/blog.ilgiornale.it\/rossi\/2014\/07\/25\/boeing-777-le-prove-russe-e-i-silenzi-delloccidente\/\" target=\"_blank\">Boeing-777, le prove russe e i silenzi dell'Occidente<\/a><\/span><\/pre>\n","protected":false},"excerpt":{"rendered":"<p><p>\u00c8 il 9 Marzo 2011: il vicepresidente americano Joe Biden visita Mosca, tappa del suo tour europeo. La sera, durante il ricevimento al Cremlino, si avvicina a Putin e gli sussurra \u201csignor Presidente, io la sto guardando negli occhi e penso che lei non abbia un\u2019anima\u201d. Putin gli sorride e risponde: \u201cIo e lei ci capiamo\u201d.\u2028 La storia l\u2019ha raccontata lo stesso Joe Biden in un lunghissimo profilo biografico che Evan Osnos gli ha dedicato su The New Yorker, la prestigiosa rivista liberal americana. L\u2019uomo che gestisce alcuni dei dossier pi\u00f9 importanti della politica estera di Obama (tra cui quello [&hellip;]<\/p>\n&nbsp;&nbsp;<div class=\"readmore\"><a href=\"https:\/\/blog.ilgiornale.it\/rossi\/2014\/08\/12\/ucraina-la-doppia-anima-dellamerica-di-obama\/\">Continua a leggere...<\/a><\/div><\/p>","protected":false},"author":1036,"featured_media":0,"comment_status":"open","ping_status":"closed","sticky":false,"template":"","format":"standard","meta":[],"categories":[64880,64861,64873],"tags":[47399,814,19,6469],"_links":{"self":[{"href":"https:\/\/blog.ilgiornale.it\/rossi\/wp-json\/wp\/v2\/posts\/190"}],"collection":[{"href":"https:\/\/blog.ilgiornale.it\/rossi\/wp-json\/wp\/v2\/posts"}],"about":[{"href":"https:\/\/blog.ilgiornale.it\/rossi\/wp-json\/wp\/v2\/types\/post"}],"author":[{"embeddable":true,"href":"https:\/\/blog.ilgiornale.it\/rossi\/wp-json\/wp\/v2\/users\/1036"}],"replies":[{"embeddable":true,"href":"https:\/\/blog.ilgiornale.it\/rossi\/wp-json\/wp\/v2\/comments?post=190"}],"version-history":[{"count":22,"href":"https:\/\/blog.ilgiornale.it\/rossi\/wp-json\/wp\/v2\/posts\/190\/revisions"}],"predecessor-version":[{"id":775,"href":"https:\/\/blog.ilgiornale.it\/rossi\/wp-json\/wp\/v2\/posts\/190\/revisions\/775"}],"wp:attachment":[{"href":"https:\/\/blog.ilgiornale.it\/rossi\/wp-json\/wp\/v2\/media?parent=190"}],"wp:term":[{"taxonomy":"category","embeddable":true,"href":"https:\/\/blog.ilgiornale.it\/rossi\/wp-json\/wp\/v2\/categories?post=190"},{"taxonomy":"post_tag","embeddable":true,"href":"https:\/\/blog.ilgiornale.it\/rossi\/wp-json\/wp\/v2\/tags?post=190"}],"curies":[{"name":"wp","href":"https:\/\/api.w.org\/{rel}","templated":true}]}}