{"id":2149,"date":"2016-11-23T08:43:15","date_gmt":"2016-11-23T08:43:15","guid":{"rendered":"https:\/\/blog.ilgiornale.it\/rossi\/?p=2149"},"modified":"2016-11-23T08:43:15","modified_gmt":"2016-11-23T08:43:15","slug":"la-maledizione-di-gheddafi","status":"publish","type":"post","link":"https:\/\/blog.ilgiornale.it\/rossi\/2016\/11\/23\/la-maledizione-di-gheddafi\/","title":{"rendered":"La maledizione di Gheddafi"},"content":{"rendered":"<p style=\"text-align: justify\"><strong><a href=\"https:\/\/blog.ilgiornale.it\/rossi\/files\/2016\/11\/Tutanchamun_Maske.jpg\"><img loading=\"lazy\" class=\"alignleft size-full wp-image-2150\" src=\"https:\/\/blog.ilgiornale.it\/rossi\/files\/2016\/11\/Tutanchamun_Maske.jpg\" alt=\"Tutanchamun_Maske\" width=\"180\" height=\"254\" \/><\/a>TOUTANKAMHON<\/strong><br \/>\nC\u2019era una volta la maledizione di Toutankamhon; o almeno cos\u00ec hanno creduto generazioni di appassionati del mistero. La maledizione colpiva tutti coloro che in qualche modo erano legati alla spedizione guidata da <a href=\"https:\/\/it.wikipedia.org\/wiki\/Howard_Carter\" target=\"_blank\">Howard Carter<\/a>, che nel 1922 ritrov\u00f2 la mummia del famoso Faraone bambino (che poi in realt\u00e0 \u00e8 pi\u00f9 famoso oggi di quanto lo sia stato ai suoi tempi, visto che govern\u00f2 per pochi anni).<br \/>\nIn realt\u00e0 i faraoni amavano mandare maledizioni a chiunque violasse il loro sonno eterno, fossero ladri o archeologi, profanatori o semplici avventurieri della domenica.<br \/>\nLa storia della maledizione di Toutankamhen \u00e8 ovviamente un balla, pare costruita dal genio narrativo di <a href=\"https:\/\/s-media-cache-ak0.pinimg.com\/originals\/08\/e8\/fe\/08e8fe355aa78235b0070f7039c05d67.jpg\" target=\"_blank\">Sir Arthur Conan Doy<\/a>le il quale, tra un caso affrontato da Sherlock Holmes (con lucida razionalit\u00e0) e un <em>\u201celementare Watson!\u201d<\/em> esclamato con ferma logica, in realt\u00e0 fu sempre attratto dallo spiritismo e dall\u2019occulto.<br \/>\nNoi che alle maledizioni non crediamo, <strong>non possiamo per\u00f2 non notare che una specie di catena nera si sta muovendo nella storia pi\u00f9 recente, colpendo coloro che hanno la responsabilit\u00e0 di uno dei crimini peggiori compiuti negli ultimi anni<\/strong> (altro che tirare fuori una povera mummia dal sarcofago).<\/p>\n<p style=\"text-align: justify\"><strong><a href=\"https:\/\/blog.ilgiornale.it\/rossi\/files\/2016\/11\/sarko.jpeg\"><img loading=\"lazy\" class=\"alignleft size-full wp-image-2151\" src=\"https:\/\/blog.ilgiornale.it\/rossi\/files\/2016\/11\/sarko.jpeg\" alt=\"sarko\" width=\"259\" height=\"194\" \/><\/a>UNA CATENA NERA?<\/strong><br \/>\nCon la recente sconfitta in Francia di Nicolas<strong> Sarkozy\u00a0<\/strong>ed il <a href=\"https:\/\/www.ilgiornale.it\/news\/politica\/sarkozy-lascia-controvoglia-politica-ora-dovr-pensare-ai-1334494.html\" target=\"_blank\">suo umiliante ritiro dalla politica<\/a>, il tonfo clamoroso della <strong>Clinton<\/strong> in America, sommati alla defenestrazione di David <strong>Cameron<\/strong> in Gran Bretagna, <strong>si consuma la repentina uscita di scena di tutti i responsabili della folle e criminale guerra alla Libia del 2011<\/strong>; coloro che grazie a quel disastro imposto per vanit\u00e0, egoismo, stupidit\u00e0, interessi, sordide complicit\u00e0 con i poteri peggiori del mondo, hanno aperto la strada alla definitiva decomposizione del Medio Oriente, al dramma dei migranti (supportato dai disegni mondialisti di immigrazione forzata), al caos di guerre umanitarie fuori da ogni umanit\u00e0, al terrorismo islamista, ai morti innocenti e alle falsit\u00e0 costruite sui media.<\/p>\n<p style=\"text-align: justify\">\nS<strong>e oggi Conan Doyle fosse vivo, probabilmente parlerebbe della <em>&#8220;Maledizione di Gheddafi&#8221;<\/em>, che si \u00e8 scagliata contro coloro che decisero di farlo fuori in spregio a qualsiasi diritto internazionale<\/strong>. Non perch\u00e9 Gheddafi fosse uno stinco di santo, per carit\u00e0, ma perch\u00e9 \u00e8 un dato di fatto che il leader libico da dopo l\u201911 Settembre si era riposizionato sul piano internazionale, aveva abbandonato il terrorismo ed era diventato uno dei pi\u00f9 stretti alleati dell\u2019Occidente nel guerra ad Al Qaeda e al jihadismo; tanto che, per esempio, i servizi segreti britannici commissionavano alla polizia segreta di Tripoli i rapimenti e gli interrogatori (leggi torture) dei sospetti jihadisti, <a href=\"https:\/\/blog.ilgiornale.it\/rossi\/2015\/01\/25\/caro-muammar-tuo-tony\/\" target=\"_blank\">secondo un accordo che siamo stati tra i pochi a svelare<\/a>. Erano i tempi in cui Gheddafi era il \u201cCaro Mu\u2019ammar\u201d nelle lettere che gli inviava il \u201csuo\u201d Tony Blair.<\/p>\n<p style=\"text-align: justify\"><a href=\"https:\/\/blog.ilgiornale.it\/rossi\/files\/2016\/11\/Schermata-2016-11-23-alle-09.20.27.png\"><img loading=\"lazy\" class=\"alignleft size-medium wp-image-2152\" src=\"https:\/\/blog.ilgiornale.it\/rossi\/files\/2016\/11\/Schermata-2016-11-23-alle-09.20.27-300x178.png\" alt=\"Schermata 2016-11-23 alle 09.20.27\" width=\"300\" height=\"178\" srcset=\"https:\/\/blog.ilgiornale.it\/rossi\/files\/2016\/11\/Schermata-2016-11-23-alle-09.20.27-300x178.png 300w, https:\/\/blog.ilgiornale.it\/rossi\/files\/2016\/11\/Schermata-2016-11-23-alle-09.20.27.png 758w\" sizes=\"(max-width: 300px) 100vw, 300px\" \/><\/a>Sulla guerra in Libia e sulle falsit\u00e0 costruite per legittimarla, abbiamo scritto molto: per esempio\u00a0di come <a href=\"https:\/\/blog.ilgiornale.it\/rossi\/2015\/03\/21\/libia-le-manipolazioni-della-clinton-e-di-luttwak\/\" target=\"_blank\">Hillary Clinton manipol\u00f2 i report della Cia<\/a> per coprire il fatto che, in quella guerra civile, i crimini li commettevano i <em>&#8220;ribelli moderati&#8221;,<\/em>\u00a0i jihadisti\u00a0finanziati dalla Casa Bianca e non i lealisti di Gheddafi; o di come persino il Parlamento inglese abbia<a href=\"https:\/\/blog.ilgiornale.it\/rossi\/2016\/10\/06\/libia-nuove-verita-su-una-guerra-sporca\/\" target=\"_blank\">\u00a0dovuto riconoscere il cumulo di falsit\u00e0 e imprecisioni raccontate all\u2019opinione pubblica da Cameron e da Sarkozy<\/a>\u00a0per coprire le vere ragioni della guerra. Abbiamo persino fatto vedere <a href=\"https:\/\/blog.ilgiornale.it\/rossi\/2015\/10\/09\/cosi-hanno-ridotto-la-libia-cosi-vogliono-ridurre-la-siria\/\" target=\"_blank\">il ghigno televisivo di Hillary alla notizia dell\u2019omicidio di Gheddafi<\/a>, a dimostrazione che\u00a0il\u00a0sadismo \u00e8 un tratto che a volte non appartiene solo ai &#8220;dittatori sanguinari&#8221;.<\/p>\n<p style=\"text-align: justify\"><strong>I TRE &#8220;MALEDETTI&#8221;<\/strong><br \/>\nOggi <strong>i tre &#8220;maledetti&#8221; (nel senso che hanno sub\u00ecto la maledizione libica) sono stati espulsi dalla storia<\/strong>: David Cameron lo si pu\u00f2 trovare <a href=\"http:\/\/images2.corriereobjects.it\/methode_image\/2016\/08\/27\/Esteri\/Foto\/cameronz_MGTHUMB-INTERNA.jpg\" target=\"_blank\">a mangiare &#8220;fish &amp; chips&#8221; su un muretto in bermuda<\/a>, come un qualsiasi rubicondo turista inglese in vacanza. La Clinton \u00e8 fuggita nel suo ritiro dorato di Chappaqua acquistato e ristrutturato con i soldi elargiti a piene mani dai suoi amici di Goldman Sachs. E al mediocre Napoleone, che sperava di ritornare a governare la Francia, <a href=\"https:\/\/www.ilgiornale.it\/news\/mondo\/volte-i-migliori-perdono-messaggio-carla-bruni-nicolas-1334466.html\" target=\"_blank\">non rimane che l\u2019abbraccio della sua Carla Bruni<\/a> (che non \u00e8 sicuramente poco).<br \/>\nTutti e tre hanno avuto un destino migliore di Gheddafi ed in fondo \u00e8 una compensazione perch\u00e9, per quanto siano state figure negative, non possono minimamente essere equiparati a personaggi come il leader libico.<br \/>\n<strong>Eppure quella guerra criminale che loro hanno voluto, segna il punto di non ritorno di un Occidente impazzito<\/strong> che ha accelerato il caos del Medio Oriente travestendolo da Primavere Araba e da guerre umanitarie.<\/p>\n<p style=\"text-align: justify\"><strong>Chiss\u00e0 se tutto questo significa che in fondo esiste una giustizia nella storia<\/strong>.<\/p>\n<hr \/>\n<p><strong>Su Twitter: @GiampaoloRossi<\/strong><\/p>\n<p><em>Articoli correlati:<\/em><br \/>\n<a href=\"https:\/\/www.ilgiornale.it\/video\/mondo\/profezia-gheddafi-1160650.html\" target=\"_blank\">La profezia di Gheddafi<\/a><br \/>\n<a href=\"https:\/\/blog.ilgiornale.it\/rossi\/2016\/10\/12\/clinton-isis-e-sauditi-una-rivelazione-clamorosa\/\" target=\"_blank\">Clinton, Isis e sauditi: una rivelazione clamorosa<\/a><br \/>\n<a href=\"https:\/\/blog.ilgiornale.it\/rossi\/2015\/11\/23\/levy-lerner-e-gli-intellettuali-anti-putin-zittiti-dalla-storia\/\" target=\"_blank\">Bernard-Henry e gli intellettuali zittiti dalla storia<\/a><\/p>\n","protected":false},"excerpt":{"rendered":"<p><p>TOUTANKAMHON C\u2019era una volta la maledizione di Toutankamhon; o almeno cos\u00ec hanno creduto generazioni di appassionati del mistero. La maledizione colpiva tutti coloro che in qualche modo erano legati alla spedizione guidata da Howard Carter, che nel 1922 ritrov\u00f2 la mummia del famoso Faraone bambino (che poi in realt\u00e0 \u00e8 pi\u00f9 famoso oggi di quanto lo sia stato ai suoi tempi, visto che govern\u00f2 per pochi anni). In realt\u00e0 i faraoni amavano mandare maledizioni a chiunque violasse il loro sonno eterno, fossero ladri o archeologi, profanatori o semplici avventurieri della domenica. La storia della maledizione di Toutankamhen \u00e8 ovviamente un [&hellip;]<\/p>\n&nbsp;&nbsp;<div class=\"readmore\"><a href=\"https:\/\/blog.ilgiornale.it\/rossi\/2016\/11\/23\/la-maledizione-di-gheddafi\/\">Continua a leggere...<\/a><\/div><\/p>","protected":false},"author":1036,"featured_media":0,"comment_status":"open","ping_status":"closed","sticky":false,"template":"","format":"standard","meta":[],"categories":[64866],"tags":[29269,317140,90,841,157],"_links":{"self":[{"href":"https:\/\/blog.ilgiornale.it\/rossi\/wp-json\/wp\/v2\/posts\/2149"}],"collection":[{"href":"https:\/\/blog.ilgiornale.it\/rossi\/wp-json\/wp\/v2\/posts"}],"about":[{"href":"https:\/\/blog.ilgiornale.it\/rossi\/wp-json\/wp\/v2\/types\/post"}],"author":[{"embeddable":true,"href":"https:\/\/blog.ilgiornale.it\/rossi\/wp-json\/wp\/v2\/users\/1036"}],"replies":[{"embeddable":true,"href":"https:\/\/blog.ilgiornale.it\/rossi\/wp-json\/wp\/v2\/comments?post=2149"}],"version-history":[{"count":3,"href":"https:\/\/blog.ilgiornale.it\/rossi\/wp-json\/wp\/v2\/posts\/2149\/revisions"}],"predecessor-version":[{"id":2155,"href":"https:\/\/blog.ilgiornale.it\/rossi\/wp-json\/wp\/v2\/posts\/2149\/revisions\/2155"}],"wp:attachment":[{"href":"https:\/\/blog.ilgiornale.it\/rossi\/wp-json\/wp\/v2\/media?parent=2149"}],"wp:term":[{"taxonomy":"category","embeddable":true,"href":"https:\/\/blog.ilgiornale.it\/rossi\/wp-json\/wp\/v2\/categories?post=2149"},{"taxonomy":"post_tag","embeddable":true,"href":"https:\/\/blog.ilgiornale.it\/rossi\/wp-json\/wp\/v2\/tags?post=2149"}],"curies":[{"name":"wp","href":"https:\/\/api.w.org\/{rel}","templated":true}]}}