{"id":2569,"date":"2017-07-07T13:10:57","date_gmt":"2017-07-07T13:10:57","guid":{"rendered":"https:\/\/blog.ilgiornale.it\/rossi\/?p=2569"},"modified":"2017-07-07T20:32:13","modified_gmt":"2017-07-07T20:32:13","slug":"idiozia-e-dolo-come-la-sinistra-prepara-linvasione","status":"publish","type":"post","link":"https:\/\/blog.ilgiornale.it\/rossi\/2017\/07\/07\/idiozia-e-dolo-come-la-sinistra-prepara-linvasione\/","title":{"rendered":"Idiozia e dolo. Come la sinistra prepara l&#8217;invasione"},"content":{"rendered":"<p style=\"text-align: justify\"><strong><a href=\"https:\/\/blog.ilgiornale.it\/rossi\/files\/2017\/07\/C_KBM03XUAAbQc3.jpg\"><img loading=\"lazy\" class=\"alignleft size-medium wp-image-2571\" src=\"https:\/\/blog.ilgiornale.it\/rossi\/files\/2017\/07\/C_KBM03XUAAbQc3-201x300.jpg\" alt=\"C_KBM03XUAAbQc3\" width=\"201\" height=\"300\" srcset=\"https:\/\/blog.ilgiornale.it\/rossi\/files\/2017\/07\/C_KBM03XUAAbQc3-201x300.jpg 201w, https:\/\/blog.ilgiornale.it\/rossi\/files\/2017\/07\/C_KBM03XUAAbQc3-685x1024.jpg 685w, https:\/\/blog.ilgiornale.it\/rossi\/files\/2017\/07\/C_KBM03XUAAbQc3.jpg 803w\" sizes=\"(max-width: 201px) 100vw, 201px\" \/><\/a>QUEI MANIFESTI DEL PD<\/strong><br \/>\nEra il 2009 e le citt\u00e0 italiane si riempirono di <a href=\"http:\/\/archive.partitodemocratico.it\/doc\/70309\/gli-inganni-di-berlusconi---immigrazione.htm\" target=\"_blank\">questi manifesti colorati, targati Pd<\/a>.<br \/>\nDoveva ancora venire il \u201ccontrordine compagni\u201d con cui, nel lessico politically correct della sinistra italiana, la parola &#8220;clandestini&#8221; sarebbe stata abolita; anche per legge, visto che pochi anni dopo il governo Renzi-Alfano avrebbe depenalizzato il reato di immigrazione clandestina togliendo, di fatto, l\u2019unico freno legislativo all\u2019invasione dal Mediterraneo.<br \/>\nMa <strong>il manifesto piddino del 2009, rimane una pietra miliare della stupidit\u00e0 della sinistra, della sua criminale responsabilit\u00e0 nel disastro che stiamo vivendo, della sua ipocrisia vestita di peloso umanitarismo<\/strong>.<\/p>\n<p style=\"text-align: justify\">In quei mesi l\u2019Italia aveva da poco chiuso un accordo con il governo libico: Il <a href=\"http:\/\/www.iai.it\/sites\/default\/files\/pi_a_c_108.pdf\" target=\"_blank\">&#8220;Trattato di amicizia, partenariato e cooperazione\u201d <\/a>stipulato tra Berlusconi e Gheddafi, rappresentava anche i<strong>l pi\u00f9 efficace strumento di controllo dell\u2019immigrazione dal sud del mondo<\/strong> (peraltro in buona parte finanziato dall&#8217;Unione Europea).<br \/>\nNei tre anni precedenti (dal 2006 al 2008), gli anni del Governo Prodi per intenderci, il nostro Paese aveva conosciuto una prima invasione dal Mediterraneo con numeri di sbarchi mai raggiunti fino a quel momento: oltre 100 mila. Numeri che oggi fanno quasi sorridere rispetto a quello che sta avvenendo.<br \/>\nQuando Berlusconi arriv\u00f2 a Palazzo Chigi, nel Giugno 2008, il nuovo esecutivo appront\u00f2 immediatamente la decisione dell\u2019accordo bilaterale per bloccare gli sbarchi. L\u2019accordo, approvato dal Parlamento all\u2019inizio del 2009, ottenne uno straordinario risultato: in quello stesso anno gli immigrati sbarcati si ridussero a 9.500 e l\u2019anno successivo (2010) solo a 4 mila.<br \/>\n<strong>Ovviamente questi risultati si ottennero non solo perch\u00e9 c\u2019era un Governo che aveva chiaro cosa significasse difendere la sovranit\u00e0 nazionale e gli interessi del Paese, ma anche perch\u00e9 la situazione geopolitica lo consentiva<\/strong>.<\/p>\n<p style=\"text-align: justify\">Dal 2011 le cose cambiarono: la Primavera Araba, che secondo i cantori del progressismo democratico doveva portare libert\u00e0 e benessere, gener\u00f2\u00a0solo conflitti e radicalizzazione islamista facendo esplodere come una polveriera il nord Africa. <a href=\"https:\/\/blog.ilgiornale.it\/rossi\/2015\/10\/09\/cosi-hanno-ridotto-la-libia-cosi-vogliono-ridurre-la-siria\/\" target=\"_blank\">La criminale guerra di aggressione alla Libia<\/a> voluta da Sarkozy ed Obama (e benedetta <a href=\"https:\/\/blog.ilgiornale.it\/rossi\/2015\/11\/23\/levy-lerner-e-gli-intellettuali-anti-putin-zittiti-dalla-storia\/\" target=\"_blank\">dagli intellettuali di sinistra<\/a>) trasform\u00f2\u00a0quella nazione in uno Stato fallito, oggi via centrale di passaggio del nuovo mercato degli schiavi.<br \/>\nLa guerra alla Siria, voluta dalle potenze occidentali, dai loro pusher sauditi e dall\u2019\u00e9lite mondialista, ha completato l\u2019opera di trasformazione di Africa e Medio Oriente in un\u2019area destabilizzata, con una forza demografica dirompente che preme in maniera irreversibile sui confini dell\u2019Europa generando l\u2019esodo migratorio le cui conseguenze le sconteremo per almeno 50 anni.<\/p>\n<p style=\"text-align: justify\">Ma il 2011 cambi\u00f2\u00a0anche il corso del nostro Paese; <a href=\"https:\/\/www.ilgiornale.it\/news\/interni\/ora-anche-londra-conferma-colpo-stato-contro-cav-1019760.html\" target=\"_blank\">il complotto ordito dai centri di potere tecnocratico contro il governo Berlusconi<\/a> e realizzato da Napolitano, dalla sinistra e dal Deep State italico (quella palude contaminata di magistratura, poteri finanziari, media e grande industria) ha di fatto commissariato la nostra democrazia sospendendo la sovranit\u00e0 popolare ed alternando governi tecnocratici e del Pd imposti da giochi di potere e ricatti incrociati.<\/p>\n<p style=\"text-align: justify\"><strong>I CAMALEONTI<\/strong><strong><a href=\"https:\/\/blog.ilgiornale.it\/rossi\/files\/2017\/07\/Senza-titolo442.jpg\"><img loading=\"lazy\" class=\"alignleft size-medium wp-image-2573\" src=\"https:\/\/blog.ilgiornale.it\/rossi\/files\/2017\/07\/Senza-titolo442-300x178.jpg\" alt=\"Senza-titolo442\" width=\"300\" height=\"178\" srcset=\"https:\/\/blog.ilgiornale.it\/rossi\/files\/2017\/07\/Senza-titolo442-300x178.jpg 300w, https:\/\/blog.ilgiornale.it\/rossi\/files\/2017\/07\/Senza-titolo442.jpg 561w\" sizes=\"(max-width: 300px) 100vw, 300px\" \/><\/a><\/strong><br \/>\nEd \u00e8 in questa fase che <strong>la sinistra italiana ha cambiato per l\u2019ennesima volta la sua pelle e, con la capacit\u00e0 camaleontica che la caratterizza, ha archiviato definitivamente l\u2019internazionalismo proletario per quello globalista<\/strong>.<br \/>\nPerch\u00e9 parliamoci chiaro, <strong>alla sinistra degli immigrati non frega nulla<\/strong> tranne quando dieci di loro vanno a disturbare l\u2019estetica delle ville radical-chic di Capalbio; e a quel punto \u00e8 facile vedere intellettuali, imprenditori liberal, boiardi di Stato, femministe al caviale e vecchi notabili di partito ribellarsi alla contaminazione multiculturale.<\/p>\n<p style=\"text-align: justify\">E se un tempo a sinistra avevano il pudore (e l\u2019ipocrisia) di costruire una narrazione umanitaria dietro il loro disegno di favorire l\u2019immigrazione (sono <em>\u201cprofughi a cui non possiamo negare ospitalit\u00e0\u201d<\/em>, sono <em>\u201cpoveri da accogliere\u201d<\/em> ci dicevano), oggi non hanno neanche il bisogno di manipolare la parola: la Boldrini li chiama <em>&#8220;risorse&#8221;<\/em> (pi\u00f9 che altro necessarie ad alimentare quel business dell\u2019accoglienza di cui il mondo catto-comunista si ciba da anni) e Tito Boeri ci dice che serviranno a <a href=\"https:\/\/www.ilgiornale.it\/news\/politica\/boeri-fa-tifo-linvasione-i-migranti-ci-pagano-pensioni-1416480.html\" target=\"_blank\"><em>&#8220;pagarci le pensioni&#8221;<\/em><\/a> (cosa ovviamente non vera perch\u00e9 l\u2019immigrazione di massa non servir\u00e0 a pagare le pensioni agli italiani ma a garantire forza lavoro a basso costo nella nuova ristrutturazione economica in atto).<\/p>\n<p style=\"text-align: justify\"><strong>Fatto sta che negli ultimi anni, la sinistra di governo ha scientificamente approvato o progettato decisioni atte a favorire l&#8217;immigrazione invece che a controllarla e arginarla<\/strong>: dalla depenalizzazione del reato di immigrazione clandestina, allo Ius Soli che anche ieri Renzi ha definito \u201cuna battaglia di civilt\u00e0\u201d e su cui inspiegabilmente si stanno mobilitando intellettuali, poteri economici, pezzi del mondo catto-comunista, affinch\u00e9 la Legge passi anche a colpi di fiducia. Uno strano senso delle priorit\u00e0 per il Paese sopratutto considerando che l\u2019attuale legislazione gi\u00e0 garantisce ai cittadini stranieri di divenire italiani attraverso un serio percorso di maturazione e consapevolezza (tanto che, <a href=\"https:\/\/blog.ilgiornale.it\/rossi\/2017\/07\/04\/nuovi-italiani-400-mila-in-due-anni-lo-ius-soli-non-serve\/\" target=\"_blank\">come abbiamo dimostrato in questo articolo<\/a>, in due anni abbiamo dato la cittadinanza a 400 mila nuovi italiani).<\/p>\n<p style=\"text-align: justify\">E cos\u00ec un risvolto &#8220;immigrazionista&#8221; lo si pu\u00f2 trovare anche in battaglie del Pd apparentemente lontane dal tema. Per esempio, l\u2019obbligatoriet\u00e0 dei vaccini imposti per legge dallo Stato in quantit\u00e0 che non impone nessun altro Governo\u00a0europeo ai propri cittadini, pu\u00f2 essere letto come la preparazione ad un\u2019invasione; <a href=\"http:\/\/www.imolaoggi.it\/2017\/06\/15\/migranti-lorenzin-arrivano-milioni-di-persone-da-paesi-con-epidemie\/\" target=\"_blank\">\u00e8 scappato detto alla stessa ministra Lorenzin<\/a>: la vaccinazione di massa servir\u00e0 a scongiurare <em>&#8220;malattie di ritorno&#8221;<\/em> dovute ai <em>&#8220;flussi migratori di milioni di persone che provengono da paesi in cui queste epidemie ci sono&#8221;.\u00a0<\/em><\/p>\n<p style=\"text-align: justify\">E cos\u00ec, anche lo scandalo di questi giorni va letto in una luce diversa: \u00a0che il governo Renzi nel 2014 abbia chiesto all\u2019Ue che gli sbarchi avvenissero tutti in Italia (come ha rivelato incautamente Emma Bonino) non pu\u00f2 essere spiegato solo con il dilettantismo di un leader arrogante e incapace che ha cercato di barattare con l&#8217;Europa, il fallimento economico del proprio governo; \u00e8 lecito pensare che sia voluto allo scopo proprio di aumentare la presenza di immigrati nel nostro Paese.<\/p>\n<p style=\"text-align: justify\"><strong><a href=\"https:\/\/blog.ilgiornale.it\/rossi\/files\/2017\/07\/pd-20130820-182411.png\"><img loading=\"lazy\" class=\"alignleft size-medium wp-image-2572\" src=\"https:\/\/blog.ilgiornale.it\/rossi\/files\/2017\/07\/pd-20130820-182411-300x246.png\" alt=\"pd-20130820-182411\" width=\"300\" height=\"246\" srcset=\"https:\/\/blog.ilgiornale.it\/rossi\/files\/2017\/07\/pd-20130820-182411-300x246.png 300w, https:\/\/blog.ilgiornale.it\/rossi\/files\/2017\/07\/pd-20130820-182411.png 547w\" sizes=\"(max-width: 300px) 100vw, 300px\" \/><\/a>IDIOZIA E DOLO<\/strong><br \/>\nLa sensazione \u00e8 che l\u2019Italia si appresti a diventare un test di laboratorio, <strong>la sperimentazione di come dissolvere uno Stato nazionale ed imporre modelli sociali e politici pi\u00f9 funzionale alla globalizzazione apolide.<\/strong>\u00a0<strong>E la sinistra sta scientificamente operando per questo<\/strong>, scardinando\u00a0l\u2019assetto demografico, sociale e culturale dell\u2019Italia; accettando passivamente l&#8217;immigrazione incontrollata come fosse un disegno del destino e non uno &#8220;schema indotto&#8221; dal potere globalista.<\/p>\n<p style=\"text-align: justify\"><em>Per chi volesse approfondire cos&#8217;\u00e8 <a href=\"https:\/\/blog.ilgiornale.it\/rossi\/2017\/02\/02\/lo-schema-soros-e-limmigrazione-indotta\/\" target=\"_blank\">&#8220;l&#8217;immigrazione indotta&#8221;, l&#8217;abbiamo spiegato qui<\/a>.<\/em><\/p>\n<p style=\"text-align: justify\">Tutto questo, quindi non \u00e8 solo idiozia della sinistra (che comunque accompagna buona parte della sua intellighenzia mainstream); \u00e8 proprio un disegno che i maggiordomi di Soros e dei suoi potenti amici, stanno cercando di attuare partendo dal nostro Paese; perch\u00e9 qui \u00e8 dove \u00e8 pi\u00f9 debole l\u2019identit\u00e0 nazionale, minata da 70 anni di catto-comunismo e dove i poteri forti garantiscono da tempo\u00a0<strong>governi non eletti dai cittadini che, non dovendo rispondere alla sovranit\u00e0 popolare, possono rispondere alla sovranit\u00e0 dell\u2019\u00e9lite globalista <\/strong>(ed \u00e8 questo il motivo per cui, nel pieno dell&#8217;emergenza immigrazione e nei giorni in cui \u00e8 scoppiato lo scandalo della Ong, George Soros si \u00e8 precipitato a Roma ad <a href=\"https:\/\/www.ilgiornale.it\/news\/politica\/quellincontro-palazzo-chigi-soros-e-premier-gentiloni-1392744.html\" target=\"_blank\">incontrare &#8220;riservatamente&#8221;<\/a> il Presidente del Consiglio italiano per dispensargli suggerimenti e magari qualche sereno avvertimento).<\/p>\n<p style=\"text-align: justify\"><strong>L&#8217;immigrazionismo \u00e8 la nuova ideologia del sinistra italiana. Il nuovo approdo di una cultura debole che si arrende alla forza del potere tecnocratico. Ecco perch\u00e9 occorre\u00a0smascherare l&#8217;ipocrisia umanitarista dei nuovi schiavisti.<\/strong><\/p>\n<hr \/>\n<p><strong>Su Twitter: @GiampaoloRossi<\/strong><\/p>\n<p><em>Articoli correlati:<\/em><br \/>\n<a href=\"https:\/\/www.ilgiornale.it\/video\/mondo\/profezia-gheddafi-1160650.html\" target=\"_blank\">La Profezia di Gheddafi (video)<\/a><br \/>\n<a href=\"https:\/\/blog.ilgiornale.it\/rossi\/2016\/10\/06\/libia-nuove-verita-su-una-guerra-sporca\/\" target=\"_blank\">Libia: nuove verit\u00e0 su una guerra sporca<\/a><br \/>\n<a href=\"https:\/\/blog.ilgiornale.it\/rossi\/2014\/12\/16\/disastro-libia-ecco-chi-dobbiamo-ringraziare\/\" target=\"_blank\">Disastro Libia: ecco chi dobbiamo ringraziare<\/a><br \/>\n<a href=\"https:\/\/blog.ilgiornale.it\/rossi\/2017\/02\/02\/lo-schema-soros-e-limmigrazione-indotta\/\" target=\"_blank\">Lo schema Soros e l\u2019immigrazione indotta<\/a><br \/>\n<a href=\"https:\/\/blog.ilgiornale.it\/rossi\/2016\/06\/11\/il-razzismo-degli-eurocrati\/\" target=\"_blank\">Il razzismo degli eurocrati<\/a><br \/>\n<a href=\"https:\/\/blog.ilgiornale.it\/rossi\/2015\/09\/23\/se-il-mediterraneo-esplode-i-numeri-veri-e-le-conseguenze-non-dette-dellemergenza-profughi\/\" target=\"_blank\">Se il Mediterraneo esplode: i numeri veri\u2026<\/a><\/p>\n","protected":false},"excerpt":{"rendered":"<p><p>QUEI MANIFESTI DEL PD Era il 2009 e le citt\u00e0 italiane si riempirono di questi manifesti colorati, targati Pd. Doveva ancora venire il \u201ccontrordine compagni\u201d con cui, nel lessico politically correct della sinistra italiana, la parola &#8220;clandestini&#8221; sarebbe stata abolita; anche per legge, visto che pochi anni dopo il governo Renzi-Alfano avrebbe depenalizzato il reato di immigrazione clandestina togliendo, di fatto, l\u2019unico freno legislativo all\u2019invasione dal Mediterraneo. Ma il manifesto piddino del 2009, rimane una pietra miliare della stupidit\u00e0 della sinistra, della sua criminale responsabilit\u00e0 nel disastro che stiamo vivendo, della sua ipocrisia vestita di peloso umanitarismo. In quei mesi [&hellip;]<\/p>\n&nbsp;&nbsp;<div class=\"readmore\"><a href=\"https:\/\/blog.ilgiornale.it\/rossi\/2017\/07\/07\/idiozia-e-dolo-come-la-sinistra-prepara-linvasione\/\">Continua a leggere...<\/a><\/div><\/p>","protected":false},"author":1036,"featured_media":0,"comment_status":"open","ping_status":"closed","sticky":false,"template":"","format":"standard","meta":[],"categories":[15,64866,64886,64858,64850],"tags":[24815,192088,841,6111],"_links":{"self":[{"href":"https:\/\/blog.ilgiornale.it\/rossi\/wp-json\/wp\/v2\/posts\/2569"}],"collection":[{"href":"https:\/\/blog.ilgiornale.it\/rossi\/wp-json\/wp\/v2\/posts"}],"about":[{"href":"https:\/\/blog.ilgiornale.it\/rossi\/wp-json\/wp\/v2\/types\/post"}],"author":[{"embeddable":true,"href":"https:\/\/blog.ilgiornale.it\/rossi\/wp-json\/wp\/v2\/users\/1036"}],"replies":[{"embeddable":true,"href":"https:\/\/blog.ilgiornale.it\/rossi\/wp-json\/wp\/v2\/comments?post=2569"}],"version-history":[{"count":8,"href":"https:\/\/blog.ilgiornale.it\/rossi\/wp-json\/wp\/v2\/posts\/2569\/revisions"}],"predecessor-version":[{"id":2580,"href":"https:\/\/blog.ilgiornale.it\/rossi\/wp-json\/wp\/v2\/posts\/2569\/revisions\/2580"}],"wp:attachment":[{"href":"https:\/\/blog.ilgiornale.it\/rossi\/wp-json\/wp\/v2\/media?parent=2569"}],"wp:term":[{"taxonomy":"category","embeddable":true,"href":"https:\/\/blog.ilgiornale.it\/rossi\/wp-json\/wp\/v2\/categories?post=2569"},{"taxonomy":"post_tag","embeddable":true,"href":"https:\/\/blog.ilgiornale.it\/rossi\/wp-json\/wp\/v2\/tags?post=2569"}],"curies":[{"name":"wp","href":"https:\/\/api.w.org\/{rel}","templated":true}]}}