{"id":301,"date":"2014-09-22T12:15:37","date_gmt":"2014-09-22T12:15:37","guid":{"rendered":"https:\/\/blog.ilgiornale.it\/rossi\/?p=301"},"modified":"2015-01-30T09:06:47","modified_gmt":"2015-01-30T09:06:47","slug":"comunismo-e-jihadismo-due-volti-dello-stesso-orrore-anticristiano","status":"publish","type":"post","link":"https:\/\/blog.ilgiornale.it\/rossi\/2014\/09\/22\/comunismo-e-jihadismo-due-volti-dello-stesso-orrore-anticristiano\/","title":{"rendered":"Comunismo e jihadismo: due volti dello stesso orrore anticristiano"},"content":{"rendered":"<p style=\"text-align: justify\"><a href=\"https:\/\/blog.ilgiornale.it\/rossi\/files\/2014\/09\/CROCE.jpg\"><img loading=\"lazy\" class=\"alignleft size-medium wp-image-303\" src=\"https:\/\/blog.ilgiornale.it\/rossi\/files\/2014\/09\/CROCE-300x186.jpg\" alt=\"\" width=\"300\" height=\"186\" srcset=\"https:\/\/blog.ilgiornale.it\/rossi\/files\/2014\/09\/CROCE-300x186.jpg 300w, https:\/\/blog.ilgiornale.it\/rossi\/files\/2014\/09\/CROCE.jpg 550w\" sizes=\"(max-width: 300px) 100vw, 300px\" \/><\/a>Papa Francesco \u00e8 in Albania, a rendere omaggio a una delle comunit\u00e0 cristiane pi\u00f9 oltraggiate nella storia del \u2018900. Qui, nella terra delle aquile, dal 1946 al 1990 prese forma una dei pi\u00f9 allucinanti sistemi di oppressione anticristiana che il mondo ricordi: il regime comunista albanese. Lo racconta un libro straordinario, che andrebbe fatto leggere nelle nostre scuole: <a href=\"http:\/\/www.dianaedizioni.com\/sangue-di-abele.html\" target=\"_blank\">\u201cIl sangue di Abele\u201d, di Padre Zef Pllumi<\/a>, francescano eroico sopravvissuto alla persecuzione. Il libro \u00e8 una cruda testimonianza di come fu messa in piedi una fabbrica della follia e dell\u2019orrore sotto forma di sistema sociale; \u00e8 la storia di crimini, torture, massacri contro uomini e donne inermi; \u00e8 la storia di un\u2019offesa imperdonabile compiuta ai danni di un popolo orgoglioso e alla sua storia.<br \/>\nGli albanesi, che avevano difeso la loro identit\u00e0 contro i turchi, che avevano difeso la loro libert\u00e0 contro i serbi, che non si erano piegati all\u2019occupazione fascista e nazista, furono devastati dal regime appoggiato dai partigiani comunisti di Stalin e di Tito. Gli stessi che, negli anni in cui padre Zef fu rinchiuso nel gulag di Beden, provvedevano alla pulizia etnica degli italiani in Istria e Dalmazia con l\u2019aiuto e la complicit\u00e0 dei partigiani italiani.<br \/>\n<em>\u201cLa rivoluzione proletaria<\/em> &#8211; scrive Padre Zef &#8211; <em>fu ufficialmente definita come l\u2019ultima tappa dello sviluppo sociale della storia dell\u2019umanit\u00e0. Ma non fu altro che un devastante terremoto (\u2026) un terremoto per\u00f2 provocato dagli uomini. Tutti coloro che pensavano di contrastarlo erano condannati a morte. Quelli che non lo accettarono pagarono il loro tributo di sangue, mentre quelli che lo accettarono e si sottomisero furono condannati a vivere in prigionia\u201d<\/em>.<br \/>\nQuesto terremoto non solo ridusse in macerie una nazione e schiacci\u00f2 sotto i suoi crolli uomini e donne, ma li costrinse a vivere per decenni seppelliti vivi al mondo, nella speranza che soccorritori arrivassero o che un filo di luce s\u2019insinuasse nel buio di quelle rovine.<br \/>\nIl regime comunista albanese fu il primo ad inserire l\u2019ateismo di Stato nella propria Costituzione, condannando cos\u00ec alla persecuzione migliaia di fedeli e di sacerdoti. La nazione che don\u00f2 al mondo Madre Teresa di Calcutta fu la nazione che pi\u00f9 di ogni altra perseguit\u00f2 la fede cattolica e l\u2019identit\u00e0 cristiana.<br \/>\nNel gulag di Beden, dove <em>\u201cl\u2019uomo non era pi\u00f9 un uomo ma uno strumento di lavoro\u201d<\/em>, <strong>le croci di filo spinato, a cui venivano appesi i prigionieri accusati di non lavorare, rimangono una delle immagini pi\u00f9 crudeli della storia del comunismo, il simbolo di un orrore che dobbiamo avere il coraggio di non dimenticare<\/strong>.<br \/>\nZef Pllumi, allora giovane francescano, nonostante le persecuzioni volle tornare nel suo convento per essere ordinato sacerdote, rispondere alla sua vocazione e rispettare il suo voto, sapendo che il suo destino, come quello di ogni sacerdote cattolico, sarebbe stato segnato. Tra le rovine di una Chiesa perseguitata e impaurita, il giovane Zef fu accolto dal Padre Superiore che gli intim\u00f2 di andarsene e di salvarsi: <em>\u201cti ordino di vivere per testimoniare!\u201d<\/em>. Zef disobbed\u00ec, rimase, e dopo 23 anni di prigionia e torture \u00e8 sopravvissuto; e ha testimoniato. Per gli albanesi e per tutti noi.<\/p>\n<p style=\"text-align: justify\">Oggi, di fronte alle persecuzioni dei cristiani in tutto il mondo islamico, noi dobbiamo affermare che <strong>comunismo e jihadismo sono due volti di una stessa medaglia<\/strong>. <strong>L\u2019ideologia che negava Dio e la religione che trasforma Dio in un macellaio perseguono lo stesso desiderio di schiavit\u00f9, la stessa follia che nega l\u2019uomo e la sua libert\u00e0<\/strong>. Non \u00e8 un caso che, <strong>per i jihadisti, il cristiano sia un nemico da sopprimere come lo era per i comunisti<\/strong>. <strong>La fede in Cristo \u00e8 speranza, ed entrambi devono uccidere proprio quella<\/strong>. L\u2019annuncio del Dio che si fa uomo, che entra nella storia e lo \u00a0libera sconfiggendo la morte, \u00e8 <em>\u201cscandalo e stoltezza\u201d<\/em> gi\u00e0 dai tempi di San Paolo.<br \/>\nQuesto lembo di Occidente, che ormai non crede pi\u00f9 a nulla e che vive la sua libert\u00e0 conquistata come un atto scontato, ricordi quella croce che da duemila anni ci dice che l\u2019uomo non \u00e8 schiavo di Dio, ma sua immagine e somiglianza. Ricordi che l\u2019identit\u00e0 cristiana \u00e8 il fondamento della libert\u00e0 per chi crede e per chi non crede. <strong>L\u2019Occidente, difendendo quella croce, difender\u00e0 se stesso dai suoi nemici: i fantasmi di ieri e gli incubi di oggi<\/strong>.<\/p>\n","protected":false},"excerpt":{"rendered":"<p><p>Papa Francesco \u00e8 in Albania, a rendere omaggio a una delle comunit\u00e0 cristiane pi\u00f9 oltraggiate nella storia del \u2018900. Qui, nella terra delle aquile, dal 1946 al 1990 prese forma una dei pi\u00f9 allucinanti sistemi di oppressione anticristiana che il mondo ricordi: il regime comunista albanese. Lo racconta un libro straordinario, che andrebbe fatto leggere nelle nostre scuole: \u201cIl sangue di Abele\u201d, di Padre Zef Pllumi, francescano eroico sopravvissuto alla persecuzione. Il libro \u00e8 una cruda testimonianza di come fu messa in piedi una fabbrica della follia e dell\u2019orrore sotto forma di sistema sociale; \u00e8 la storia di crimini, torture, [&hellip;]<\/p>\n&nbsp;&nbsp;<div class=\"readmore\"><a href=\"https:\/\/blog.ilgiornale.it\/rossi\/2014\/09\/22\/comunismo-e-jihadismo-due-volti-dello-stesso-orrore-anticristiano\/\">Continua a leggere...<\/a><\/div><\/p>","protected":false},"author":1036,"featured_media":0,"comment_status":"open","ping_status":"closed","sticky":false,"template":"","format":"standard","meta":[],"categories":[64863,53056],"tags":[3811,53050,53066],"_links":{"self":[{"href":"https:\/\/blog.ilgiornale.it\/rossi\/wp-json\/wp\/v2\/posts\/301"}],"collection":[{"href":"https:\/\/blog.ilgiornale.it\/rossi\/wp-json\/wp\/v2\/posts"}],"about":[{"href":"https:\/\/blog.ilgiornale.it\/rossi\/wp-json\/wp\/v2\/types\/post"}],"author":[{"embeddable":true,"href":"https:\/\/blog.ilgiornale.it\/rossi\/wp-json\/wp\/v2\/users\/1036"}],"replies":[{"embeddable":true,"href":"https:\/\/blog.ilgiornale.it\/rossi\/wp-json\/wp\/v2\/comments?post=301"}],"version-history":[{"count":9,"href":"https:\/\/blog.ilgiornale.it\/rossi\/wp-json\/wp\/v2\/posts\/301\/revisions"}],"predecessor-version":[{"id":759,"href":"https:\/\/blog.ilgiornale.it\/rossi\/wp-json\/wp\/v2\/posts\/301\/revisions\/759"}],"wp:attachment":[{"href":"https:\/\/blog.ilgiornale.it\/rossi\/wp-json\/wp\/v2\/media?parent=301"}],"wp:term":[{"taxonomy":"category","embeddable":true,"href":"https:\/\/blog.ilgiornale.it\/rossi\/wp-json\/wp\/v2\/categories?post=301"},{"taxonomy":"post_tag","embeddable":true,"href":"https:\/\/blog.ilgiornale.it\/rossi\/wp-json\/wp\/v2\/tags?post=301"}],"curies":[{"name":"wp","href":"https:\/\/api.w.org\/{rel}","templated":true}]}}