{"id":3066,"date":"2018-02-03T09:16:09","date_gmt":"2018-02-03T09:16:09","guid":{"rendered":"https:\/\/blog.ilgiornale.it\/rossi\/?p=3066"},"modified":"2018-02-03T09:18:40","modified_gmt":"2018-02-03T09:18:40","slug":"il-nigeriano-e-il-buonista","status":"publish","type":"post","link":"https:\/\/blog.ilgiornale.it\/rossi\/2018\/02\/03\/il-nigeriano-e-il-buonista\/","title":{"rendered":"Il nigeriano e il buonista"},"content":{"rendered":"<p style=\"text-align: justify\"><strong><a href=\"https:\/\/blog.ilgiornale.it\/rossi\/files\/2018\/02\/ventimiglia-dopo-la-manifestazione-pro-migranti-un-corteo-per-le-vie-della-citta-247355.660x368.jpg\"><img loading=\"lazy\" class=\"alignleft size-medium wp-image-3069\" src=\"https:\/\/blog.ilgiornale.it\/rossi\/files\/2018\/02\/ventimiglia-dopo-la-manifestazione-pro-migranti-un-corteo-per-le-vie-della-citta-247355.660x368-300x167.jpg\" alt=\"ventimiglia-dopo-la-manifestazione-pro-migranti-un-corteo-per-le-vie-della-citta-247355.660x368\" width=\"300\" height=\"167\" srcset=\"https:\/\/blog.ilgiornale.it\/rossi\/files\/2018\/02\/ventimiglia-dopo-la-manifestazione-pro-migranti-un-corteo-per-le-vie-della-citta-247355.660x368-300x167.jpg 300w, https:\/\/blog.ilgiornale.it\/rossi\/files\/2018\/02\/ventimiglia-dopo-la-manifestazione-pro-migranti-un-corteo-per-le-vie-della-citta-247355.660x368.jpg 660w\" sizes=\"(max-width: 300px) 100vw, 300px\" \/><\/a>PRIMO E SECONDO<\/strong><br \/>\nIl primo \u00e8 un nigeriano.<br \/>\nIl secondo \u00e8 un buonista.<\/p>\n<p style=\"text-align: justify\"><b>Il primo \u00e8 un criminale. <\/b><br \/>\n<b>Il secondo \u00e8 un idiota.<\/b><\/p>\n<p style=\"text-align: justify\">Il <strong>primo<\/strong> fa lo spacciatore, a volte il ladro e <a href=\"https:\/\/www.ilgiornale.it\/news\/politica\/trovati-coltelli-e-mannaia-nigeriano-fermato-candeggina-1489985.html\" target=\"_blank\">forse anche l\u2019assassino e il macellaio<\/a> sui corpi di povere ragazze.<br \/>\nIl <strong>secondo<\/strong> fa il politico di sinistra, l\u2019intellettuale impegnato, il volontario delle Ong con i soldi di Soros, il fighetto radical-chic con il culo degli altri.<\/p>\n<blockquote>\n<h3 style=\"text-align: justify\"><em>Il primo \u00e8 un nigeriano, il secondo \u00e8 un buonista. Il primo \u00e8 un criminale, il secondo \u00e8 un idiota<\/em><\/h3>\n<\/blockquote>\n<p style=\"text-align: justify\">Il <strong>primo<\/strong> \u00e8 un immigrato irregolare con precedenti penali che gira libero per le nostre citt\u00e0 a spacciare e a delinquere come se niente fosse.<br \/>\nIl <strong>secondo<\/strong> \u00e8 un italiano regolare a cui dell\u2019Italia non frega nulla ma grazie alle sue idee sballate, alla sua ipocrisia pelosa, ci sta riempiendo di rifiuti umani che vengono a distruggere la nostra gi\u00e0 difficile convivenza civile.<\/p>\n<p style=\"text-align: justify\"><strong>Il primo, il nigeriano<\/strong>, \u00e8 scappato dal suo Paese a causa della guerra, ci dicono. Ma da che mondo \u00e8 mondo dalle guerre scappano le donne e i bambini mentre lui \u00e8 un uomo di 28 anni. E francamente \u00e8 strana questa immigrazione che porta in Europa masse di giovani sani di corpo e di mente e lascia sotto le bombe e le persecuzioni i pi\u00f9 indifesi.<br \/>\n<strong>Il secondo, il buonista<\/strong>, vive da sempre qui, gode della libert\u00e0 e della sicurezza che gli sono garantiti ed \u00e8 cos\u00ec stupido da convincersi che facendo entrare tutti, lui faccia il bene di queste persone e di se stesso, mentre fa solo il bene <a href=\"https:\/\/blog.ilgiornale.it\/rossi\/2017\/02\/02\/lo-schema-soros-e-limmigrazione-indotta\/\" target=\"_blank\">dell\u2019\u00e9lite globalista che pilota questo esodo di nuovi schiavi<\/a>.<\/p>\n<p style=\"text-align: justify\"><strong>Il nigeriano,<\/strong> quello che si traveste da profugo, da povero, da diseredato, <strong>\u00e8 solo uno schifoso delinquente<\/strong> che si approfitta della possibilit\u00e0 che noi diamo a lui per farsi manovalanza delle organizzazioni criminali, in cambio di facili guadagni.<\/p>\n<p style=\"text-align: justify\"><strong>Il buonista,\u00a0<\/strong>quello che si veste di solidariet\u00e0,\u00a0<a href=\"https:\/\/blog.ilgiornale.it\/rossi\/2017\/08\/10\/canaglia-schiavista\/\" target=\"_blank\"><strong>\u00e8 solo uno schifoso schiavista<\/strong><\/a>, uno di quelli che \u00e8 convinto che gli immigrati ci pagheranno le pensioni o che \u00e8 meglio farli entrare tutti cos\u00ec li mettiamo a raccogliere i pomodori come dice Emma Bonino (e questo solo perch\u00e9 in Italia non coltiviamo cotone come nella Virginia del XIX secolo).<\/p>\n<p style=\"text-align: justify\"><strong><a href=\"https:\/\/blog.ilgiornale.it\/rossi\/files\/2018\/02\/88637_boldrini.jpg\"><img loading=\"lazy\" class=\"alignleft size-medium wp-image-3070\" src=\"https:\/\/blog.ilgiornale.it\/rossi\/files\/2018\/02\/88637_boldrini-300x138.jpg\" alt=\"88637_boldrini\" width=\"300\" height=\"138\" srcset=\"https:\/\/blog.ilgiornale.it\/rossi\/files\/2018\/02\/88637_boldrini-300x138.jpg 300w, https:\/\/blog.ilgiornale.it\/rossi\/files\/2018\/02\/88637_boldrini.jpg 804w\" sizes=\"(max-width: 300px) 100vw, 300px\" \/><\/a>NON SOLO&#8230;<\/strong><br \/>\n<strong>Il nigeriano non \u00e8 solo il nigeriano<\/strong>; \u00e8 anche il tunisino, il marocchino, il bosniaco insomma \u00e8 tutti quelli che chiamiamo clandestini e che una volta in Italia si mettono a rubare, stuprare, spacciare, assassinare, rafforzando la gi\u00e0 folta fauna di delinquenti nativi.<\/p>\n<p style=\"text-align: justify\"><strong>Il buonista non \u00e8 solo il buonista<\/strong>; \u00e8 anche l\u2019antirazzista, il progressista, il catto-comunista, l\u2019umanitarista, il prete arcobaleno, la femminista, insomma tutta quella <strong>poltiglia di retorica ed ipocrisia<\/strong> che alimenta una sottocultura che sta mandando in malora la nostra Nazione.<\/p>\n<p style=\"text-align: justify\"><strong>Sia chiara una cosa: il nigeriano e quelli come lui non hanno nulla da spartire con gli stranieri che in Italia vengono a lavorare, che rispettano le leggi e che magari sognano un giorno di diventare cittadini di questo Paese. A loro va il nostro aiuto e la nostra vera amicizia.<\/strong><\/p>\n<p style=\"text-align: justify\"><strong>Mentre al contrario, il nigeriano e il buonista<\/strong>,\u00a0l&#8217;irregolare e il suo complice italiano, il criminale che abusa della nostra libert\u00e0 e l\u2019idiota che lo legittima e lo fa entrare, rappresentano la feccia di questo Paese.<\/p>\n<p style=\"text-align: justify\"><strong>Entrambi vanno messi nella condizione di non nuocere: <\/strong>il primo, <strong>il nigeriano<\/strong>, ficcandolo in galera il tempo che occorre e poi rispedendolo a casa sua a calci nel sedere. Il secondo, <strong>il buonista<\/strong>, impedendogli democraticamente di continuare a governare questo Paese e a perpetrare i danni fin qui fatti.<\/p>\n<hr \/>\n<p><strong>Su Twitter: @GiampaoloRossi<\/strong><\/p>\n<p><em>Articoli correlati:<\/em><br \/>\n<a href=\"https:\/\/blog.ilgiornale.it\/rossi\/2017\/08\/25\/papa-francesco-soros\/\" target=\"_blank\">Papa Francesco Soros<\/a><br \/>\n<a href=\"https:\/\/blog.ilgiornale.it\/rossi\/2017\/08\/31\/stupri-e-immigrati\/\" target=\"_blank\">Stupri e immigrati<\/a><br \/>\n<a href=\"https:\/\/blog.ilgiornale.it\/rossi\/2017\/08\/10\/canaglia-schiavista\/\" target=\"_blank\">Canaglia schiavista<\/a><br \/>\n<a href=\"https:\/\/blog.ilgiornale.it\/rossi\/2017\/02\/02\/lo-schema-soros-e-limmigrazione-indotta\/\" target=\"_blank\">Lo schema Soros e l\u2019immigrazione indotta<\/a><br \/>\n<a href=\"https:\/\/blog.ilgiornale.it\/rossi\/2017\/08\/04\/immigrazione-e-manipolazione-come-i-media-tedeschi-hanno-falsificato-la-realta\/\" target=\"_blank\">Immigrazione e manipolazione: come i media tedeschi hanno falsificato la realt\u00e0<\/a><br \/>\n<a href=\"https:\/\/blog.ilgiornale.it\/rossi\/2017\/08\/10\/canaglia-schiavista\/come%20la%20sinistra%20prepara%20l%E2%80%99invasione\" target=\"_blank\">Idiozia e dolo: come la sinistra prepara l\u2019invasione<\/a><br \/>\n<a href=\"https:\/\/blog.ilgiornale.it\/rossi\/2017\/08\/10\/canaglia-schiavista\/400%20mila%20in%202%20anni.%20Lo%20Ius%20Soli%20non%20serve\" target=\"_blank\">Nuovi italiani: 400 mila in due anni. Lo Ius Soli non serve<\/a><\/p>\n","protected":false},"excerpt":{"rendered":"<p><p>PRIMO E SECONDO Il primo \u00e8 un nigeriano. Il secondo \u00e8 un buonista. Il primo \u00e8 un criminale. Il secondo \u00e8 un idiota. Il primo fa lo spacciatore, a volte il ladro e forse anche l\u2019assassino e il macellaio sui corpi di povere ragazze. Il secondo fa il politico di sinistra, l\u2019intellettuale impegnato, il volontario delle Ong con i soldi di Soros, il fighetto radical-chic con il culo degli altri. Il primo \u00e8 un nigeriano, il secondo \u00e8 un buonista. Il primo \u00e8 un criminale, il secondo \u00e8 un idiota Il primo \u00e8 un immigrato irregolare con precedenti penali che [&hellip;]<\/p>\n&nbsp;&nbsp;<div class=\"readmore\"><a href=\"https:\/\/blog.ilgiornale.it\/rossi\/2018\/02\/03\/il-nigeriano-e-il-buonista\/\">Continua a leggere...<\/a><\/div><\/p>","protected":false},"author":1036,"featured_media":0,"comment_status":"open","ping_status":"closed","sticky":false,"template":"","format":"standard","meta":[],"categories":[15,53056,64850],"tags":[24815],"_links":{"self":[{"href":"https:\/\/blog.ilgiornale.it\/rossi\/wp-json\/wp\/v2\/posts\/3066"}],"collection":[{"href":"https:\/\/blog.ilgiornale.it\/rossi\/wp-json\/wp\/v2\/posts"}],"about":[{"href":"https:\/\/blog.ilgiornale.it\/rossi\/wp-json\/wp\/v2\/types\/post"}],"author":[{"embeddable":true,"href":"https:\/\/blog.ilgiornale.it\/rossi\/wp-json\/wp\/v2\/users\/1036"}],"replies":[{"embeddable":true,"href":"https:\/\/blog.ilgiornale.it\/rossi\/wp-json\/wp\/v2\/comments?post=3066"}],"version-history":[{"count":5,"href":"https:\/\/blog.ilgiornale.it\/rossi\/wp-json\/wp\/v2\/posts\/3066\/revisions"}],"predecessor-version":[{"id":3073,"href":"https:\/\/blog.ilgiornale.it\/rossi\/wp-json\/wp\/v2\/posts\/3066\/revisions\/3073"}],"wp:attachment":[{"href":"https:\/\/blog.ilgiornale.it\/rossi\/wp-json\/wp\/v2\/media?parent=3066"}],"wp:term":[{"taxonomy":"category","embeddable":true,"href":"https:\/\/blog.ilgiornale.it\/rossi\/wp-json\/wp\/v2\/categories?post=3066"},{"taxonomy":"post_tag","embeddable":true,"href":"https:\/\/blog.ilgiornale.it\/rossi\/wp-json\/wp\/v2\/tags?post=3066"}],"curies":[{"name":"wp","href":"https:\/\/api.w.org\/{rel}","templated":true}]}}