{"id":3176,"date":"2018-04-27T10:29:42","date_gmt":"2018-04-27T10:29:42","guid":{"rendered":"https:\/\/blog.ilgiornale.it\/rossi\/?p=3176"},"modified":"2018-04-27T10:29:42","modified_gmt":"2018-04-27T10:29:42","slug":"piccolo-grande-alfie-grazie-comunque-vada","status":"publish","type":"post","link":"https:\/\/blog.ilgiornale.it\/rossi\/2018\/04\/27\/piccolo-grande-alfie-grazie-comunque-vada\/","title":{"rendered":"Piccolo Grande Alfie: grazie comunque vada"},"content":{"rendered":"<p style=\"text-align: justify\"><strong><a href=\"https:\/\/blog.ilgiornale.it\/rossi\/files\/2018\/04\/101010595_alfieevans2.jpg\"><img loading=\"lazy\" class=\"alignleft size-medium wp-image-3180\" src=\"https:\/\/blog.ilgiornale.it\/rossi\/files\/2018\/04\/101010595_alfieevans2-300x169.jpg\" alt=\"_101010595_alfieevans2\" width=\"300\" height=\"169\" srcset=\"https:\/\/blog.ilgiornale.it\/rossi\/files\/2018\/04\/101010595_alfieevans2-300x169.jpg 300w, https:\/\/blog.ilgiornale.it\/rossi\/files\/2018\/04\/101010595_alfieevans2.jpg 660w\" sizes=\"(max-width: 300px) 100vw, 300px\" \/><\/a>UN MIRACOLO O UN ERRORE<\/strong><br \/>\nDev\u2019essere stato un miracolo di Dio a cambiare, almeno per ora, il destino del piccolo Alfie.<br \/>\nChiss\u00e0, magari quell\u2019interminabile catena di preghiere e amore che da giorni in tutto il mondo la <em>pietas<\/em> cristiana ha messo in piedi, coinvolgendo persino fedeli di altre religioni.<\/p>\n<p style=\"text-align: justify\">Si, ecco, dev\u2019essere stato proprio un miracolo ad allungargli cos\u00ec tanto la vita, nonostante i medici avessero predetto che non sarebbe durato pi\u00f9 di 15 minuti dal distacco della macchina. <strong>E invece quel <em>\u201cmezzo vegetale\u201d<\/em> <\/strong>(definizione meno ipocrita del vostro \u201cpersona in stato semi-vegetativo&#8221;) <strong>continua a lottare come un guerriero spartano alle Termopili: da solo contro tutti<\/strong>.<\/p>\n<p style=\"text-align: justify\">Allora, \u00e8 stato un miracolo se \u00e8 ancora in vita? Certo che no, anche perch\u00e9 voi ai miracoli non ci credete; sono roba da ottusi oscurantisti, da creduloni di sagrestia; perch\u00e9, come scrisse quel genio cristiano di Giacomo Biffi nel suo \u201cContro Mastro Ciliegia\u201d (uno dei pi\u00f9 incredibili trattati di teologia) <em>\u201ci materialisti non mancano di logica, mancano di immaginazione; pi\u00f9 che dal ragionamento, sono sconfitti dalla fantasia: la storia effettiva del mondo \u00e8 pi\u00f9 grande di loro\u201d<\/em>.<\/p>\n<p style=\"text-align: justify\">Ma allora, se non \u00e8 stato un miracolo, occorre che troviamo un\u2019altra spiegazione meno stupida; una spiegazione razionale, logica, scientifica, incontrovertibile che illumini il nostro intelletto rassicurandoci che \u00e8 tutto sotto controllo.<\/p>\n<p style=\"text-align: justify\"><strong>Perch\u00e9 Alfie \u00e8 ancora vivo? Semplice, perch\u00e9 vi siete sbagliati, ecco la spiegazione<\/strong>; perch\u00e9 le vostre diagnosi scientifiche, i vostri consulti, i vostri insindacabili giudizi legali sulla vita e la morte, non sono poi cos\u00ec assoluti come ci fate credere.<\/p>\n<p style=\"text-align: justify\"><strong>Ma allora se vi siete sbagliati in maniera cos\u00ec plateale sulla durata della sua vita autonoma, come potete essere certi di tutte le altre cose che dite?<\/strong><\/p>\n<blockquote>\n<h3><em>Se Alfie sta ancora l\u00ec a combattere per la sua vita, come potete dire che\u00a0essa \u00e8 &#8220;futile&#8221;?<\/em><\/h3>\n<\/blockquote>\n<p style=\"text-align: justify\">Come potete essere certi che Alfie non potr\u00e0 avere alcuna possibilit\u00e0 di miglioramento visto che non conoscete neppure che tipo di malattia degenerativa lo ha colpito? E se anche fosse vero, su quali basi etiche imponete di fatto la sua soppressione?<\/p>\n<p style=\"text-align: justify\"><strong>Se avete sbagliato in maniera cos\u00ec pacchiana ed eclatante ed Alfie sta ancora l\u00ec a combattere per la sua vita, come potete affermare che essa \u00e8 \u201cfutile\u201d come ha scritto il giudice Hayden, principale sponsor della condanna a morte?<\/strong><\/p>\n<p style=\"text-align: justify\">Ora che state vedendo che lotta incredibile lui sta conducendo per non mollare contro ogni vostra previsione, <strong>come potete essere certi che \u201cucciderlo\u201d sia<em> \u201cnel suo migliore interesse\u201d<\/em>?<\/strong><\/p>\n<p style=\"text-align: justify\">Come potete decidere di negargli ci\u00f2 che lui vi sta ostinatamente chiedendo senza parole perch\u00e9 non pu\u00f2 parlare, senza gesti perch\u00e9 non pu\u00f2 muoversi, ma con una fame di vita che vale pi\u00f9 di mille parole e di mille gesti?<\/p>\n<p style=\"text-align: justify\">E siete proprio sicuri che in qualche parte di quella misteriosa macchina che \u00e8 il nostro cervello, ad Alfie non arrivi la voce della mamma o la carezza del pap\u00e0? Sicuri che il suo stato sia solo un lungo sonno insensibile e vuoto?<\/p>\n<p style=\"text-align: justify\"><strong>Non sarebbe meglio adottare un principio di prudenza?\u00a0 O forse la prudenza costa troppo\u00a0nel bilancio\u00a0della sanit\u00e0 inglese?<\/strong><\/p>\n<p style=\"text-align: justify\"><strong>DOTTI MEDICI E SAPIENTI<br \/>\n<\/strong>Su Repubblica, qualche giorno fa, la \u201cfilosofa\u201d Michela Marzano <a href=\"https:\/\/rep.repubblica.it\/pwa\/commento\/2018\/04\/23\/news\/lla_vita_di_alfie_e_un_pasticcio_italiano-194654909\/\" target=\"_blank\">ha ribadito<\/a> che quello verso Alfie \u00e8 <em>\u201caccanimento terapeutico\u201d<\/em> e che la scelta di dargli la cittadinanza italiana \u00e8 frutto di un <em>\u201cpopulismo di chi strumentalizza la sofferenza\u201d<\/em>. A volte i saggi godono di un cinismo che \u00e8 la cortina fumogena di una stupida ipocrisia.<\/p>\n<blockquote>\n<h3><em>Non \u00e8 accanimento terapeutico: ossigeno, acqua e nutrimento sono diritti essenziali che non neghereste al vostro cane<\/em><\/h3>\n<\/blockquote>\n<p style=\"text-align: justify\"><strong>Su Alfie non c\u2019\u00e8 alcun accanimento terapeutico<\/strong>; non si chiede di sperimentare su di lui farmaci o applicare terapie invasive. Si chiede semplicemente di continuare a dargli ossigeno, acqua e nutrimento basilare; <strong>diritti essenziali che la \u201cfilosofa\u201d non negherebbe neppure al suo cane<\/strong>. E la cittadinanza \u00e8 motivo di orgoglio verso <strong>il nostro Paese\u00a0che ha\u00a0il coraggio di difendere il principio per cui la decisione di staccare la spina ad un bambino \u00e8 indissolubilmente legata ad una scelta d&#8217;amore dei genitori e non all&#8217;imposizione inappellabile di uno Stato<\/strong>.<\/p>\n<p style=\"text-align: justify\">Il costituzionalista Zagrebelsky, altro esponente del laicismo militante ,riferendosi al pap\u00e0 e alla mamma di Alfie <a href=\"http:\/\/www.lastampa.it\/2018\/04\/25\/cultura\/alfie-il-bivio-tra-umanit-e-regole-d93n75ELn479VtTOXXzUbI\/pagina.html\" target=\"_blank\">ha spiegato<\/a> che il rapporto tra genitori e figli\u00a0si basa sulla \u201cresponsabilit\u00e0\u201d, non sulla \u201cpropriet\u00e0\u201d. Principio giusto ma che stona se ricordato da un difensore dell&#8217;aborto, diritto proprietario di una madre sulla vita del proprio figlio; o della fecondazione eterologa, diritto proprietario dei genitori sulla natura del proprio figlio.<\/p>\n<p style=\"text-align: justify\">La verit\u00e0 \u00e8 che non ci stanno capendo nulla. Il fatto che Alfie non sia ancora morto come pensavano (e ritenevano fosse giusto), li ha spiazzati ed in fondo un po&#8217; impauriti. <strong>Questo \u201cerrore della natura\u201d si sta dimostrando una forza della natura<\/strong>.<\/p>\n<blockquote>\n<h3><em>Questo &#8220;errore della natura&#8221; si sta dimostrando una forza della natura<\/em><\/h3>\n<\/blockquote>\n<p style=\"text-align: justify\">E allora \u201c<em>Dov&#8217;\u00e8 il sapiente? Dov&#8217;\u00e8 il dotto<\/em>?<em> Dove mai il sottile ragionatore di questo mondo?\u201d<\/em> La domanda che San Paolo poneva 2000 anni fa, ritorna oggi davanti a <strong>questo bambino di cui dicono che la vita non abbia senso, ma che sta tenendo in scacco sapienti e dotti. E se fosse questo il senso della vita di Alfie?\u00a0<\/strong>Perch\u00e9 dai tempi di Betlemme, \u00e8 sempre un bambino a raccogliere lo stupore del mondo\u00a0costringendolo a ripensarsi.<\/p>\n<p style=\"text-align: justify\"><strong>GRAZIE GUERRIERO!<\/strong><br \/>\nForza, piccolo Grande Alfie. Comunque vada hai conquistato tutti noi; c\u2019hai costretto a spolverare l\u2019anima coperta dalla fuliggine di questo tempo che chiamano Modernit\u00e0.<\/p>\n<blockquote>\n<h3><em>Difendere il pi\u00f9 debole: \u00e8 l&#8217;unica vera dimensione morale<\/em><\/h3>\n<\/blockquote>\n<p style=\"text-align: justify\"><strong>Quel cuoricino che continua a battere di vita \u00e8 un tamburo di guerra contro il nichilismo<\/strong>, <strong>un albero piantato al centro del deserto che impone su di s\u00e9 lo sguardo<\/strong>; colonna portante su cui si fonda l\u2019arcaica dimensione morale della difesa del pi\u00f9 debole; radice profonda della civilt\u00e0 cristiana e del suo essere dalla parte degli ultimi, sempre e comunque. Contraddizione di una societ\u00e0 che consegna allo Stato e alla Scienza il dominio sulla vita.<\/p>\n<p style=\"text-align: justify\"><strong>Comunque vada, piccolo Grande Alfie, hai vinto tu<\/strong>; hai dimostrato a tutti noi che la forza della vita travolge i calcoli della scienza e l\u2019astrazione del diritto.<\/p>\n<p style=\"text-align: justify\"><strong>Grazie piccolo Grande Alfie, guerriero indomabile che continui a lottare per la tua vita e in fondo anche un po\u2019 per noi<\/strong>; costringendoci a riflettere sulla nostra pretesa di violare ci\u00f2 che non conosciamo, l\u2019ignoto mistero che divide la vita e la morte.<\/p>\n<p style=\"text-align: justify\"><strong>Grazie, piccolo guerriero, comunque vada.<\/strong><\/p>\n<hr \/>\n<p><strong>Su Twitter: @GiampaoloRossi<\/strong><\/p>\n<p><em>articoli correlati:<\/em><br \/>\n<a href=\"https:\/\/blog.ilgiornale.it\/rossi\/2016\/01\/27\/la-lesbica-anti-gay-camille-paglia-e-il-coraggio-della-liberta\/\" target=\"_blank\">La lesbica anti-gay: Camille Paglia e la forza della libert\u00e0<\/a><\/p>\n","protected":false},"excerpt":{"rendered":"<p><p>UN MIRACOLO O UN ERRORE Dev\u2019essere stato un miracolo di Dio a cambiare, almeno per ora, il destino del piccolo Alfie. Chiss\u00e0, magari quell\u2019interminabile catena di preghiere e amore che da giorni in tutto il mondo la pietas cristiana ha messo in piedi, coinvolgendo persino fedeli di altre religioni. Si, ecco, dev\u2019essere stato proprio un miracolo ad allungargli cos\u00ec tanto la vita, nonostante i medici avessero predetto che non sarebbe durato pi\u00f9 di 15 minuti dal distacco della macchina. E invece quel \u201cmezzo vegetale\u201d (definizione meno ipocrita del vostro \u201cpersona in stato semi-vegetativo&#8221;) continua a lottare come un guerriero spartano [&hellip;]<\/p>\n&nbsp;&nbsp;<div class=\"readmore\"><a href=\"https:\/\/blog.ilgiornale.it\/rossi\/2018\/04\/27\/piccolo-grande-alfie-grazie-comunque-vada\/\">Continua a leggere...<\/a><\/div><\/p>","protected":false},"author":1036,"featured_media":0,"comment_status":"open","ping_status":"closed","sticky":false,"template":"","format":"standard","meta":[],"categories":[53043,53056],"tags":[302606],"_links":{"self":[{"href":"https:\/\/blog.ilgiornale.it\/rossi\/wp-json\/wp\/v2\/posts\/3176"}],"collection":[{"href":"https:\/\/blog.ilgiornale.it\/rossi\/wp-json\/wp\/v2\/posts"}],"about":[{"href":"https:\/\/blog.ilgiornale.it\/rossi\/wp-json\/wp\/v2\/types\/post"}],"author":[{"embeddable":true,"href":"https:\/\/blog.ilgiornale.it\/rossi\/wp-json\/wp\/v2\/users\/1036"}],"replies":[{"embeddable":true,"href":"https:\/\/blog.ilgiornale.it\/rossi\/wp-json\/wp\/v2\/comments?post=3176"}],"version-history":[{"count":5,"href":"https:\/\/blog.ilgiornale.it\/rossi\/wp-json\/wp\/v2\/posts\/3176\/revisions"}],"predecessor-version":[{"id":3183,"href":"https:\/\/blog.ilgiornale.it\/rossi\/wp-json\/wp\/v2\/posts\/3176\/revisions\/3183"}],"wp:attachment":[{"href":"https:\/\/blog.ilgiornale.it\/rossi\/wp-json\/wp\/v2\/media?parent=3176"}],"wp:term":[{"taxonomy":"category","embeddable":true,"href":"https:\/\/blog.ilgiornale.it\/rossi\/wp-json\/wp\/v2\/categories?post=3176"},{"taxonomy":"post_tag","embeddable":true,"href":"https:\/\/blog.ilgiornale.it\/rossi\/wp-json\/wp\/v2\/tags?post=3176"}],"curies":[{"name":"wp","href":"https:\/\/api.w.org\/{rel}","templated":true}]}}