{"id":439,"date":"2014-11-11T12:51:55","date_gmt":"2014-11-11T12:51:55","guid":{"rendered":"https:\/\/blog.ilgiornale.it\/rossi\/?p=439"},"modified":"2015-01-30T03:18:41","modified_gmt":"2015-01-30T03:18:41","slug":"il-centrodestra-ha-un-problema-di-sgabelli","status":"publish","type":"post","link":"https:\/\/blog.ilgiornale.it\/rossi\/2014\/11\/11\/il-centrodestra-ha-un-problema-di-sgabelli\/","title":{"rendered":"Il centrodestra? Ha un problema di sgabelli"},"content":{"rendered":"<p style=\"text-align: justify\"><a href=\"https:\/\/blog.ilgiornale.it\/rossi\/files\/2014\/11\/sgabello-reagan.png\"><img loading=\"lazy\" class=\"alignleft size-medium wp-image-440\" src=\"https:\/\/blog.ilgiornale.it\/rossi\/files\/2014\/11\/sgabello-reagan-288x300.png\" alt=\"\" width=\"288\" height=\"300\" srcset=\"https:\/\/blog.ilgiornale.it\/rossi\/files\/2014\/11\/sgabello-reagan-288x300.png 288w, https:\/\/blog.ilgiornale.it\/rossi\/files\/2014\/11\/sgabello-reagan.png 362w\" sizes=\"(max-width: 288px) 100vw, 288px\" \/><\/a>Inutile illudersi: l\u2019irruzione di Matteo Renzi nella scena politica italiana \u00e8 un terremoto che sconvolge non solo la sinistra, obbligandola ad un\u2019accelerazione storica senza precedenti, ma anche la destra. Gli effetti del \u201crenzismo\u201d si stanno abbattendo come meteoriti sul pianeta un tempo berlusconiano ed oggi frantumato in una galassia di piccoli e medi partiti.<br \/>\nQui la situazione rischia di essere ancora pi\u00f9 devastante a causa di un\u2019anomalia prodotta in laboratorio: l\u2019eliminazione politica per via giudiziaria del suo leader storico non ha dato tempo al centrodestra di trovare gli anticorpi necessari per arginare l\u2019invasione aliena dei renziani che rischiano di contaminare un elettorato gi\u00e0 debilitato da delusioni politiche, tradimenti e congiure.<br \/>\n\u00c8 un punto di non ritorno di cui Berlusconi \u00e8 consapevole. <strong>Le classi dirigenti di Forza Italia, Lega, Ncd e FdI, continuano a muoversi per tatticismi e sopravvivenze quotidiane <\/strong>non pensando che occorre rifondare un\u2019intera area politica e culturale che si consuma a fuoco lento.<br \/>\nIl fenomeno <strong>Salvini<\/strong>, che sta interessando media e analisti, \u00e8 oggi l\u2019unica vera novit\u00e0 di quest\u2019area; ma nonostante il coraggio del leader leghista, la sua capacit\u00e0 di porsi come l\u2019anti-Renzi in Italia, la sua lucida analisi sul \u201cmale dell\u2019Europa\u201d e della tecnocrazia e la capacit\u00e0 di far uscire il movimento dallo stretto ambito nordista che l\u2019ha sempre caratterizzato, il suo rimane un progetto impossibilitato a ricostruire quella \u201cdestra di governo\u201d che Berlusconi fu capace di inventare.<br \/>\nL&#8217;unica soluzione \u00e8 un <strong>centrodestra \u201crifondato\u201d<\/strong> in un percorso diverso da quello del 1994, quando la discesa in campo del Cavaliere fu cos\u00ec inattesa da impedire alla gioiosa macchina da guerra della sinistra, che gi\u00e0 s\u2019immaginava al governo del paese con l\u2019aiuto della magistratura e dei poteri forti, di adottare le contromisure adeguate.<br \/>\nAllora, nel giro di poco tempo, l\u2019Italia conobbe la trasformazione di un elettorato moderato e conservatore in un blocco sociale agguerrito, dinamico, rivoluzionario nell\u2019aspirazione di cambiare l\u2019assetto di un Paese e di modernizzarlo dentro una visione liberale e identitaria. Quell\u2019elettorato timido e passivo che si raccoglieva attorno al sistema di valori democristiano, garantito da condizioni storiche e assetti internazionali, rappresentava la maggioranza di un Paese che spesso turandosi il naso (come faceva il liberale eretico Montanelli) arginava il rischio che l\u2019Italia finisse nelle mani del pi\u00f9 potente partito comunista d\u2019Occidente.<br \/>\nEra una maggioranza silenziosa, impaurita, che Berlusconi trasform\u00f2 in una maggioranza consapevole e rumorosa, capace di rappresentare un preciso segmento sociale: quel ceto medio produttivo schiacciato dallo statalismo, dalla burocrazia e dalle tasse.<br \/>\n<strong>Berlusconi ha costruito la destra italiana dentro un \u201cprogetto fusionista\u201d che ha messo insieme le grandi famiglie politiche del conservatorismo, sdoganando culture (come quella della destra e quella liberale) fino a quel momento marginali e raccogliendo in un alveo costituzionale la naturale eversione politica del federalismo leghista<\/strong>. Che questo progetto \u201cfusionista\u201d fosse consapevole o meno, poco importa; esso \u00e8 accaduto e ha permesso la nascita del bipolarismo italiano e di uno dei maggiori partiti conservatori europei (il Pdl).<br \/>\n<strong>Finch\u00e9 questo progetto ha retto, il centrodestra \u00e8 stato maggioranza nel paese, sconfitto solo dai suoi errori e dai soliti \u201cpoteri forti\u201d interni ed esterni<\/strong>. Ora che \u201cil progetto fusionista\u201d si \u00e8 dissolto, il nemico attinge a piene mani all\u2019immaginario e ai contenuti che la destra ha elaborato negli anni.<br \/>\n<strong>Ronald Reagan<\/strong> spiegava che la destra americana era come uno <strong><em>\u201csgabello a tre gambe\u201d<\/em><\/strong>; togliendone una, lo sgabello cadeva a terra. Le tre gambe rappresentavano le tre anime fondanti: liberale in economia, conservatrice nella visione della societ\u00e0, identitaria e sovranista in politica estera; pi\u00f9 o meno le stesse che hanno dato vita all\u2019esperienza italiana.<br \/>\n<strong>Oggi il centrodestra \u00e8 davanti ad un bivio: o provare a <em>\u201cricostruire lo sgabello\u201d<\/em><\/strong> su cui poggiare il nuovo progetto politico attorno ai temi della libert\u00e0 economica (meno tasse, meno Stato), delle libert\u00e0 civili (nuovi diritti e doveri), della sovranit\u00e0 (politica, monetaria, energetica) <strong>o ridursi a <em>\u201cfare da sgabello\u201d<\/em> alla nuova stagione renziana<\/strong>.<\/p>\n<p style=\"text-align: justify\"><strong>Su Twitter: @GiampaoloRossi<\/strong><\/p>\n","protected":false},"excerpt":{"rendered":"<p><p>Inutile illudersi: l\u2019irruzione di Matteo Renzi nella scena politica italiana \u00e8 un terremoto che sconvolge non solo la sinistra, obbligandola ad un\u2019accelerazione storica senza precedenti, ma anche la destra. Gli effetti del \u201crenzismo\u201d si stanno abbattendo come meteoriti sul pianeta un tempo berlusconiano ed oggi frantumato in una galassia di piccoli e medi partiti. Qui la situazione rischia di essere ancora pi\u00f9 devastante a causa di un\u2019anomalia prodotta in laboratorio: l\u2019eliminazione politica per via giudiziaria del suo leader storico non ha dato tempo al centrodestra di trovare gli anticorpi necessari per arginare l\u2019invasione aliena dei renziani che rischiano di contaminare [&hellip;]<\/p>\n&nbsp;&nbsp;<div class=\"readmore\"><a href=\"https:\/\/blog.ilgiornale.it\/rossi\/2014\/11\/11\/il-centrodestra-ha-un-problema-di-sgabelli\/\">Continua a leggere...<\/a><\/div><\/p>","protected":false},"author":1036,"featured_media":0,"comment_status":"open","ping_status":"closed","sticky":false,"template":"","format":"standard","meta":[],"categories":[64857,64885,53056],"tags":[112,89,53075,40865],"_links":{"self":[{"href":"https:\/\/blog.ilgiornale.it\/rossi\/wp-json\/wp\/v2\/posts\/439"}],"collection":[{"href":"https:\/\/blog.ilgiornale.it\/rossi\/wp-json\/wp\/v2\/posts"}],"about":[{"href":"https:\/\/blog.ilgiornale.it\/rossi\/wp-json\/wp\/v2\/types\/post"}],"author":[{"embeddable":true,"href":"https:\/\/blog.ilgiornale.it\/rossi\/wp-json\/wp\/v2\/users\/1036"}],"replies":[{"embeddable":true,"href":"https:\/\/blog.ilgiornale.it\/rossi\/wp-json\/wp\/v2\/comments?post=439"}],"version-history":[{"count":10,"href":"https:\/\/blog.ilgiornale.it\/rossi\/wp-json\/wp\/v2\/posts\/439\/revisions"}],"predecessor-version":[{"id":740,"href":"https:\/\/blog.ilgiornale.it\/rossi\/wp-json\/wp\/v2\/posts\/439\/revisions\/740"}],"wp:attachment":[{"href":"https:\/\/blog.ilgiornale.it\/rossi\/wp-json\/wp\/v2\/media?parent=439"}],"wp:term":[{"taxonomy":"category","embeddable":true,"href":"https:\/\/blog.ilgiornale.it\/rossi\/wp-json\/wp\/v2\/categories?post=439"},{"taxonomy":"post_tag","embeddable":true,"href":"https:\/\/blog.ilgiornale.it\/rossi\/wp-json\/wp\/v2\/tags?post=439"}],"curies":[{"name":"wp","href":"https:\/\/api.w.org\/{rel}","templated":true}]}}