{"id":617,"date":"2015-01-17T09:59:58","date_gmt":"2015-01-17T09:59:58","guid":{"rendered":"https:\/\/blog.ilgiornale.it\/rossi\/?p=617"},"modified":"2015-01-30T03:11:29","modified_gmt":"2015-01-30T03:11:29","slug":"berlusconi-renzi-e-il-prestigio-dellitalia-in-due-video","status":"publish","type":"post","link":"https:\/\/blog.ilgiornale.it\/rossi\/2015\/01\/17\/berlusconi-renzi-e-il-prestigio-dellitalia-in-due-video\/","title":{"rendered":"Berlusconi, Renzi e il prestigio dell&#8217;Italia (in due video)"},"content":{"rendered":"<p style=\"text-align: justify\"><strong>Cari amici di sinistra, guardate questo video (cliccando sulla foto)<\/strong><\/p>\n<p style=\"text-align: justify\"><a href=\"https:\/\/www.youtube.com\/watch?v=aH1TZDwX8ks\" rel=\"https:\/\/www.youtube.com\/watch?v=aH1TZDwX8ks\" target=\"_blank\"><img loading=\"lazy\" class=\"size-full wp-image-620 alignnone\" src=\"https:\/\/blog.ilgiornale.it\/rossi\/files\/2015\/01\/Cav-congresso-Usa.jpeg\" alt=\"\" width=\"259\" height=\"194\" \/><\/a><\/p>\n<p style=\"text-align: justify\"><span style=\"font-size: 13px;line-height: 19px\">Se eliminate tutti i vostri pregiudizi, le vostre preclusioni ideologiche, il vostro incontrollabile desiderio di denigrare sempre e comunque l\u2019avversario, cosa vedete? Vedete un Presidente del Consiglio italiano parlare davanti al pi\u00f9 importante parlamento del mondo, quello americano, riunito e riempito in ogni ordine e grado. Vedete membri del Congresso Usa, conservatori e democratici, accorsi ad ascoltare l\u2019alleato europeo con attenzione, forse curiosit\u00e0, sicuramente rispetto; concentrati verso un discorso di una profondit\u00e0 semplice che spiegava il senso di ci\u00f2 che lega un\u2019idea di libert\u00e0 tra due popoli ed un\u2019alleanza che proprio in quei giorni (siamo nel 2006) era solida e forte.<br \/>\nPoi cos&#8217;altro vedete? Vedete quel Presidente del Consiglio ricevere una standing ovation di oltre 5 minuti dall\u2019intera Assemblea; <strong>una standig ovation che nessuno capo di governo occidentale aveva mai ricevuto<\/strong>. Il segno di un rispetto per un Paese e dell\u2019importanza che in quel momento del ruolo che ricopriva nella lotta al terrorismo.<\/span><\/p>\n<p style=\"text-align: justify\"><strong>Cari amici di sinistra, ora guardate quest\u2019altro video (sempre cliccando sulla foto)<\/strong><\/p>\n<p style=\"text-align: justify\"><a href=\"https:\/\/www.youtube.com\/watch?v=dkfXwycFo3E\" target=\"_blank\"><img loading=\"lazy\" class=\"size-medium wp-image-622 alignnone\" src=\"https:\/\/blog.ilgiornale.it\/rossi\/files\/2015\/01\/renzi-a-strasburgo-300x211.jpg\" alt=\"\" width=\"300\" height=\"211\" srcset=\"https:\/\/blog.ilgiornale.it\/rossi\/files\/2015\/01\/renzi-a-strasburgo-300x211.jpg 300w, https:\/\/blog.ilgiornale.it\/rossi\/files\/2015\/01\/renzi-a-strasburgo.jpg 457w\" sizes=\"(max-width: 300px) 100vw, 300px\" \/><\/a><\/p>\n<p style=\"text-align: justify\">Se togliete la vostra faziosit\u00e0, la vostra arroganza intellettuale, il vostro senso di superiorit\u00e0 morale, cosa vedete? Vedete un altro Presidente del Consiglio italiano parlare davanti ad un altro parlamento altrettanto importante, quello europeo, riunito per ascoltare il discorso conclusivo del semestre di presidenza italiana all\u2019Unione Europea. Una seduta ufficiale che avrebbe dovuto imporre la presenza dei parlamentari; e invece l\u2019aula \u00e8 desolatamente vuota. Ad ascoltare il capo del governo italiano, quasi nessuno tranne il povero Salvini e qualche altro deputato italiano. Un\u2019umiliazione per il nostro Paese, <strong>la dimostrazione che in Europa contiamo poco o nulla<\/strong> nonostante le arie da sbruffoncelli che ci diamo.<br \/>\nE cos\u00ec, il discorso del premier italiano diventa una conferenza stampa ad uso interno, una raccolta di battute da osteria (quella sui leghisti che non sanno leggere pi\u00f9 di due libri) e di affermazioni surreali: <em>\u201cle famiglie italiane si stanno arricchendo\u201d<\/em>.<br \/>\nAlla fine nessuna standing ovation ma una imbarazzante ritirata che si cercher\u00e0 di nascondere con qualche tweet spiritoso.<\/p>\n<p style=\"text-align: justify\"><strong>Il paradosso che emerge da questi due video \u00e8 che del primo Presidente del Consiglio scrivevano allora che distruggeva il prestigio dell\u2019Italia all\u2019estero. Del secondo scrivono ora che grazie a lui sta aumentando il prestigio dell\u2019Italia all\u2019estero.<\/strong><\/p>\n<p style=\"text-align: justify\">Cari amici di sinistra, provate a riflettere con onest\u00e0 intellettuale se per caso la realt\u00e0 non sia un po&#8217; pi\u00f9 complessa di quanto ci hanno mostrato; se le sfumature attorno alle quali avete costruito i vostri giudizi non siano state leggermente, ma solo leggermente per carit\u00e0, manipolate dai vostri imam intellettuali, giornalisti e ma\u00eetre \u00e0 penser; e se, sempre per caso, <strong>la storia del nostro Paese degli ultimi anni non meriti di essere scritta con pi\u00f9 coraggio e verit\u00e0<\/strong>.<\/p>\n<p style=\"text-align: justify\"><strong>Su Twitter: @GiampaoloRossi<\/strong><\/p>\n<p style=\"text-align: justify\"><strong><\/strong><em>Articoli correlati:<br \/>\n<a href=\"https:\/\/www.ilgiornale.it\/news\/politica\/diplomazia-parallela-cavaliere-1061603.html\" target=\"_blank\"> La diplomazia parallela del Cavaliere<\/a><br \/>\n<a href=\"https:\/\/blog.ilgiornale.it\/rossi\/2014\/06\/27\/vendola-vs-renzi-il-parolaio-magico-e-il-pifferaio-magico\/\" target=\"_blank\">Vendola vs Renzi : il parolaio magico e il pifferaio magico<\/a><\/em><\/p>\n","protected":false},"excerpt":{"rendered":"<p><p>Cari amici di sinistra, guardate questo video (cliccando sulla foto) Se eliminate tutti i vostri pregiudizi, le vostre preclusioni ideologiche, il vostro incontrollabile desiderio di denigrare sempre e comunque l\u2019avversario, cosa vedete? Vedete un Presidente del Consiglio italiano parlare davanti al pi\u00f9 importante parlamento del mondo, quello americano, riunito e riempito in ogni ordine e grado. Vedete membri del Congresso Usa, conservatori e democratici, accorsi ad ascoltare l\u2019alleato europeo con attenzione, forse curiosit\u00e0, sicuramente rispetto; concentrati verso un discorso di una profondit\u00e0 semplice che spiegava il senso di ci\u00f2 che lega un\u2019idea di libert\u00e0 tra due popoli ed un\u2019alleanza che [&hellip;]<\/p>\n&nbsp;&nbsp;<div class=\"readmore\"><a href=\"https:\/\/blog.ilgiornale.it\/rossi\/2015\/01\/17\/berlusconi-renzi-e-il-prestigio-dellitalia-in-due-video\/\">Continua a leggere...<\/a><\/div><\/p>","protected":false},"author":1036,"featured_media":0,"comment_status":"open","ping_status":"closed","sticky":false,"template":"","format":"standard","meta":[],"categories":[64857,53043,33146,64858],"tags":[112,6111,40865],"_links":{"self":[{"href":"https:\/\/blog.ilgiornale.it\/rossi\/wp-json\/wp\/v2\/posts\/617"}],"collection":[{"href":"https:\/\/blog.ilgiornale.it\/rossi\/wp-json\/wp\/v2\/posts"}],"about":[{"href":"https:\/\/blog.ilgiornale.it\/rossi\/wp-json\/wp\/v2\/types\/post"}],"author":[{"embeddable":true,"href":"https:\/\/blog.ilgiornale.it\/rossi\/wp-json\/wp\/v2\/users\/1036"}],"replies":[{"embeddable":true,"href":"https:\/\/blog.ilgiornale.it\/rossi\/wp-json\/wp\/v2\/comments?post=617"}],"version-history":[{"count":23,"href":"https:\/\/blog.ilgiornale.it\/rossi\/wp-json\/wp\/v2\/posts\/617\/revisions"}],"predecessor-version":[{"id":735,"href":"https:\/\/blog.ilgiornale.it\/rossi\/wp-json\/wp\/v2\/posts\/617\/revisions\/735"}],"wp:attachment":[{"href":"https:\/\/blog.ilgiornale.it\/rossi\/wp-json\/wp\/v2\/media?parent=617"}],"wp:term":[{"taxonomy":"category","embeddable":true,"href":"https:\/\/blog.ilgiornale.it\/rossi\/wp-json\/wp\/v2\/categories?post=617"},{"taxonomy":"post_tag","embeddable":true,"href":"https:\/\/blog.ilgiornale.it\/rossi\/wp-json\/wp\/v2\/tags?post=617"}],"curies":[{"name":"wp","href":"https:\/\/api.w.org\/{rel}","templated":true}]}}