{"id":91,"date":"2016-04-05T10:30:59","date_gmt":"2016-04-05T08:30:59","guid":{"rendered":"https:\/\/blog.ilgiornale.it\/rossoenero\/?p=91"},"modified":"2016-04-05T09:25:24","modified_gmt":"2016-04-05T07:25:24","slug":"a-rischio-la-candidatura-della-raggi-a-roma-il-m5s-in-tribunale","status":"publish","type":"post","link":"https:\/\/blog.ilgiornale.it\/rossoenero\/2016\/04\/05\/a-rischio-la-candidatura-della-raggi-a-roma-il-m5s-in-tribunale\/","title":{"rendered":"A rischio la candidatura della Raggi a Roma: il M5S in tribunale"},"content":{"rendered":"<p><span class=\"entry-content\">Il cammino per il candidato sindaco pentastellato nella Capitale sembra tutto in discesa. La Raggi, scelta da Casaleggio e confermata dal voto online (quando mai quel voto non ha confermato decisioni gi\u00e0 prese da Casaleggio?), piace a tutti, e grazie ai collegamenti internazionali della Casaleggio &amp; Associati piace anche alla finanza globale.<\/span><\/p>\n<p><a href=\"https:\/\/blog.ilgiornale.it\/rossoenero\/files\/2016\/04\/gianroberto_casaleggio.jpg\"><img loading=\"lazy\" class=\"alignnone size-medium wp-image-92\" src=\"https:\/\/blog.ilgiornale.it\/rossoenero\/files\/2016\/04\/gianroberto_casaleggio-300x188.jpg\" alt=\"gianroberto_casaleggio\" width=\"300\" height=\"188\" srcset=\"https:\/\/blog.ilgiornale.it\/rossoenero\/files\/2016\/04\/gianroberto_casaleggio-300x188.jpg 300w, https:\/\/blog.ilgiornale.it\/rossoenero\/files\/2016\/04\/gianroberto_casaleggio.jpg 738w\" sizes=\"(max-width: 300px) 100vw, 300px\" \/><\/a><\/p>\n<p><span class=\"entry-content\">Al ballottaggio con Giachetti il gioco \u00e8 fatto. Solo un centrodestra unito avrebbe potuto competere e forse anche vincere, in Liguria il centrodestra unito \u00e8 stato in grado di sconfiggere proprio il M5s, che sembrava avesse la vittoria assicurata proprio come oggi a Roma, ma le cose nella Capitale stanno andando per ora diversamente. Tuttavia un piccolo sassolino nell&#8217;ingranaggio perfettamente lubrificato potr\u00e0 forse metterlo l&#8217;impugnazione della espulsione di tre attivisti romani, espulsi in occasione delle \u00abcomunarie\u00bb, impugnazione che si discuter\u00e0 oggi davanti al Tribunale di Roma. Potrebbe essere solo l&#8217;inizio. Sembra infatti che un gruppo pi\u00f9 consistente di attivisti napoletani (37) intenda nei prossimi giorni muoversi in modo analogo. \u00c8 la prima volta che questo succede. La matassa che il giudice dovr\u00e0 dipanare non \u00e8 facile. Ma ci sono alcuni elementi su cui vale la pena riflettere. Per altri elementi rinviamo al\u00a0 libro Cinquestelle &amp; Associati, di imminente pubblicazione presso Kaos di Milano, un libro che contiene alcuni documenti inediti di sicuro interesse. Le espulsioni che sono state discusse in Tribunale ieri in tarda mattinata (ma anche quelle di tutti gli altri che non hanno fatto ricorso) sono state disposte in violazione di quanto dispone l&#8217;art. 24 del Codice civile, il quale riserva all&#8217;assemblea degli associati il potere di escludere gli iscritti, soltanto laddove sussistano \u00abgravi motivi\u00bb. <\/span><\/p>\n<p><span class=\"entry-content\">La circostanza che la procedura di espulsione ricalchi quanto previsto dal Regolamento pubblicato sul blog beppegrillo.it il 23.12.2014 \u00e8 del tutto irrilevante sotto diversi profili, ma in primo luogo in quanto il patto associativo degli iscritti \u00e8 regolato dal Non Statuto, e questo non pu\u00f2 essere modificato che con l&#8217;accordo degli associati. Il Regolamento, non essendo stato elaborato e deliberato nelle forme di legge, dovrebbe pertanto essere considerato giuridicamente inesistente o quanto meno nullo, con conseguenze che potrebbero andare molto al di l\u00e0 del caso concreto. Ora \u00e8 ovvio che se questo Regolamento fosse dichiarato dal Tribunale inesistente o nullo, ci\u00f2 avrebbe conseguenze dirompenti.In secondo luogo i ricorrenti avranno buon gioco a mostrare che la carica di \u00abcapo politico del Movimento\u00bb cui fa riferimento il Regolamento in questione nell&#8217;indicare l&#8217;organo dotato dei poteri di espulsione, non \u00e8 prevista dal Non Statuto, cos\u00ec come non son previste le modalit\u00e0 della sua elezione e non risulta comunque sia mai stata effettuata una votazione per la nomina del \u00abcapo politico del Movimento\u00bb. E ancora: i provvedimenti di espulsione sono stati comunicati \u00abin nome e per conto di Beppe Grillo\u00bb, da un&#8217;entit\u00e0, \u00ablo staff di Beppe Grillo\u00bb, che non solo non \u00e8 contemplata dal Non Statuto, ma che \u00e8 di impossibile configurazione giuridica. <\/span><\/p>\n<p><span class=\"entry-content\">Degno di rilievo \u00e8 il \u00abconsiglio direttivo\u00bb a cui si fa riferimento non \u00e8 in alcun modo previsto dal Non Statuto dell&#8217;Associazione MoVimento 5 Stelle, ma dallo Statuto della diversa Associazione, costituita da Beppe Grillo con atto notarile, il 14.12.2012, denominata \u00abMovimento 5 Stelle\u00bb (con la v minuscola) e composta da sole quattro persone Da notare, questa nuova Associazione si \u00e8 costituita 8 giorni dopo che la vecchia associazione aveva espresso i suoi candidati al parlamento in vista delle elezioni del 2013. Insomma, come dimostrato nel\u00a0 libro Cinquestelle e Associati, esistono due diversi Movimenti e ora un giudice, dovendo chiarire da quale dei due i tre attivisti, come molti altri, sono stati espulsi, dovr\u00e0 anche far luce sulla natura giuridica e sulla organizzazione tutt&#8217;altro che trasparente di un Movimento che proprio della trasparenza ha fatto il suo cavallo di battaglia. I ricorrenti, oltre a chiedere l&#8217;annullamento delle espulsioni, chiedono al Tribunale di ordinare in via cautelare e d&#8217;urgenza il rinnovo delle primarie in modo che queste si svolgano anche con la partecipazione dei tre esclusi, al fine preservare i principi di legalit\u00e0 e democrazia garantiti dalla nostra costituzione. Il giudice ha ieri concesso 48 ore alle parti per il deposito delle note. Gi\u00e0 la prossima settimana dovrebbe esserci il provvedimento.<br \/>\n<\/span><\/p>\n","protected":false},"excerpt":{"rendered":"<p><p>Il cammino per il candidato sindaco pentastellato nella Capitale sembra tutto in discesa. La Raggi, scelta da Casaleggio e confermata dal voto online (quando mai quel voto non ha confermato decisioni gi\u00e0 prese da Casaleggio?), piace a tutti, e grazie ai collegamenti internazionali della Casaleggio &amp; Associati piace anche alla finanza globale. Al ballottaggio con Giachetti il gioco \u00e8 fatto. Solo un centrodestra unito avrebbe potuto competere e forse anche vincere, in Liguria il centrodestra unito \u00e8 stato in grado di sconfiggere proprio il M5s, che sembrava avesse la vittoria assicurata proprio come oggi a Roma, ma le cose nella [&hellip;]<\/p>\n&nbsp;&nbsp;<div class=\"readmore\"><a href=\"https:\/\/blog.ilgiornale.it\/rossoenero\/2016\/04\/05\/a-rischio-la-candidatura-della-raggi-a-roma-il-m5s-in-tribunale\/\">Continua a leggere...<\/a><\/div><\/p>","protected":false},"author":1078,"featured_media":0,"comment_status":"open","ping_status":"closed","sticky":false,"template":"","format":"standard","meta":[],"categories":[247],"tags":[30082,91,14505,143799],"_links":{"self":[{"href":"https:\/\/blog.ilgiornale.it\/rossoenero\/wp-json\/wp\/v2\/posts\/91"}],"collection":[{"href":"https:\/\/blog.ilgiornale.it\/rossoenero\/wp-json\/wp\/v2\/posts"}],"about":[{"href":"https:\/\/blog.ilgiornale.it\/rossoenero\/wp-json\/wp\/v2\/types\/post"}],"author":[{"embeddable":true,"href":"https:\/\/blog.ilgiornale.it\/rossoenero\/wp-json\/wp\/v2\/users\/1078"}],"replies":[{"embeddable":true,"href":"https:\/\/blog.ilgiornale.it\/rossoenero\/wp-json\/wp\/v2\/comments?post=91"}],"version-history":[{"count":1,"href":"https:\/\/blog.ilgiornale.it\/rossoenero\/wp-json\/wp\/v2\/posts\/91\/revisions"}],"predecessor-version":[{"id":93,"href":"https:\/\/blog.ilgiornale.it\/rossoenero\/wp-json\/wp\/v2\/posts\/91\/revisions\/93"}],"wp:attachment":[{"href":"https:\/\/blog.ilgiornale.it\/rossoenero\/wp-json\/wp\/v2\/media?parent=91"}],"wp:term":[{"taxonomy":"category","embeddable":true,"href":"https:\/\/blog.ilgiornale.it\/rossoenero\/wp-json\/wp\/v2\/categories?post=91"},{"taxonomy":"post_tag","embeddable":true,"href":"https:\/\/blog.ilgiornale.it\/rossoenero\/wp-json\/wp\/v2\/tags?post=91"}],"curies":[{"name":"wp","href":"https:\/\/api.w.org\/{rel}","templated":true}]}}