{"id":11023,"date":"2014-02-03T20:21:23","date_gmt":"2014-02-03T19:21:23","guid":{"rendered":"https:\/\/blog.ilgiornale.it\/ruzzo\/?p=11023"},"modified":"2014-02-03T20:26:36","modified_gmt":"2014-02-03T19:26:36","slug":"siamo-tutti-atleti-non-proprio","status":"publish","type":"post","link":"https:\/\/blog.ilgiornale.it\/ruzzo\/2014\/02\/03\/siamo-tutti-atleti-non-proprio\/","title":{"rendered":"Siamo tutti atleti? Non proprio"},"content":{"rendered":"<p><a href=\"https:\/\/blog.ilgiornale.it\/ruzzo\/files\/2014\/02\/ere2.jpg\"><img loading=\"lazy\" class=\"alignleft size-thumbnail wp-image-11031\" src=\"https:\/\/blog.ilgiornale.it\/ruzzo\/files\/2014\/02\/ere2-150x150.jpg\" alt=\"\" width=\"150\" height=\"150\" \/><\/a>Prima di cominciare qualsiasi discorso si deve partire da una massima: ognuno corre come gli pare. E\u00a0 non si discute. Forte, piano, spingendo sui talloni o pi\u00f9 sulle punte, alzando le ginocchia oppure tenendo i piedi rasenti al suolo. Con le braccia pi\u00f9 vicine ai fianchi, oppure pi\u00f9 larghe, pi\u00f9 alte o pi\u00f9 basse. Insomma liberi. L&#8217;importante \u00e8 muoversi e star bene. Per\u00f2 poi ogni tanto viene voglia di mettere i puntini sulle &#8220;i e di rimettere i tasselli al\u00a0giusto posto. Perch\u00e8 tra chi &#8220;va&#8221; sul serio e chi ci prova comunque c&#8217;\u00e8 una bella differenza,\u00a0 perch\u00e8 una cosa \u00e8 la corsa un&#8217;altra il jogging fatto al parco e perch\u00e8\u00a0gli amatori\u00a0 saranno anche veloci ma gli atleti sono un&#8217;altra cosa. Cos\u00ec quando senti qualcuno che fa il fenomeno sbandierandoti\u00a0 i suoi tempi su una mezza\u00a0 che &#8220;sfiorano&#8221; i 5 al chilometro ti viene in mente che tra tutti i triatleti\u00a0seri che conosci c&#8217;\u00e8 uno\u00a0come <strong>Ivan Risti<\/strong> che ieri a Lecco nella prima mezza della sua stagione\u00a0arriva\u00a0\u00a0senza troppa fatica \u00a0al traguardo in 1h13&#8217;37&#8221;. Certo, c&#8217;\u00e8 anche chi va pi\u00f9 veloce\u00a0di lui\u00a0ma\u00a0 la media resta\u00a0comunque sotto i 3&#8217;30&#8221; al km. Che \u00e8 tutta un&#8217;altra cosa. Che \u00e8 tutto un altro sport. Ed \u00e8 per questo che quando guardo i miei tempi la domanda mi viene spontanea. Siamo tutti atleti? Non proprio&#8230;<\/p>\n","protected":false},"excerpt":{"rendered":"<p><p>Prima di cominciare qualsiasi discorso si deve partire da una massima: ognuno corre come gli pare. E\u00a0 non si discute. Forte, piano, spingendo sui talloni o pi\u00f9 sulle punte, alzando le ginocchia oppure tenendo i piedi rasenti al suolo. Con le braccia pi\u00f9 vicine ai fianchi, oppure pi\u00f9 larghe, pi\u00f9 alte o pi\u00f9 basse. Insomma liberi. L&#8217;importante \u00e8 muoversi e star bene. Per\u00f2 poi ogni tanto viene voglia di mettere i puntini sulle &#8220;i e di rimettere i tasselli al\u00a0giusto posto. Perch\u00e8 tra chi &#8220;va&#8221; sul serio e chi ci prova comunque c&#8217;\u00e8 una bella differenza,\u00a0 perch\u00e8 una cosa \u00e8 [&hellip;]<\/p>\n&nbsp;&nbsp;<div class=\"readmore\"><a href=\"https:\/\/blog.ilgiornale.it\/ruzzo\/2014\/02\/03\/siamo-tutti-atleti-non-proprio\/\">Continua a leggere...<\/a><\/div><\/p>","protected":false},"author":956,"featured_media":0,"comment_status":"open","ping_status":"closed","sticky":false,"template":"","format":"standard","meta":[],"categories":[1],"tags":[40502,36186,40501],"_links":{"self":[{"href":"https:\/\/blog.ilgiornale.it\/ruzzo\/wp-json\/wp\/v2\/posts\/11023"}],"collection":[{"href":"https:\/\/blog.ilgiornale.it\/ruzzo\/wp-json\/wp\/v2\/posts"}],"about":[{"href":"https:\/\/blog.ilgiornale.it\/ruzzo\/wp-json\/wp\/v2\/types\/post"}],"author":[{"embeddable":true,"href":"https:\/\/blog.ilgiornale.it\/ruzzo\/wp-json\/wp\/v2\/users\/956"}],"replies":[{"embeddable":true,"href":"https:\/\/blog.ilgiornale.it\/ruzzo\/wp-json\/wp\/v2\/comments?post=11023"}],"version-history":[{"count":5,"href":"https:\/\/blog.ilgiornale.it\/ruzzo\/wp-json\/wp\/v2\/posts\/11023\/revisions"}],"predecessor-version":[{"id":11035,"href":"https:\/\/blog.ilgiornale.it\/ruzzo\/wp-json\/wp\/v2\/posts\/11023\/revisions\/11035"}],"wp:attachment":[{"href":"https:\/\/blog.ilgiornale.it\/ruzzo\/wp-json\/wp\/v2\/media?parent=11023"}],"wp:term":[{"taxonomy":"category","embeddable":true,"href":"https:\/\/blog.ilgiornale.it\/ruzzo\/wp-json\/wp\/v2\/categories?post=11023"},{"taxonomy":"post_tag","embeddable":true,"href":"https:\/\/blog.ilgiornale.it\/ruzzo\/wp-json\/wp\/v2\/tags?post=11023"}],"curies":[{"name":"wp","href":"https:\/\/api.w.org\/{rel}","templated":true}]}}