{"id":11078,"date":"2014-02-11T21:21:41","date_gmt":"2014-02-11T20:21:41","guid":{"rendered":"https:\/\/blog.ilgiornale.it\/ruzzo\/?p=11078"},"modified":"2014-02-11T21:27:00","modified_gmt":"2014-02-11T20:27:00","slug":"danilo-goffi-il-sogno-ricomincia-da-brescia","status":"publish","type":"post","link":"https:\/\/blog.ilgiornale.it\/ruzzo\/2014\/02\/11\/danilo-goffi-il-sogno-ricomincia-da-brescia\/","title":{"rendered":"Danilo Goffi, il sogno ricomincia da Brescia"},"content":{"rendered":"<p><strong><a href=\"https:\/\/blog.ilgiornale.it\/ruzzo\/files\/2014\/02\/danilo.jpg\"><img loading=\"lazy\" class=\"alignright size-medium wp-image-11115\" src=\"https:\/\/blog.ilgiornale.it\/ruzzo\/files\/2014\/02\/danilo-300x224.jpg\" alt=\"\" width=\"300\" height=\"224\" srcset=\"https:\/\/blog.ilgiornale.it\/ruzzo\/files\/2014\/02\/danilo-300x224.jpg 300w, https:\/\/blog.ilgiornale.it\/ruzzo\/files\/2014\/02\/danilo.jpg 960w\" sizes=\"(max-width: 300px) 100vw, 300px\" \/><\/a>Danilo Goffi<\/strong> sar\u00e0 al via della<strong> maratona di Brescia<\/strong> il prossimo 9 marzo. E ci siamo quasi. Meno di un mese quindi si comincia. Ci\u00f2 che \u00e8 fatto \u00e8 praticamente quasi fatto\u00a0ma se resta il tempo per riflettere e fare alcune considerazioni .\u00a0 Nel caso di un campione come \u00a0<strong>Danilo Goffi<\/strong> verrebbe quasi voglia guardarsi indietro ma a 41 anni per lui non \u00e8 ancora tempo di bilanci. L&#8217;entusiasmo e la voglia di far fatica sono ancora quelli di una ragazzino quindi lo\u00a0lo sguardo \u00e8 ben proiettatato a cercare di scoprire cosa accadr\u00e0\u00a0 nel suo 2014. E cosa potr\u00e0 fare. A cominciare da <strong>Brescia<\/strong> che diventa quindi un test\u00a0importante perch\u00e8 \u00e8 il suo primo vero appuntamento di quest&#8217;anno.\u00a0 Anche perch\u00e8 dopo la performance newiorchese dove Goffi \u00e8 arrivato primo nella sua categoria e 21mo assoluto battuto dagli italiani dal solo <strong>Daniele Meucci, <\/strong>\u00e8 chiaro che l&#8217;azzurro \u00e8 ancora l\u00ec a giocarsela. Una carriera infinita la sua, iniziata ufficialmente nel 1991con la medaglia d\u2019oro europea categoria junior sui 10000 metri, culminata con il bronzo sempre europeo di maratona nel 1998, nel mezzo le Olimpiadi di Atlanta, oltre venti maratone e un primato personale sui 42,195km di 2h08\u201933\u201d. E si va avanti nonostante ora ci siano altri impegni, la sua vita sia cambiata e non sia pi\u00f9 nel gruppo sportivo dei Carabinieri. Niente pi\u00f9 professionismo insomma. Ma la voglia c\u2019\u00e8. La classe anche. Cos\u00ec si riparte da Brescia,\u00a0dalla <strong>\u00a0Brescia Art Marathon<\/strong>, dalla maratona\u00a0 organizzata dallo staff\u00a0 del dottor\u00a0 <strong>Gabriele Rosa, \u00a0<\/strong>lo stesso che nell\u2019ottobre dell&#8217;anno scorso aveva portato al via Goffi alla\u00a0<strong>\u00a0Breno-Darfo-Pisogne <\/strong>dove era arrivato primo. Un\u00a0segno premonitore di ci\u00f2 che poi sarebbe\u00a0 accaduto a New York<strong>. <\/strong>Cos\u00ec potrebbe essere la <strong>Maratona di Brescia. <\/strong>Perch\u00e8 quest&#8217;anno per sognare ci sono i campionati Europei a Zurigo <strong>.<\/strong> E<strong> Danilo <\/strong>i suoi sogni ancora non\u00a0ha ancora deciso di chiuderli in un cassetto&#8230;<\/p>\n<blockquote><p>&nbsp;<\/p><\/blockquote>\n","protected":false},"excerpt":{"rendered":"<p><p>Danilo Goffi sar\u00e0 al via della maratona di Brescia il prossimo 9 marzo. E ci siamo quasi. Meno di un mese quindi si comincia. Ci\u00f2 che \u00e8 fatto \u00e8 praticamente quasi fatto\u00a0ma se resta il tempo per riflettere e fare alcune considerazioni .\u00a0 Nel caso di un campione come \u00a0Danilo Goffi verrebbe quasi voglia guardarsi indietro ma a 41 anni per lui non \u00e8 ancora tempo di bilanci. L&#8217;entusiasmo e la voglia di far fatica sono ancora quelli di una ragazzino quindi lo\u00a0lo sguardo \u00e8 ben proiettatato a cercare di scoprire cosa accadr\u00e0\u00a0 nel suo 2014. E cosa potr\u00e0 fare. [&hellip;]<\/p>\n&nbsp;&nbsp;<div class=\"readmore\"><a href=\"https:\/\/blog.ilgiornale.it\/ruzzo\/2014\/02\/11\/danilo-goffi-il-sogno-ricomincia-da-brescia\/\">Continua a leggere...<\/a><\/div><\/p>","protected":false},"author":956,"featured_media":0,"comment_status":"open","ping_status":"closed","sticky":false,"template":"","format":"standard","meta":[],"categories":[1],"tags":[8627,25781,8630,45271],"_links":{"self":[{"href":"https:\/\/blog.ilgiornale.it\/ruzzo\/wp-json\/wp\/v2\/posts\/11078"}],"collection":[{"href":"https:\/\/blog.ilgiornale.it\/ruzzo\/wp-json\/wp\/v2\/posts"}],"about":[{"href":"https:\/\/blog.ilgiornale.it\/ruzzo\/wp-json\/wp\/v2\/types\/post"}],"author":[{"embeddable":true,"href":"https:\/\/blog.ilgiornale.it\/ruzzo\/wp-json\/wp\/v2\/users\/956"}],"replies":[{"embeddable":true,"href":"https:\/\/blog.ilgiornale.it\/ruzzo\/wp-json\/wp\/v2\/comments?post=11078"}],"version-history":[{"count":9,"href":"https:\/\/blog.ilgiornale.it\/ruzzo\/wp-json\/wp\/v2\/posts\/11078\/revisions"}],"predecessor-version":[{"id":11121,"href":"https:\/\/blog.ilgiornale.it\/ruzzo\/wp-json\/wp\/v2\/posts\/11078\/revisions\/11121"}],"wp:attachment":[{"href":"https:\/\/blog.ilgiornale.it\/ruzzo\/wp-json\/wp\/v2\/media?parent=11078"}],"wp:term":[{"taxonomy":"category","embeddable":true,"href":"https:\/\/blog.ilgiornale.it\/ruzzo\/wp-json\/wp\/v2\/categories?post=11078"},{"taxonomy":"post_tag","embeddable":true,"href":"https:\/\/blog.ilgiornale.it\/ruzzo\/wp-json\/wp\/v2\/tags?post=11078"}],"curies":[{"name":"wp","href":"https:\/\/api.w.org\/{rel}","templated":true}]}}