{"id":11367,"date":"2014-03-12T17:41:05","date_gmt":"2014-03-12T16:41:05","guid":{"rendered":"https:\/\/blog.ilgiornale.it\/ruzzo\/?p=11367"},"modified":"2014-03-12T17:47:29","modified_gmt":"2014-03-12T16:47:29","slug":"stramilano-con-baldini-e-rossi-ma-anche-con-le-auto","status":"publish","type":"post","link":"https:\/\/blog.ilgiornale.it\/ruzzo\/2014\/03\/12\/stramilano-con-baldini-e-rossi-ma-anche-con-le-auto\/","title":{"rendered":"Stramilano con Baldini e Rossi (ma anche con le auto)"},"content":{"rendered":"<p>\u00a0\u00a0\u00a0\u00a0\u00a0\u00a0\u00a0\u00a0\u00a0\u00a0<br \/>\nCerto che un piccolo sforzo il Comune poteva anche farlo. Domeniche a piedi, domeniche a spasso, blocchi di qua e di l\u00e0 per permettere ai milanesi di &#8220;riconquistare la citt\u00e0&#8221; e quando invece servirebbe il tanto sospirato (e necessario) stop per la Stramilano non arriva.\u00a0 Chiss\u00e0 mai perche mi viene da chiedere al sindaco Pisapia, agli assessori Bisconti e Maran. Gi\u00e0, chissa mai perch\u00e8? Riprendendo uno slogan tanto caro alla sinistra la domanda \u00e8: &#8220;Se non ora, quando?&#8221;. Se non si fermano le macchine almeno per una mattinata quando in citt\u00e0 si corre la Stramilano allora tutti i bei discorsi lasciano il tempo che trovano. La <strong>Stramilano<\/strong> oltre ad essere la corsa pi\u00f9 partecipata in Italia (e non solo) \u00e8 una consolidata tradizione sportiva per Milano. L&#8217;hanno corsa generazioni di milanesi e domenica 23 tra le varie gare sulle strade della citt\u00e0 si riverseranno 60mila runner che sono un fiume infinito che meriterebbe almeno una mattinata senza macchine. Invece solo chiacchiere con il blocco delle auto che magari arriver\u00e0 a febbraio per celebrare la giornata del tartufo o a giugno per la\u00a0 raccolta delle ciliegie\u00a0o del miele d&#8217;acacia. O forse come pare non arriver\u00e0 mai pi\u00f9.\u00a0 Bisogner\u00e0 farsene una ragione. Domenica 23\u00a0 comunque sar\u00e0 festa grande. Come sempre. Va in scena la 43ma edizione della classica delle classiche del running. Sfida nella sfida, pi\u00f9 per i fotografi che per i cronometristi, sar\u00e0 quella tra la \u00a0medaglia d&#8217;oro di Atene nel 2004 <strong>Stefano Baldini<\/strong> e\u00a0\u00a0<strong>Antonio Rossi<\/strong> plurimedagliato canoista azzurro ed ora assessore regionale allo sport. Una sola giornata, il 23 marzo, per tre eventi sportivi: la <strong>Stramilano<\/strong> dei 50.000, la <strong>Stramilanina<\/strong> per i pi\u00f9 piccoli e la gara agonistica. \u00a0\u00a0 Il percorso per la carica dei 50 mila &#8216;runners&#8217; &#8211; corsa non competitiva di 10 km &#8211; va da piazza Duomo, con la partenza sancita dai colpi di cannone del Reggimento di Artiglieria a Cavallo &#8216;Voloire&#8217;, all&#8217;Arena Civica. Stessi punti di partenza e arrivo, ma con percorso dimezzato, anche per i bambini della Stramilanina. Infine, sar\u00e0 la volta dei professionisti, al via da piazza Castello, che si sfideranno sulla distanza di 21,097 km. \u00a0\u00a0 Dopo averci provato &#8220;con difficolt\u00e0&#8221; l&#8217;anno scorso, ora<strong> Antonio\u00a0Rossi<\/strong> ha lanciato la goliardica sfida all&#8217;ospite d&#8217;eccezione:\u00a0<strong> Stefano Baldini.<\/strong> &#8220;Sar\u00e0 dura&#8221;, ha ammesso l&#8217;assessore regionale oggi alla presentazione dell&#8217;iniziativa a Palazzo Marino.\u00a0\u00a0Una giornata di sport, divertimento e relax in cui c\u2019\u00e8 anche tutta l\u2019anima sociale e solidale della Stramilano con la presenza dei numerosi enti benefici ed Onlus sostenuti: il <strong>Centro Benedetta D\u2019Intino<\/strong>, no profit a difesa del bambino e della famiglia, l\u2019associazione <strong>Amici di Samuel<\/strong> per i traumatizzati cranici, la <strong>Comunit\u00e0 Amore e Libert\u00e0<\/strong> che vuole diffondere i valori della famiglia cristiana, <strong>l\u2019Associazione Giovani Diabetici<\/strong> Lombardia nata per affiancare ed aiutare i genitori di figli con diabete, <strong>Faraja House<\/strong> per i ragazzi di strada in Tanzania.\u00a0\u00a0 Per essere costantemente aggiornati sulle tante attivit\u00e0 della <strong>Stramilano 2014<\/strong>: la pagina Facebook (<a href=\"http:\/\/www.facebook.com\/Stramilano\">www.facebook.com\/Stramilano<\/a>) dove condividere il count-down scambiandosi informazioni e foto con migliaia di amici-appassionati, il canale video(<a href=\"http:\/\/www.youtube.com\/Stramilanopeople\">www.youtube.com\/Stramilanopeople<\/a>) e il sito <a href=\"http:\/\/www.stramilano.it\/\">www.stramilano.it<\/a>\u00a0per iscriversi alle tre gare e ricevere consigli e suggerimenti di esperti allenatori e medici nell\u2019apposita area People, una community on line per gli amanti della corsa.<\/p>\n","protected":false},"excerpt":{"rendered":"<p><p>\u00a0\u00a0\u00a0\u00a0\u00a0\u00a0\u00a0\u00a0\u00a0\u00a0 Certo che un piccolo sforzo il Comune poteva anche farlo. Domeniche a piedi, domeniche a spasso, blocchi di qua e di l\u00e0 per permettere ai milanesi di &#8220;riconquistare la citt\u00e0&#8221; e quando invece servirebbe il tanto sospirato (e necessario) stop per la Stramilano non arriva.\u00a0 Chiss\u00e0 mai perche mi viene da chiedere al sindaco Pisapia, agli assessori Bisconti e Maran. Gi\u00e0, chissa mai perch\u00e8? Riprendendo uno slogan tanto caro alla sinistra la domanda \u00e8: &#8220;Se non ora, quando?&#8221;. Se non si fermano le macchine almeno per una mattinata quando in citt\u00e0 si corre la Stramilano allora tutti i bei [&hellip;]<\/p>\n&nbsp;&nbsp;<div class=\"readmore\"><a href=\"https:\/\/blog.ilgiornale.it\/ruzzo\/2014\/03\/12\/stramilano-con-baldini-e-rossi-ma-anche-con-le-auto\/\">Continua a leggere...<\/a><\/div><\/p>","protected":false},"author":956,"featured_media":0,"comment_status":"open","ping_status":"closed","sticky":false,"template":"","format":"standard","meta":[],"categories":[1],"tags":[],"_links":{"self":[{"href":"https:\/\/blog.ilgiornale.it\/ruzzo\/wp-json\/wp\/v2\/posts\/11367"}],"collection":[{"href":"https:\/\/blog.ilgiornale.it\/ruzzo\/wp-json\/wp\/v2\/posts"}],"about":[{"href":"https:\/\/blog.ilgiornale.it\/ruzzo\/wp-json\/wp\/v2\/types\/post"}],"author":[{"embeddable":true,"href":"https:\/\/blog.ilgiornale.it\/ruzzo\/wp-json\/wp\/v2\/users\/956"}],"replies":[{"embeddable":true,"href":"https:\/\/blog.ilgiornale.it\/ruzzo\/wp-json\/wp\/v2\/comments?post=11367"}],"version-history":[{"count":4,"href":"https:\/\/blog.ilgiornale.it\/ruzzo\/wp-json\/wp\/v2\/posts\/11367\/revisions"}],"predecessor-version":[{"id":11370,"href":"https:\/\/blog.ilgiornale.it\/ruzzo\/wp-json\/wp\/v2\/posts\/11367\/revisions\/11370"}],"wp:attachment":[{"href":"https:\/\/blog.ilgiornale.it\/ruzzo\/wp-json\/wp\/v2\/media?parent=11367"}],"wp:term":[{"taxonomy":"category","embeddable":true,"href":"https:\/\/blog.ilgiornale.it\/ruzzo\/wp-json\/wp\/v2\/categories?post=11367"},{"taxonomy":"post_tag","embeddable":true,"href":"https:\/\/blog.ilgiornale.it\/ruzzo\/wp-json\/wp\/v2\/tags?post=11367"}],"curies":[{"name":"wp","href":"https:\/\/api.w.org\/{rel}","templated":true}]}}