{"id":11386,"date":"2014-03-17T17:18:54","date_gmt":"2014-03-17T16:18:54","guid":{"rendered":"https:\/\/blog.ilgiornale.it\/ruzzo\/?p=11386"},"modified":"2014-03-17T17:18:54","modified_gmt":"2014-03-17T16:18:54","slug":"mezza-di-new-york-paura-per-il-campione-olimpico","status":"publish","type":"post","link":"https:\/\/blog.ilgiornale.it\/ruzzo\/2014\/03\/17\/mezza-di-new-york-paura-per-il-campione-olimpico\/","title":{"rendered":"Mezza di New York, paura per il campione olimpico"},"content":{"rendered":"<p><a href=\"https:\/\/blog.ilgiornale.it\/ruzzo\/files\/2014\/03\/After_co.jpg\"><img loading=\"lazy\" class=\"alignleft size-medium wp-image-11387\" src=\"https:\/\/blog.ilgiornale.it\/ruzzo\/files\/2014\/03\/After_co-300x180.jpg\" alt=\"\" width=\"300\" height=\"180\" \/><\/a>Attimi di paura all&#8217;arrivo della mezza maratona di New York. <strong>Mo Farah<\/strong>, campione olimpico sui 5000 e 10000 metri \u00e8 crollato privo di sensi pochi metri dopo il traguardo. Nulla di grave fortunatamente ma comunque per\u00a0tutti un bello spavento. \u00a0&#8220;Non ricordo di essere svenuto- ha detto-\u00a0 In gara ho dato tutto per recuperare da una caduta e poi non so cosa sia successo. Ora va bene, non \u00e8 il caso di ingigantire questa storia\u00bb. Voleva battere il suo stesso record ma la gara non \u00e8 andata come doveva. E poi quella brutta caduta quando era nel gruppetto di testa.\u00a0 Il campione britannico \u00e8\u00a0 arrivato lo stesso al traguardo al secondo posto in 1h01\u201907\u201d alle spalle del kenyano <strong>Geoffrey Mutay<\/strong>(1h00\u201950\u201d) ma forse ha speso troppo. Cos\u00ec pochi metri dopo la finissh line \u00e8 crollato sull&#8217;asfalto. Immediati sono scattati i soccosri e Farah \u00e8 stato portato via con una sedia a rotelle. Sono stati attimi di paura. Trasportato al pronto soccorso\u00a0si \u00e8 ripreso ed ha potuto parlare con i giornalisti.\u00a0 Mutai\u00a0 e Farah sono attesi come protagonisti il prossimo mese alla maratona di Londra.<\/p>\n","protected":false},"excerpt":{"rendered":"<p><p>Attimi di paura all&#8217;arrivo della mezza maratona di New York. Mo Farah, campione olimpico sui 5000 e 10000 metri \u00e8 crollato privo di sensi pochi metri dopo il traguardo. Nulla di grave fortunatamente ma comunque per\u00a0tutti un bello spavento. \u00a0&#8220;Non ricordo di essere svenuto- ha detto-\u00a0 In gara ho dato tutto per recuperare da una caduta e poi non so cosa sia successo. Ora va bene, non \u00e8 il caso di ingigantire questa storia\u00bb. Voleva battere il suo stesso record ma la gara non \u00e8 andata come doveva. E poi quella brutta caduta quando era nel gruppetto di testa.\u00a0 Il [&hellip;]<\/p>\n&nbsp;&nbsp;<div class=\"readmore\"><a href=\"https:\/\/blog.ilgiornale.it\/ruzzo\/2014\/03\/17\/mezza-di-new-york-paura-per-il-campione-olimpico\/\">Continua a leggere...<\/a><\/div><\/p>","protected":false},"author":956,"featured_media":0,"comment_status":"open","ping_status":"closed","sticky":false,"template":"","format":"standard","meta":[],"categories":[1],"tags":[],"_links":{"self":[{"href":"https:\/\/blog.ilgiornale.it\/ruzzo\/wp-json\/wp\/v2\/posts\/11386"}],"collection":[{"href":"https:\/\/blog.ilgiornale.it\/ruzzo\/wp-json\/wp\/v2\/posts"}],"about":[{"href":"https:\/\/blog.ilgiornale.it\/ruzzo\/wp-json\/wp\/v2\/types\/post"}],"author":[{"embeddable":true,"href":"https:\/\/blog.ilgiornale.it\/ruzzo\/wp-json\/wp\/v2\/users\/956"}],"replies":[{"embeddable":true,"href":"https:\/\/blog.ilgiornale.it\/ruzzo\/wp-json\/wp\/v2\/comments?post=11386"}],"version-history":[{"count":1,"href":"https:\/\/blog.ilgiornale.it\/ruzzo\/wp-json\/wp\/v2\/posts\/11386\/revisions"}],"predecessor-version":[{"id":11388,"href":"https:\/\/blog.ilgiornale.it\/ruzzo\/wp-json\/wp\/v2\/posts\/11386\/revisions\/11388"}],"wp:attachment":[{"href":"https:\/\/blog.ilgiornale.it\/ruzzo\/wp-json\/wp\/v2\/media?parent=11386"}],"wp:term":[{"taxonomy":"category","embeddable":true,"href":"https:\/\/blog.ilgiornale.it\/ruzzo\/wp-json\/wp\/v2\/categories?post=11386"},{"taxonomy":"post_tag","embeddable":true,"href":"https:\/\/blog.ilgiornale.it\/ruzzo\/wp-json\/wp\/v2\/tags?post=11386"}],"curies":[{"name":"wp","href":"https:\/\/api.w.org\/{rel}","templated":true}]}}