{"id":11389,"date":"2014-03-18T14:32:16","date_gmt":"2014-03-18T13:32:16","guid":{"rendered":"https:\/\/blog.ilgiornale.it\/ruzzo\/?p=11389"},"modified":"2014-03-18T14:32:16","modified_gmt":"2014-03-18T13:32:16","slug":"una-maratona-e-un-atto-di-fede-per-i-nostri-due-maro","status":"publish","type":"post","link":"https:\/\/blog.ilgiornale.it\/ruzzo\/2014\/03\/18\/una-maratona-e-un-atto-di-fede-per-i-nostri-due-maro\/","title":{"rendered":"Una maratona ( e un atto di fede) per i nostri due  mar\u00f2"},"content":{"rendered":"<p><a href=\"https:\/\/blog.ilgiornale.it\/ruzzo\/files\/2014\/03\/maro.jpg\"><img loading=\"lazy\" class=\"alignright size-medium wp-image-11392\" src=\"https:\/\/blog.ilgiornale.it\/ruzzo\/files\/2014\/03\/maro-300x219.jpg\" alt=\"\" width=\"300\" height=\"219\" \/><\/a>Dal Santuario della Madonna di Loreto in piazza San Pietro nella citt\u00e0 del Vaticano. Quasi una preghiera. Un atto di fede lungo 290 chilometri affinch\u00e8 non si dimentichi cosa sta capitando in India ai due nostri mar\u00f2 <strong>Salvatore Girone<\/strong> e <strong>Massimiliano La Torre<\/strong>, prigionieri e in\u00a0 attesa di giudizio dopo una serie infinita e inspiegabile di rinvii per aver sparato e ucciso due pescatori indiani durante una missione militare di scorta\u00a0difendendo un mercantile dall&#8217;attacco dei pirati. Domani mattina alle ore 10.00 i due marescialli della Guardia di Finanza partiranno di corsa e dopo 290 chilometri consegneranno il loro appello nelle mani di <strong>Papa Francesco<\/strong>.\u00a0 <strong>Nicola Antonio Cinquepalmi<\/strong> e <strong>Domenico Gallo<\/strong> non sono nuovi ad imprese simili e questa maratona l&#8217;hanno\u00a0 organizzata per dare un forte segnale di solidariet\u00e0 ai due mar\u00f2 e alle loro famiglie. Si tratta di un cammino di ben 290 chilometri a piedi all\u2019insegna della fede: il percorso che attraverser\u00e0 l\u2019Appennino Marchigiano, Umbro e Laziale, avr\u00e0 infatti origine dal Santuario della Madonna di Loreto, toccher\u00e0 la Basilica di Santa Rita da Cascia per terminare nella Citt\u00e0 del Vaticano, dove i due finanzieri saranno \u00a0accolti da <strong>Papa Francesco<\/strong>. Obiettivo prioritario di questa maratona benefica, e di tutti coloro che la sosterranno, \u00e8 la speranza che l\u2019iniziativa possa in qualche modo sensibilizzare la bont\u00e0 del popolo indiano e delle sue Istituzioni affinch\u00e9 nel giudicare i due mar\u00f2\u00a0 possano essere indulgenti. Sar\u00e0 possibile seguire online il lungo cammino di Antonio e Domenico, e di tutti colori che vorranno unirsi a loro, tramite il sito Internet <a href=\"http:\/\/www.gpsweb.it\/\">www.gpsweb.it<\/a>, attivo dal 19 marzo.<\/p>\n","protected":false},"excerpt":{"rendered":"<p><p>Dal Santuario della Madonna di Loreto in piazza San Pietro nella citt\u00e0 del Vaticano. Quasi una preghiera. Un atto di fede lungo 290 chilometri affinch\u00e8 non si dimentichi cosa sta capitando in India ai due nostri mar\u00f2 Salvatore Girone e Massimiliano La Torre, prigionieri e in\u00a0 attesa di giudizio dopo una serie infinita e inspiegabile di rinvii per aver sparato e ucciso due pescatori indiani durante una missione militare di scorta\u00a0difendendo un mercantile dall&#8217;attacco dei pirati. Domani mattina alle ore 10.00 i due marescialli della Guardia di Finanza partiranno di corsa e dopo 290 chilometri consegneranno il loro appello nelle [&hellip;]<\/p>\n&nbsp;&nbsp;<div class=\"readmore\"><a href=\"https:\/\/blog.ilgiornale.it\/ruzzo\/2014\/03\/18\/una-maratona-e-un-atto-di-fede-per-i-nostri-due-maro\/\">Continua a leggere...<\/a><\/div><\/p>","protected":false},"author":956,"featured_media":0,"comment_status":"open","ping_status":"closed","sticky":false,"template":"","format":"standard","meta":[],"categories":[1],"tags":[],"_links":{"self":[{"href":"https:\/\/blog.ilgiornale.it\/ruzzo\/wp-json\/wp\/v2\/posts\/11389"}],"collection":[{"href":"https:\/\/blog.ilgiornale.it\/ruzzo\/wp-json\/wp\/v2\/posts"}],"about":[{"href":"https:\/\/blog.ilgiornale.it\/ruzzo\/wp-json\/wp\/v2\/types\/post"}],"author":[{"embeddable":true,"href":"https:\/\/blog.ilgiornale.it\/ruzzo\/wp-json\/wp\/v2\/users\/956"}],"replies":[{"embeddable":true,"href":"https:\/\/blog.ilgiornale.it\/ruzzo\/wp-json\/wp\/v2\/comments?post=11389"}],"version-history":[{"count":5,"href":"https:\/\/blog.ilgiornale.it\/ruzzo\/wp-json\/wp\/v2\/posts\/11389\/revisions"}],"predecessor-version":[{"id":11395,"href":"https:\/\/blog.ilgiornale.it\/ruzzo\/wp-json\/wp\/v2\/posts\/11389\/revisions\/11395"}],"wp:attachment":[{"href":"https:\/\/blog.ilgiornale.it\/ruzzo\/wp-json\/wp\/v2\/media?parent=11389"}],"wp:term":[{"taxonomy":"category","embeddable":true,"href":"https:\/\/blog.ilgiornale.it\/ruzzo\/wp-json\/wp\/v2\/categories?post=11389"},{"taxonomy":"post_tag","embeddable":true,"href":"https:\/\/blog.ilgiornale.it\/ruzzo\/wp-json\/wp\/v2\/tags?post=11389"}],"curies":[{"name":"wp","href":"https:\/\/api.w.org\/{rel}","templated":true}]}}