{"id":11396,"date":"2014-03-19T20:12:00","date_gmt":"2014-03-19T19:12:00","guid":{"rendered":"https:\/\/blog.ilgiornale.it\/ruzzo\/?p=11396"},"modified":"2014-03-19T20:12:34","modified_gmt":"2014-03-19T19:12:34","slug":"maratona-di-milano-il-6-aprile-stop-alle-auto","status":"publish","type":"post","link":"https:\/\/blog.ilgiornale.it\/ruzzo\/2014\/03\/19\/maratona-di-milano-il-6-aprile-stop-alle-auto\/","title":{"rendered":"Maratona di Milano: il 6 aprile stop alle auto"},"content":{"rendered":"<p><a href=\"https:\/\/blog.ilgiornale.it\/ruzzo\/files\/2014\/03\/maratona-milano-city-marathon-2.jpg\"><img loading=\"lazy\" class=\"alignleft size-medium wp-image-11397\" src=\"https:\/\/blog.ilgiornale.it\/ruzzo\/files\/2014\/03\/maratona-milano-city-marathon-2-300x199.jpg\" alt=\"\" width=\"300\" height=\"199\" \/><\/a>Domenica 6 aprile, giorno della Maratona di Milano, sar\u00e0 una domenica ecologica. \u00abLo stop delle auto \u00e8 stato confermato- spiega il direttore della Milano City marathon <strong>Andrea Trabuio<\/strong>&#8211; anche se restano ancora da definire i dettagli e cio\u00e8 se sar\u00e0 una vera e propria domenica a spasso oppure una grande pedonalizzazione che seguir\u00e0 il percorso della gara\u00bb. Il tracciato sar\u00e0 quello dell\u2019anno scorso con partenza dal Polo fieristico di Rho e arrivo in piazza Castello. Confermati i passaggi nei luoghi simbolo della citt\u00e0: Stadio di San Siro, l\u2019Arco della Pace, il Parco Sempione, il Duomo, i\u00a0 Navigli e l\u2019Arena Civica, ai quali si aggiungeranno le\u00a0vie del centro storico di Milano che da Corso Venezia toccano il quadrilatero della moda per proseguire in Piazza della Scala e Foro Bonaparte fino al traguardo<\/p>\n","protected":false},"excerpt":{"rendered":"<p><p>Domenica 6 aprile, giorno della Maratona di Milano, sar\u00e0 una domenica ecologica. \u00abLo stop delle auto \u00e8 stato confermato- spiega il direttore della Milano City marathon Andrea Trabuio&#8211; anche se restano ancora da definire i dettagli e cio\u00e8 se sar\u00e0 una vera e propria domenica a spasso oppure una grande pedonalizzazione che seguir\u00e0 il percorso della gara\u00bb. Il tracciato sar\u00e0 quello dell\u2019anno scorso con partenza dal Polo fieristico di Rho e arrivo in piazza Castello. Confermati i passaggi nei luoghi simbolo della citt\u00e0: Stadio di San Siro, l\u2019Arco della Pace, il Parco Sempione, il Duomo, i\u00a0 Navigli e l\u2019Arena Civica, [&hellip;]<\/p>\n&nbsp;&nbsp;<div class=\"readmore\"><a href=\"https:\/\/blog.ilgiornale.it\/ruzzo\/2014\/03\/19\/maratona-di-milano-il-6-aprile-stop-alle-auto\/\">Continua a leggere...<\/a><\/div><\/p>","protected":false},"author":956,"featured_media":0,"comment_status":"open","ping_status":"closed","sticky":false,"template":"","format":"standard","meta":[],"categories":[1],"tags":[6089,8679,45327,45328],"_links":{"self":[{"href":"https:\/\/blog.ilgiornale.it\/ruzzo\/wp-json\/wp\/v2\/posts\/11396"}],"collection":[{"href":"https:\/\/blog.ilgiornale.it\/ruzzo\/wp-json\/wp\/v2\/posts"}],"about":[{"href":"https:\/\/blog.ilgiornale.it\/ruzzo\/wp-json\/wp\/v2\/types\/post"}],"author":[{"embeddable":true,"href":"https:\/\/blog.ilgiornale.it\/ruzzo\/wp-json\/wp\/v2\/users\/956"}],"replies":[{"embeddable":true,"href":"https:\/\/blog.ilgiornale.it\/ruzzo\/wp-json\/wp\/v2\/comments?post=11396"}],"version-history":[{"count":2,"href":"https:\/\/blog.ilgiornale.it\/ruzzo\/wp-json\/wp\/v2\/posts\/11396\/revisions"}],"predecessor-version":[{"id":11399,"href":"https:\/\/blog.ilgiornale.it\/ruzzo\/wp-json\/wp\/v2\/posts\/11396\/revisions\/11399"}],"wp:attachment":[{"href":"https:\/\/blog.ilgiornale.it\/ruzzo\/wp-json\/wp\/v2\/media?parent=11396"}],"wp:term":[{"taxonomy":"category","embeddable":true,"href":"https:\/\/blog.ilgiornale.it\/ruzzo\/wp-json\/wp\/v2\/categories?post=11396"},{"taxonomy":"post_tag","embeddable":true,"href":"https:\/\/blog.ilgiornale.it\/ruzzo\/wp-json\/wp\/v2\/tags?post=11396"}],"curies":[{"name":"wp","href":"https:\/\/api.w.org\/{rel}","templated":true}]}}