{"id":11460,"date":"2014-03-24T12:48:36","date_gmt":"2014-03-24T11:48:36","guid":{"rendered":"https:\/\/blog.ilgiornale.it\/ruzzo\/?p=11460"},"modified":"2014-03-24T12:49:39","modified_gmt":"2014-03-24T11:49:39","slug":"la-maratona-di-roma-e-quel-genio-del-sindaco-marino","status":"publish","type":"post","link":"https:\/\/blog.ilgiornale.it\/ruzzo\/2014\/03\/24\/la-maratona-di-roma-e-quel-genio-del-sindaco-marino\/","title":{"rendered":"La maratona di Roma e quel genio del sindaco Marino&#8230;"},"content":{"rendered":"<p><a href=\"https:\/\/blog.ilgiornale.it\/ruzzo\/files\/2014\/03\/C_4_articolo_2035231__ImageGallery__imageGalleryItem_11_image.jpg\"><img loading=\"lazy\" class=\"alignright size-medium wp-image-11461\" src=\"https:\/\/blog.ilgiornale.it\/ruzzo\/files\/2014\/03\/C_4_articolo_2035231__ImageGallery__imageGalleryItem_11_image-300x200.jpg\" alt=\"\" width=\"300\" height=\"200\" srcset=\"https:\/\/blog.ilgiornale.it\/ruzzo\/files\/2014\/03\/C_4_articolo_2035231__ImageGallery__imageGalleryItem_11_image-300x200.jpg 300w, https:\/\/blog.ilgiornale.it\/ruzzo\/files\/2014\/03\/C_4_articolo_2035231__ImageGallery__imageGalleryItem_11_image.jpg 654w\" sizes=\"(max-width: 300px) 100vw, 300px\" \/><\/a>La maratona di Roma \u00e8 stata da record. Mai tanti partenti ( quasi ventimila), mai tanti arrivati ( quasi 15mila) in una corsa italiana. Finalmente un evento degno di una grande citt\u00e0. \u00a0E chi non lo ha mai visto un serpentone di ventimila persone che corrono e camminano non si rende perfettamente conto. Sono un&#8217;infinit\u00e0 che va moltipilcata per due, per tre a volte per quattro. Gi\u00e0 perch\u00e8 la maratona \u00e8 una corsa ma diventa anche l&#8217;occasione per farsi una vacanza con amici e famiglia di due tre, quattro giorni a\u00a0in una \u00a0della citt\u00e0 pi\u00f9 belle del mondo. E cosa ci va a fare un turista a Roma? Se non\u00a0per vedere piazza Navona, i Fori imperiali, il Colosseo, la Fontana di Trevi e via cos\u00ec? Perfetto. Per\u00f2, nel giorno in cui anche\u00a0 <strong>Papa Francesco\u00a0\u00a0<\/strong>dalla finestra dell&#8217;Angelus\u00a0d\u00e0 il benvenuto a tutti i maratoneti arrivati in citt\u00e0,\u00a0 bisognerebbe ricordarlo al sindaco della capitale <strong>Ignazio Marino<\/strong> che pare sia l&#8217;unico a non aver capito cosa \u00e8 successo ieri nella sua citt\u00e0. E infatti al traguardo\u00a0della ventesima edizione dei record se n&#8217;\u00e8 uscito bel bello con un annuncio che ha fatto accapponare la pelle agli organizzatori dell&#8217;Acea marathon che tanti sacrifici avranno fatto per portarla dove \u00e8 arrivata. &#8221; Grande manifestazione, ringrazio tutti quelli che hanno permesso di realizzarla- ha detto il sindaco- il prossimo anno per\u00f2 la porteremo nelle periferie&#8230;&#8221;. Fantastico. Ci sar\u00e0 la corsa ad iscriversi. Perch\u00e8 \u00e8 ovvio che tutti i maratoneti non vedono l&#8217;ora di andare a Roma per correre sul grande raccordo anulare&#8230;.<\/p>\n","protected":false},"excerpt":{"rendered":"<p><p>La maratona di Roma \u00e8 stata da record. Mai tanti partenti ( quasi ventimila), mai tanti arrivati ( quasi 15mila) in una corsa italiana. Finalmente un evento degno di una grande citt\u00e0. \u00a0E chi non lo ha mai visto un serpentone di ventimila persone che corrono e camminano non si rende perfettamente conto. Sono un&#8217;infinit\u00e0 che va moltipilcata per due, per tre a volte per quattro. Gi\u00e0 perch\u00e8 la maratona \u00e8 una corsa ma diventa anche l&#8217;occasione per farsi una vacanza con amici e famiglia di due tre, quattro giorni a\u00a0in una \u00a0della citt\u00e0 pi\u00f9 belle del mondo. E cosa [&hellip;]<\/p>\n&nbsp;&nbsp;<div class=\"readmore\"><a href=\"https:\/\/blog.ilgiornale.it\/ruzzo\/2014\/03\/24\/la-maratona-di-roma-e-quel-genio-del-sindaco-marino\/\">Continua a leggere...<\/a><\/div><\/p>","protected":false},"author":956,"featured_media":0,"comment_status":"open","ping_status":"closed","sticky":false,"template":"","format":"standard","meta":[],"categories":[1],"tags":[8511,45337,45335,45336],"_links":{"self":[{"href":"https:\/\/blog.ilgiornale.it\/ruzzo\/wp-json\/wp\/v2\/posts\/11460"}],"collection":[{"href":"https:\/\/blog.ilgiornale.it\/ruzzo\/wp-json\/wp\/v2\/posts"}],"about":[{"href":"https:\/\/blog.ilgiornale.it\/ruzzo\/wp-json\/wp\/v2\/types\/post"}],"author":[{"embeddable":true,"href":"https:\/\/blog.ilgiornale.it\/ruzzo\/wp-json\/wp\/v2\/users\/956"}],"replies":[{"embeddable":true,"href":"https:\/\/blog.ilgiornale.it\/ruzzo\/wp-json\/wp\/v2\/comments?post=11460"}],"version-history":[{"count":4,"href":"https:\/\/blog.ilgiornale.it\/ruzzo\/wp-json\/wp\/v2\/posts\/11460\/revisions"}],"predecessor-version":[{"id":11465,"href":"https:\/\/blog.ilgiornale.it\/ruzzo\/wp-json\/wp\/v2\/posts\/11460\/revisions\/11465"}],"wp:attachment":[{"href":"https:\/\/blog.ilgiornale.it\/ruzzo\/wp-json\/wp\/v2\/media?parent=11460"}],"wp:term":[{"taxonomy":"category","embeddable":true,"href":"https:\/\/blog.ilgiornale.it\/ruzzo\/wp-json\/wp\/v2\/categories?post=11460"},{"taxonomy":"post_tag","embeddable":true,"href":"https:\/\/blog.ilgiornale.it\/ruzzo\/wp-json\/wp\/v2\/tags?post=11460"}],"curies":[{"name":"wp","href":"https:\/\/api.w.org\/{rel}","templated":true}]}}