{"id":11558,"date":"2014-04-05T15:23:38","date_gmt":"2014-04-05T13:23:38","guid":{"rendered":"https:\/\/blog.ilgiornale.it\/ruzzo\/?p=11558"},"modified":"2014-04-05T15:23:38","modified_gmt":"2014-04-05T13:23:38","slug":"milano-marathon-da-record-14mila-al-via","status":"publish","type":"post","link":"https:\/\/blog.ilgiornale.it\/ruzzo\/2014\/04\/05\/milano-marathon-da-record-14mila-al-via\/","title":{"rendered":"Milano Marathon da record: 14mila al via"},"content":{"rendered":"<p><a href=\"https:\/\/blog.ilgiornale.it\/ruzzo\/files\/2014\/04\/SUISSEGAS-MILANO-MARATHON-2014-TOP-RUNNERS.jpg\"><img loading=\"lazy\" class=\"alignleft size-thumbnail wp-image-11560\" src=\"https:\/\/blog.ilgiornale.it\/ruzzo\/files\/2014\/04\/SUISSEGAS-MILANO-MARATHON-2014-TOP-RUNNERS-150x150.jpg\" alt=\"\" width=\"150\" height=\"150\" \/><\/a><a href=\"https:\/\/blog.ilgiornale.it\/ruzzo\/files\/2014\/04\/SUISSEGAS-MILANO-MARATHON-2014-Danilo-Goffi-Stefano-Scaini.jpg\"><img loading=\"lazy\" class=\"alignleft size-thumbnail wp-image-11561\" src=\"https:\/\/blog.ilgiornale.it\/ruzzo\/files\/2014\/04\/SUISSEGAS-MILANO-MARATHON-2014-Danilo-Goffi-Stefano-Scaini-150x150.jpg\" alt=\"\" width=\"150\" height=\"150\" \/><\/a>E&#8217; la cadenza bresciana di <strong>Federico Rosa\u00a0<\/strong>ad annunciare quale sar\u00e0 la &#8220;cadenza&#8221;\u00a0 della quattordicesima<strong> Suisse Milano Marathon<\/strong> che si correr\u00e0 sotto il sole e\u00a0a temperature ideali per andar forte<strong>:\u00a0 <\/strong>&#8220;Il fatto che molti dei protagonisti dello scorso anno abbiano voluto tornare \u00e8 la miglior dimostrazione del gradimento che la corsa sta incontrando tra gli atleti-\u00a0 ha dichiarato il direttore\u00a0tecnico della gara- L\u2019idea \u00e8 quella di correre la prima met\u00e0 di gara in 63\u201945\u201d per cercare anche di migliorare il record della corsai&#8221;. Tra gli uomini\u00a0 occhi puntati sulla nutrita pattuglia keniana da <strong>Daniel Kiprugut<\/strong> ( 2.08) \u00a0a <strong>Francis Kiprop<\/strong> ( 2.07)\u00a0 a<strong> Debede Tolossa Wolde<\/strong> (2.07).\u00a0\u00a0Nella gara femminile chi certamente punter\u00e0 al record \u00e8 <strong>Monica Jepkpoech<\/strong>, la vincitrice del 2013 tornata a Milano proprio per questo obiettivo. Ma occhi puntati anche sui due azzurri\u00a0 <strong>Stefano Scaini<\/strong> e <strong>Danilo Goffi<\/strong> che domattina si giocheranno il titolo italiano e con tutta probabilit\u00e0 anche la convocazione azzurra\u00a0 per gli europei di Zurigo.<strong>\u00a0 S<\/strong>ar\u00e0 un testa a testa ma non un uomo contro uomo: &#8220;Ci siamo parlati- ha spiegato<strong> Scaini<\/strong> &#8211; per cercare di fare una gara da avversari ma con una collaborazione intellegente. Sar\u00e0 un partnership agonistica perch\u00e8 fare una 42 km\u00a0in due o da soli e tutta un&#8217;altra cosa&#8221; . Per\u00a0<strong>Danilo Goffi<\/strong>, un pezzo di storia della maratona azzurra, non \u00e8 anocra il tempo di appendere le scarpette al chiodo: &lt;Finch\u00e8 mi diverto corro- ha detto- E adesso mi sto divertendo.\u00a0Per cosa corro domani? Per il titolo italiano e per\u00a0un pass che mi porti a\u00a0Zurigo&gt;\u00a0 Tutto pronto, si parte domattina alle 9.15\u00a0 dalla Fiera di Rho Pero\u00a0 \u00e8 si arriver\u00e0 in piazza Castello dopo aver costeggiato il Parco di Trenno, lo Stadio Meazza, L&#8217;arena, il Duomo e i Navigli.\u00a0 Oltre 14mila iscritti con 4.515 maratoneti e 2.378 staffette (9.512), per un totale complessivo di 14.027 runner. Sono numeri &#8220;record&#8221; per la Milano city marathon. Tra le curiosit\u00e0 dei runnerspartecipanti, spiegano gli organizzatori, i pi\u00f9 anziani che correranno sia la maratona che la staffetta hanno entrambi 83 anni e per le donne, 70 e 68anni; i nomi pi\u00f9 frequenti sono Marco e Andrea, Francesca, Laura e Alessandra; in 43 correranno nel giorno del loro compleanno. Inoltre perl\u2019Italia, arriveranno da tutte le regioni, soprattutto Lombardia, Piemonte,Emilia-Romagna, Toscana; e per l\u2019estero arriveranno da 68 paesi del mondo,i pi\u00f9 lontani sono India, Korea del sud, El Salvador, Usa, Cina, Cile,Colombia, Argentina, Antille Olandesi, Taiwan, Pakistan, Panama. Saranno \u00a056 i paesi del mondo raggiunti dalla copertura televisiva, grazie a RaiSport 1 che con la diretta televisiva dalle 8.55 alle 11.55 garantir\u00e0 la copertura dell\u2019evento sia per la parte agonistica, arricchitaquest\u2019anno dal Campionato Italiano Assoluto e Master, che per la parte dicolore grazie alla partecipazione delle\u00a0staffette iscritte alla EuropAssistance Relay Marathon; Universal Sports Network (58 milioni di case negliStati Uniti e canale di riferimento per gli appassionati di atletica) che trasmetter\u00e0 gli highlights il 7 aprile alle ore 20.00 e in replica alle22.30 (ET &#8211; Eastern Time) con ulteriori repliche per tutto il mese di aprile; SuperSport, network che mander\u00e0 la sintesi della maratona in tutto ilcontinente africano (luned\u00ec 7 aprile 17.30; marted\u00ec 8 aprile alle 16.30,mercoled\u00ec 9 aprile alle 8.00 e gioved\u00ec 10 aprile alle 12.30); Sports NewsTelevision_piattaforma SNTV che trasmetter\u00e0 i news access dell\u2019evento. Dopodich\u00e8\u00a0 tutti sintonizzati su <strong>Radiodeejay<\/strong> dove, nel training center di Enervit che domani andr\u00e0 in onda dalle 13 alle 14<strong> , \u00a0Linus, Baldini<\/strong> e <strong>Cassani<\/strong> dopo aver corso la staffetta, commenteranno caldo la gara a botta calda.<\/p>\n","protected":false},"excerpt":{"rendered":"<p><p>E&#8217; la cadenza bresciana di Federico Rosa\u00a0ad annunciare quale sar\u00e0 la &#8220;cadenza&#8221;\u00a0 della quattordicesima Suisse Milano Marathon che si correr\u00e0 sotto il sole e\u00a0a temperature ideali per andar forte:\u00a0 &#8220;Il fatto che molti dei protagonisti dello scorso anno abbiano voluto tornare \u00e8 la miglior dimostrazione del gradimento che la corsa sta incontrando tra gli atleti-\u00a0 ha dichiarato il direttore\u00a0tecnico della gara- L\u2019idea \u00e8 quella di correre la prima met\u00e0 di gara in 63\u201945\u201d per cercare anche di migliorare il record della corsai&#8221;. Tra gli uomini\u00a0 occhi puntati sulla nutrita pattuglia keniana da Daniel Kiprugut ( 2.08) \u00a0a Francis Kiprop ( [&hellip;]<\/p>\n&nbsp;&nbsp;<div class=\"readmore\"><a href=\"https:\/\/blog.ilgiornale.it\/ruzzo\/2014\/04\/05\/milano-marathon-da-record-14mila-al-via\/\">Continua a leggere...<\/a><\/div><\/p>","protected":false},"author":956,"featured_media":0,"comment_status":"open","ping_status":"closed","sticky":false,"template":"","format":"standard","meta":[],"categories":[1],"tags":[45349,6158,8679,45350],"_links":{"self":[{"href":"https:\/\/blog.ilgiornale.it\/ruzzo\/wp-json\/wp\/v2\/posts\/11558"}],"collection":[{"href":"https:\/\/blog.ilgiornale.it\/ruzzo\/wp-json\/wp\/v2\/posts"}],"about":[{"href":"https:\/\/blog.ilgiornale.it\/ruzzo\/wp-json\/wp\/v2\/types\/post"}],"author":[{"embeddable":true,"href":"https:\/\/blog.ilgiornale.it\/ruzzo\/wp-json\/wp\/v2\/users\/956"}],"replies":[{"embeddable":true,"href":"https:\/\/blog.ilgiornale.it\/ruzzo\/wp-json\/wp\/v2\/comments?post=11558"}],"version-history":[{"count":3,"href":"https:\/\/blog.ilgiornale.it\/ruzzo\/wp-json\/wp\/v2\/posts\/11558\/revisions"}],"predecessor-version":[{"id":11563,"href":"https:\/\/blog.ilgiornale.it\/ruzzo\/wp-json\/wp\/v2\/posts\/11558\/revisions\/11563"}],"wp:attachment":[{"href":"https:\/\/blog.ilgiornale.it\/ruzzo\/wp-json\/wp\/v2\/media?parent=11558"}],"wp:term":[{"taxonomy":"category","embeddable":true,"href":"https:\/\/blog.ilgiornale.it\/ruzzo\/wp-json\/wp\/v2\/categories?post=11558"},{"taxonomy":"post_tag","embeddable":true,"href":"https:\/\/blog.ilgiornale.it\/ruzzo\/wp-json\/wp\/v2\/tags?post=11558"}],"curies":[{"name":"wp","href":"https:\/\/api.w.org\/{rel}","templated":true}]}}