{"id":11777,"date":"2014-06-16T23:32:12","date_gmt":"2014-06-16T21:32:12","guid":{"rendered":"https:\/\/blog.ilgiornale.it\/ruzzo\/?p=11777"},"modified":"2014-06-17T12:37:57","modified_gmt":"2014-06-17T10:37:57","slug":"mauro-corona-i-bimbi-lo-sport-e-un-mondo-migliore","status":"publish","type":"post","link":"https:\/\/blog.ilgiornale.it\/ruzzo\/2014\/06\/16\/mauro-corona-i-bimbi-lo-sport-e-un-mondo-migliore\/","title":{"rendered":"Mauro Corona, i bimbi, lo sport e un mondo migliore"},"content":{"rendered":"<p><strong><a href=\"https:\/\/blog.ilgiornale.it\/ruzzo\/files\/2014\/06\/Mauro-Corona.jpg\"><img loading=\"lazy\" class=\"alignleft size-medium wp-image-12315\" src=\"https:\/\/blog.ilgiornale.it\/ruzzo\/files\/2014\/06\/Mauro-Corona-300x225.jpg\" alt=\"\" width=\"300\" height=\"225\" srcset=\"https:\/\/blog.ilgiornale.it\/ruzzo\/files\/2014\/06\/Mauro-Corona-300x225.jpg 300w, https:\/\/blog.ilgiornale.it\/ruzzo\/files\/2014\/06\/Mauro-Corona.jpg 800w\" sizes=\"(max-width: 300px) 100vw, 300px\" \/><\/a>Mauro Corona, <\/strong>bandana e barba incolta<strong>, <\/strong>\u00a0\u00e8 un alpinista scultore un po&#8217; filosofo. Parecchio filosofo.\u00a0\u00a0Come tutti sogna il migliore dei mondi possibili e, come tutti, se potesse scegliere lo\u00a0vorrebbe come immagina lui.\u00a0Qualche tempo fa l&#8217;hanno chiamato per una serata dal titolo <strong>&#8220;Le montagne d\u2019Italia. Una testimonianza sui vinti e sui marginali&#8221;<\/strong> per i 100 anni dalla Grande Guerra, i 50 dal Vajont, i 30 da Stava. Gli hanno fatto una domanda da niente e cio\u00e8 da che parte va il mondo. Da dove si comincia per ricominciare, da quali valori, da chi. \u00a0E lui non si \u00e8 tirato indietro. Da sportivo qual \u00e8 ha messo i bimbi\u00a0e \u00a0lo sport davanti a tutto. Ma non lo sport come semplice esercizio fisico, perch\u00e8 lo sport \u00e8 molto di pi\u00f9. E&#8217; una forma mentis, \u00e8 cultura, \u00e8 il metodo per affrontare le cose e anche un po&#8217; la vita. Certo non basta. Ci vuole molto altro ancora per ricompattare una societ\u00e0 che sta virando pericolosamente su altre priorit\u00e0. Per\u00f2, senza mai desistere, spiegando ai pi\u00f9 piccoli il significato di sport, passione, coraggio, cultura e\u00a0onest\u00e0\u00a0\u00a0si fa di certo un buon investimento. Dice<strong> Corona:<\/strong> \u00abCome si fa a creare una societ\u00e0 nuova in cui poter vivere tranquilli, senza distruggere tutto ci\u00f2 che ci circonda? Uccidiamo la montagna e stiamo uccidendo il mare. Ogni mamma deve iniziare a tirare su in modo diverso i suoi piccoli. Non cambier\u00e0 nulla finch\u00e9 cresceremo bambini da 800 euro a vestito, avviati a comprare una Audi da 80.000 euro. E che corrono verso la cementificazione e si beano nel turismo di massa. La causa di tutto \u00e8 l\u2019uomo, la sua cattiva educazione, sin da bambino. Un genitore maldestro e sciagurato non deve poter imporre una formula distruttiva a suo figlio\u00bb. E come dargli torto?<\/p>\n","protected":false},"excerpt":{"rendered":"<p><p>Mauro Corona, bandana e barba incolta, \u00a0\u00e8 un alpinista scultore un po&#8217; filosofo. Parecchio filosofo.\u00a0\u00a0Come tutti sogna il migliore dei mondi possibili e, come tutti, se potesse scegliere lo\u00a0vorrebbe come immagina lui.\u00a0Qualche tempo fa l&#8217;hanno chiamato per una serata dal titolo &#8220;Le montagne d\u2019Italia. Una testimonianza sui vinti e sui marginali&#8221; per i 100 anni dalla Grande Guerra, i 50 dal Vajont, i 30 da Stava. Gli hanno fatto una domanda da niente e cio\u00e8 da che parte va il mondo. Da dove si comincia per ricominciare, da quali valori, da chi. \u00a0E lui non si \u00e8 tirato indietro. Da [&hellip;]<\/p>\n&nbsp;&nbsp;<div class=\"readmore\"><a href=\"https:\/\/blog.ilgiornale.it\/ruzzo\/2014\/06\/16\/mauro-corona-i-bimbi-lo-sport-e-un-mondo-migliore\/\">Continua a leggere...<\/a><\/div><\/p>","protected":false},"author":956,"featured_media":0,"comment_status":"open","ping_status":"closed","sticky":false,"template":"","format":"standard","meta":[],"categories":[1],"tags":[],"_links":{"self":[{"href":"https:\/\/blog.ilgiornale.it\/ruzzo\/wp-json\/wp\/v2\/posts\/11777"}],"collection":[{"href":"https:\/\/blog.ilgiornale.it\/ruzzo\/wp-json\/wp\/v2\/posts"}],"about":[{"href":"https:\/\/blog.ilgiornale.it\/ruzzo\/wp-json\/wp\/v2\/types\/post"}],"author":[{"embeddable":true,"href":"https:\/\/blog.ilgiornale.it\/ruzzo\/wp-json\/wp\/v2\/users\/956"}],"replies":[{"embeddable":true,"href":"https:\/\/blog.ilgiornale.it\/ruzzo\/wp-json\/wp\/v2\/comments?post=11777"}],"version-history":[{"count":8,"href":"https:\/\/blog.ilgiornale.it\/ruzzo\/wp-json\/wp\/v2\/posts\/11777\/revisions"}],"predecessor-version":[{"id":12321,"href":"https:\/\/blog.ilgiornale.it\/ruzzo\/wp-json\/wp\/v2\/posts\/11777\/revisions\/12321"}],"wp:attachment":[{"href":"https:\/\/blog.ilgiornale.it\/ruzzo\/wp-json\/wp\/v2\/media?parent=11777"}],"wp:term":[{"taxonomy":"category","embeddable":true,"href":"https:\/\/blog.ilgiornale.it\/ruzzo\/wp-json\/wp\/v2\/categories?post=11777"},{"taxonomy":"post_tag","embeddable":true,"href":"https:\/\/blog.ilgiornale.it\/ruzzo\/wp-json\/wp\/v2\/tags?post=11777"}],"curies":[{"name":"wp","href":"https:\/\/api.w.org\/{rel}","templated":true}]}}