{"id":11896,"date":"2014-05-07T20:57:30","date_gmt":"2014-05-07T18:57:30","guid":{"rendered":"https:\/\/blog.ilgiornale.it\/ruzzo\/?p=11896"},"modified":"2014-05-08T15:59:58","modified_gmt":"2014-05-08T13:59:58","slug":"rimini-challenge-la-sfida-e-un-pezzetto-di-storia","status":"publish","type":"post","link":"https:\/\/blog.ilgiornale.it\/ruzzo\/2014\/05\/07\/rimini-challenge-la-sfida-e-un-pezzetto-di-storia\/","title":{"rendered":"Rimini Challenge, la sfida \u00e8 un pezzetto di storia"},"content":{"rendered":"<p><a href=\"https:\/\/blog.ilgiornale.it\/ruzzo\/files\/2014\/05\/20130911_104640_1.jpg\"><img loading=\"lazy\" class=\"alignleft size-medium wp-image-11909\" src=\"https:\/\/blog.ilgiornale.it\/ruzzo\/files\/2014\/05\/20130911_104640_1-300x187.jpg\" alt=\"\" width=\"300\" height=\"187\" \/><\/a>Per quest&#8217;anno non cambiare, stessa spiaggia\u00a0 stesso mare&#8230;Il ritornello \u00e8 quello famoso\u00a0di <strong>Piero Focaccia<\/strong> e poi di <strong>Edoardo Vianello: <\/strong>lieve lieve, perfetto per\u00a0un tormentone dell&#8217;estate. Fa venire in mente\u00a0\u00a0il sole, il sale\u00a0 e gli ombrelloni delle spiagge italiane. Soprattutto della Riviera romagnola. E allora sia, non si cambia. Per il secondo anno torna il <strong>Rimini Challenge<\/strong>, il grande \u00a0triathlon internazionale che nel week end\u00a0 porter\u00e0 in Romagna i migliori trathleti in circolazione e davvero tantissimi appassionati. Una grande \u00a0festa di sport, cos\u00ec recita il sito (<a href=\"http:\/\/www.challenge-rimini.it\/ita\/\">www.challenge-rimini.it\/ita\/<\/a>) e cos\u00ec assicura chi qui ha gi\u00e0 gareggiato un anno fa tra mare, lungomare e un entroterra meraviglioso che profuma di tradizione e\u00a0di pirati. Anzi di Pirata. C&#8217;\u00e8 sempre qualcosa che fa la differenza. E per il <strong>Challenge<\/strong> la differenza \u00e8 tutta nel clima che non \u00e8 quello meteo che lo scorso anno fece un po&#8217; le bizze e quest&#8217;anno si annuncia parecchio caldo. Il clima \u00e8 tutto cio che gira intorno come la musica di<strong> Fossati<\/strong>.\u00a0 E&#8217; un lungomare perfetto per lo show,\u00a0 le montagne\u00a0 come <strong>Montescudo<\/strong>,\u00a0 le persone sulle strade che ti applaudono,\u00a0\u00a0l&#8217;accoglienza genuina che solo da queste parti&#8230;. Il clima sono\u00a0i gioielli medievali dell&#8217;entroterra, le\u00a0 trattorie \u00a0dove si mangia come una volta spendendo come una volta, le piadine e un buon bicchiere di rosso.\u00a0Il clima sono i campioni che rendono stellare la starting list. E a Rimini ci sono quasi tutti i migliori: da<strong> Fontana\u00a0<\/strong> a <strong>Bozzone<\/strong>,\u00a0 da <strong>Passuello<\/strong> a <strong>Cigana<\/strong>, a <strong>Bachor,<\/strong> <strong>Frommhold,<\/strong> <strong>Mannocchio<\/strong>, <strong>Nicholls<\/strong>, <strong>De Gasperi<\/strong> e <strong>Reichel<\/strong>. E le migliori dalla <strong>Dogana <\/strong>all<strong>a Csomor,<\/strong> dalla<strong>Van Verklen <\/strong>alla<strong> Crawford <\/strong>alla<strong>Forshaw. <\/strong>In verit\u00e0 tutti aspettavano anche <strong>Chris McCormack\u00a0<\/strong> che qui l&#8217;anno scorso aveva vinto \u00a0dopo un emozionanate testa a testa con <strong>Fontana<\/strong>. Non ci sar\u00e0. Niente rivincita. Un problema fisico gli ha fatto saltare\u00a0la preparazione quindi \u00a0l&#8217;australiano \u00e8 rimasto a casa. E un po&#8217; mancher\u00e0 anche se ha promesso che nel 2015 il suo posto sar\u00e0 ancora qui.\u00a0\u00a0 Quindi il fardello del favorito sar\u00e0 tutto sulle spalle di <strong>Daniel Fontana<\/strong>, primo italiano a vincere un Ironman. \u201cLa gara dello scorso anno mi ha lasciato l\u2019amaro in bocca- spiega il capitano della<strong>DDs di Settimo-\u00a0<\/strong> Spero di\u00a0conquistare la medaglia che mi \u00e8 sfuggita in volata con <strong>Macca.<\/strong> Il mio calendario gare questa stagione sar\u00e0 molto fitto. L\u2019obiettivo per me sono le <strong>Hawaii<\/strong>, ma Rimini resta uno degli appuntamenti cui tengo di pi\u00f9&gt;. Si fa sul serio. Cos\u00ec come faranno sul serio i protagonisti dello &lt;sprint&gt; che si correr\u00e0 sabato e i piccoli che si sfideranno nel duathlon junior. Ognuno, come sempre, avr\u00e0 il suo buon motivo per far fatica, per non mollare, per giocarsela fino all&#8217;ultimo metro. &lt;Noi siamo il triathlon&gt; \u00e8 lo slogan del <strong>Challenge. <\/strong>Ed \u00e8 perfetto. Perch\u00e8 ogni atleta domenica scriver\u00e0 un pezzetto di questa storia. Che sar\u00e0 pi\u00f9 o meno faticosa, pi\u00f9 o meno veloce, pi\u00f9 o meno\u00a0\u00a0da campione. Ma storia resta. Che \u00e8 poi ci\u00f2 che conta&#8230;<\/p>\n","protected":false},"excerpt":{"rendered":"<p><p>Per quest&#8217;anno non cambiare, stessa spiaggia\u00a0 stesso mare&#8230;Il ritornello \u00e8 quello famoso\u00a0di Piero Focaccia e poi di Edoardo Vianello: lieve lieve, perfetto per\u00a0un tormentone dell&#8217;estate. Fa venire in mente\u00a0\u00a0il sole, il sale\u00a0 e gli ombrelloni delle spiagge italiane. Soprattutto della Riviera romagnola. E allora sia, non si cambia. Per il secondo anno torna il Rimini Challenge, il grande \u00a0triathlon internazionale che nel week end\u00a0 porter\u00e0 in Romagna i migliori trathleti in circolazione e davvero tantissimi appassionati. Una grande \u00a0festa di sport, cos\u00ec recita il sito (www.challenge-rimini.it\/ita\/) e cos\u00ec assicura chi qui ha gi\u00e0 gareggiato un anno fa tra mare, lungomare [&hellip;]<\/p>\n&nbsp;&nbsp;<div class=\"readmore\"><a href=\"https:\/\/blog.ilgiornale.it\/ruzzo\/2014\/05\/07\/rimini-challenge-la-sfida-e-un-pezzetto-di-storia\/\">Continua a leggere...<\/a><\/div><\/p>","protected":false},"author":956,"featured_media":0,"comment_status":"open","ping_status":"closed","sticky":false,"template":"","format":"standard","meta":[],"categories":[1],"tags":[25834,45373,45372],"_links":{"self":[{"href":"https:\/\/blog.ilgiornale.it\/ruzzo\/wp-json\/wp\/v2\/posts\/11896"}],"collection":[{"href":"https:\/\/blog.ilgiornale.it\/ruzzo\/wp-json\/wp\/v2\/posts"}],"about":[{"href":"https:\/\/blog.ilgiornale.it\/ruzzo\/wp-json\/wp\/v2\/types\/post"}],"author":[{"embeddable":true,"href":"https:\/\/blog.ilgiornale.it\/ruzzo\/wp-json\/wp\/v2\/users\/956"}],"replies":[{"embeddable":true,"href":"https:\/\/blog.ilgiornale.it\/ruzzo\/wp-json\/wp\/v2\/comments?post=11896"}],"version-history":[{"count":13,"href":"https:\/\/blog.ilgiornale.it\/ruzzo\/wp-json\/wp\/v2\/posts\/11896\/revisions"}],"predecessor-version":[{"id":11915,"href":"https:\/\/blog.ilgiornale.it\/ruzzo\/wp-json\/wp\/v2\/posts\/11896\/revisions\/11915"}],"wp:attachment":[{"href":"https:\/\/blog.ilgiornale.it\/ruzzo\/wp-json\/wp\/v2\/media?parent=11896"}],"wp:term":[{"taxonomy":"category","embeddable":true,"href":"https:\/\/blog.ilgiornale.it\/ruzzo\/wp-json\/wp\/v2\/categories?post=11896"},{"taxonomy":"post_tag","embeddable":true,"href":"https:\/\/blog.ilgiornale.it\/ruzzo\/wp-json\/wp\/v2\/tags?post=11896"}],"curies":[{"name":"wp","href":"https:\/\/api.w.org\/{rel}","templated":true}]}}