{"id":11916,"date":"2014-05-08T19:29:25","date_gmt":"2014-05-08T17:29:25","guid":{"rendered":"https:\/\/blog.ilgiornale.it\/ruzzo\/?p=11916"},"modified":"2014-05-08T20:19:45","modified_gmt":"2014-05-08T18:19:45","slug":"challenge-di-rimini-sulle-tracce-del-pirata","status":"publish","type":"post","link":"https:\/\/blog.ilgiornale.it\/ruzzo\/2014\/05\/08\/challenge-di-rimini-sulle-tracce-del-pirata\/","title":{"rendered":"Challenge di Rimini sulle tracce del Pirata"},"content":{"rendered":"<p><a href=\"https:\/\/blog.ilgiornale.it\/ruzzo\/files\/2014\/05\/bike.jpg\"><img loading=\"lazy\" class=\"alignright size-medium wp-image-11919\" src=\"https:\/\/blog.ilgiornale.it\/ruzzo\/files\/2014\/05\/bike-212x300.jpg\" alt=\"\" width=\"212\" height=\"300\" srcset=\"https:\/\/blog.ilgiornale.it\/ruzzo\/files\/2014\/05\/bike-212x300.jpg 212w, https:\/\/blog.ilgiornale.it\/ruzzo\/files\/2014\/05\/bike-724x1024.jpg 724w, https:\/\/blog.ilgiornale.it\/ruzzo\/files\/2014\/05\/bike.jpg 848w\" sizes=\"(max-width: 212px) 100vw, 212px\" \/><\/a>Bisogner\u00e0 togliersi la bandana e cominciare a pedalare. Duro, perch\u00e8 quando si parla di salita, il cuore comincia a battere pi\u00f9 forte. E da queste parti batte fortissimo. Basta chiamarle per nome alcune delle e salite che salgono verso il Montefeltro dal mare di Rimini per capire che siamo sulle strade del Pirata. Dal colle del<strong> Barbotto<\/strong> al Cippo di\u00a0<strong>Carpegna<\/strong>, da <strong>Montescudo<\/strong> a <strong>Monte Grimano<\/strong> al <strong>Monte Cerignone<\/strong> su queste strade c&#8217;\u00e8 un bel pezzo della storia di <strong>Marco Pantani<\/strong>. Ed \u00e8 una storia presente e mai dimenticata \u00a0per chi vive qui, basta entrare nei bar, basta curiosare nei chioschi,\u00a0 guardarsi intorno. Tutto un giallo e un rosa, un fiorire di bandane appese dove capita e portate come capita.\u00a0 Ognuno pu\u00f2\u00a0pensare ci\u00f2 che vuole ma il Pirata ha scritto un pezzo della storia del ciclismo e qui\u00a0pi\u00f9 che altrove gli rendono onore.\u00a0E un po&#8217; la stessa cosa vale per\u00a0\u00a0i \u00a092 chilometri della frazione ciclistica del <strong>Rimini Challenge<\/strong>. Domenica dopo aver nuotato si va sulle strade dove si allenava il\u00a0&lt;Panta&gt;, si sale\u00a0per 950 metri di dislivello in un continuo su \u00e8 giu con un paio di strappi veri. Gli organizzatori si sono messi una mano sulla coscienza e, rispetto all&#8217;edizione scorsa, il tratto \u00e8 \u00a0meno impegnativo. Le prime rampe si incontrano\u00a0a <strong>San Martino Monte L\u2019Abate,<\/strong> dopo 8 chilometri\u00a0\u00a0e\u00a0\u00a0per salire \u00a0nel centro di <strong>Corian<\/strong>\u00a0 al diciassettesimo dove si trova il primo ristoro: due strappetti da 500metri al 15 per cento non impossibili che per\u00f2 si sentono.\u00a0La prima vera salita arriva dopo una discesa e\u00a0un lungo falsopiano\u00a0nella valle del Conca:\u00a0 \u00e8 quella\u00a0<strong>di Monte Grimano, tre chilometri all&#8217;8 per cento<\/strong><strong>\u00a0<\/strong>dal km 36 al km 39. Poi un nuovo falsopiano a salire di 4km fino all&#8217;ascesa\u00a0 di Monte Cerignone dove \u00e8 fissato il giro di boa. Qui, pi\u00f9 o meno, \u00a0\u00e8 finita. La seconda parte del tracciato infatti \u00e8 prevalentemente un falsopiano in discesa molto veloce; dal km 47 si scende infatti per 21 km, per poi affrontare l\u2019ultima asperit\u00e0 del percorso, i 1500 metri al 4% che ci riporta a <strong>Croce di Monte Colombo<\/strong>, ripercorrendo in senso contrario la strada gi\u00e0 fatta all\u2019andata. Ognuno ha le gambe che ha, certo non \u00e8 una tappa pirenaica del Tour ma neanche una passeggiata soprattutto pensando che poi tocca anche correre una &#8220;mezza&#8221;. Dice bene <strong>Martina Dogana<\/strong>, portacolori del <strong>Forhans team\u00a0\u00a0<\/strong>che come tanti altri il tracciato l&#8217;ha provato e riprovato: &#8221;\u00a0Sembra facile ma non lo\u00a0\u00e8. \u00a0Salite a parte anche il rientro in discesa verso il mare in realt\u00e0 \u00e9 un lungo falsopiano in cui si pu\u00f2 spingere e rimanere in posizione aerodinamica. Ma scommetto che molti ci lasceranno le gambe!\u00a0E attenzione al vento, potrebbe essere l\u2019ostacolo maggiore&#8230;&#8221;<\/p>\n","protected":false},"excerpt":{"rendered":"<p><p>Bisogner\u00e0 togliersi la bandana e cominciare a pedalare. Duro, perch\u00e8 quando si parla di salita, il cuore comincia a battere pi\u00f9 forte. E da queste parti batte fortissimo. Basta chiamarle per nome alcune delle e salite che salgono verso il Montefeltro dal mare di Rimini per capire che siamo sulle strade del Pirata. Dal colle del Barbotto al Cippo di\u00a0Carpegna, da Montescudo a Monte Grimano al Monte Cerignone su queste strade c&#8217;\u00e8 un bel pezzo della storia di Marco Pantani. Ed \u00e8 una storia presente e mai dimenticata \u00a0per chi vive qui, basta entrare nei bar, basta curiosare nei chioschi,\u00a0 [&hellip;]<\/p>\n&nbsp;&nbsp;<div class=\"readmore\"><a href=\"https:\/\/blog.ilgiornale.it\/ruzzo\/2014\/05\/08\/challenge-di-rimini-sulle-tracce-del-pirata\/\">Continua a leggere...<\/a><\/div><\/p>","protected":false},"author":956,"featured_media":0,"comment_status":"open","ping_status":"closed","sticky":false,"template":"","format":"standard","meta":[],"categories":[1],"tags":[25876,25834,45375,45374],"_links":{"self":[{"href":"https:\/\/blog.ilgiornale.it\/ruzzo\/wp-json\/wp\/v2\/posts\/11916"}],"collection":[{"href":"https:\/\/blog.ilgiornale.it\/ruzzo\/wp-json\/wp\/v2\/posts"}],"about":[{"href":"https:\/\/blog.ilgiornale.it\/ruzzo\/wp-json\/wp\/v2\/types\/post"}],"author":[{"embeddable":true,"href":"https:\/\/blog.ilgiornale.it\/ruzzo\/wp-json\/wp\/v2\/users\/956"}],"replies":[{"embeddable":true,"href":"https:\/\/blog.ilgiornale.it\/ruzzo\/wp-json\/wp\/v2\/comments?post=11916"}],"version-history":[{"count":10,"href":"https:\/\/blog.ilgiornale.it\/ruzzo\/wp-json\/wp\/v2\/posts\/11916\/revisions"}],"predecessor-version":[{"id":11925,"href":"https:\/\/blog.ilgiornale.it\/ruzzo\/wp-json\/wp\/v2\/posts\/11916\/revisions\/11925"}],"wp:attachment":[{"href":"https:\/\/blog.ilgiornale.it\/ruzzo\/wp-json\/wp\/v2\/media?parent=11916"}],"wp:term":[{"taxonomy":"category","embeddable":true,"href":"https:\/\/blog.ilgiornale.it\/ruzzo\/wp-json\/wp\/v2\/categories?post=11916"},{"taxonomy":"post_tag","embeddable":true,"href":"https:\/\/blog.ilgiornale.it\/ruzzo\/wp-json\/wp\/v2\/tags?post=11916"}],"curies":[{"name":"wp","href":"https:\/\/api.w.org\/{rel}","templated":true}]}}