{"id":11939,"date":"2014-05-10T21:47:39","date_gmt":"2014-05-10T19:47:39","guid":{"rendered":"https:\/\/blog.ilgiornale.it\/ruzzo\/?p=11939"},"modified":"2014-05-10T23:53:59","modified_gmt":"2014-05-10T21:53:59","slug":"challenge-il-sabato-del-villaggio","status":"publish","type":"post","link":"https:\/\/blog.ilgiornale.it\/ruzzo\/2014\/05\/10\/challenge-il-sabato-del-villaggio\/","title":{"rendered":"Challenge, il sabato del villaggio"},"content":{"rendered":"<p>Piadina con formaggio di fossa di Sogliano,  cassone con il prosciutto cotto e un cestino croccante con crema chantilly e frutta fresca. Pi\u00f9 un paio di birre.  Altroch\u00e9 carboidrati. La vigilia del Challenge e soprattutto una buona cena. Senza remore, perch\u00e9 domani due chilometri di nuoto, 90 in bici e 21 di corsa giustificano qualsiasi cosa. Rimini di sera e&#8217; tutta una vasca. Un avanti e indietro che ti fa capire perch\u00e9 la Romagna e&#8217; terra di conquista. Triathleti, sbarbati del sabato sera, antiche signore che si agitano su tacchi improbabili, coppie, coppiette e coppiette pi\u00f9 o meno regolari che ormai parlano sempre pi\u00f9 russo. E&#8217; il sabato della riviera che per chi deve correre domani e anche un po&#8217; il sabato del villaggio che si consuma nell&#8217;attesa. E. Intanto oggi hanno corso i piccoli. Cuccioli ma mica tanto. Alcuni forti, veloci e tirati come i grandi. Altri meno. Ma bellissimi lo stesso, anzi pi\u00f9 belli. Tutti a correre e a pedalare su un lungomare che sembra fatto apposto per un triathlon di primavera con un sole che gi\u00e0 anticipa l&#8217;estate. E domani pi\u00f9 o meno sar\u00e0 la stessa cosa. Nel villaggio che si prepara alla festa c&#8217;\u00e8 spazio e gloria per tutti. Da Daniel Fontana che firma autografi e foto, ad Alessandro Fabian che commenta la gara degli edite, ad Alessandro De Gasperi che con Ivan Risti trova in serata anche il tempo (e la voglia) di farsi una pedalata. E&#8217; il sabato del villaggio di un Challenge che profuma di evento. Tanti atleti, tanti appassionati e tante facce straniere che da queste parti sono la normalit\u00e0. Domani si corre. Il sabato e&#8217; filato via&#8230;&#8221;<\/p>\n","protected":false},"excerpt":{"rendered":"<p><p>Piadina con formaggio di fossa di Sogliano, cassone con il prosciutto cotto e un cestino croccante con crema chantilly e frutta fresca. Pi\u00f9 un paio di birre. Altroch\u00e9 carboidrati. La vigilia del Challenge e soprattutto una buona cena. Senza remore, perch\u00e9 domani due chilometri di nuoto, 90 in bici e 21 di corsa giustificano qualsiasi cosa. Rimini di sera e&#8217; tutta una vasca. Un avanti e indietro che ti fa capire perch\u00e9 la Romagna e&#8217; terra di conquista. Triathleti, sbarbati del sabato sera, antiche signore che si agitano su tacchi improbabili, coppie, coppiette e coppiette pi\u00f9 o meno regolari che [&hellip;]<\/p>\n&nbsp;&nbsp;<div class=\"readmore\"><a href=\"https:\/\/blog.ilgiornale.it\/ruzzo\/2014\/05\/10\/challenge-il-sabato-del-villaggio\/\">Continua a leggere...<\/a><\/div><\/p>","protected":false},"author":956,"featured_media":0,"comment_status":"open","ping_status":"closed","sticky":false,"template":"","format":"standard","meta":[],"categories":[1],"tags":[],"_links":{"self":[{"href":"https:\/\/blog.ilgiornale.it\/ruzzo\/wp-json\/wp\/v2\/posts\/11939"}],"collection":[{"href":"https:\/\/blog.ilgiornale.it\/ruzzo\/wp-json\/wp\/v2\/posts"}],"about":[{"href":"https:\/\/blog.ilgiornale.it\/ruzzo\/wp-json\/wp\/v2\/types\/post"}],"author":[{"embeddable":true,"href":"https:\/\/blog.ilgiornale.it\/ruzzo\/wp-json\/wp\/v2\/users\/956"}],"replies":[{"embeddable":true,"href":"https:\/\/blog.ilgiornale.it\/ruzzo\/wp-json\/wp\/v2\/comments?post=11939"}],"version-history":[{"count":4,"href":"https:\/\/blog.ilgiornale.it\/ruzzo\/wp-json\/wp\/v2\/posts\/11939\/revisions"}],"predecessor-version":[{"id":11943,"href":"https:\/\/blog.ilgiornale.it\/ruzzo\/wp-json\/wp\/v2\/posts\/11939\/revisions\/11943"}],"wp:attachment":[{"href":"https:\/\/blog.ilgiornale.it\/ruzzo\/wp-json\/wp\/v2\/media?parent=11939"}],"wp:term":[{"taxonomy":"category","embeddable":true,"href":"https:\/\/blog.ilgiornale.it\/ruzzo\/wp-json\/wp\/v2\/categories?post=11939"},{"taxonomy":"post_tag","embeddable":true,"href":"https:\/\/blog.ilgiornale.it\/ruzzo\/wp-json\/wp\/v2\/tags?post=11939"}],"curies":[{"name":"wp","href":"https:\/\/api.w.org\/{rel}","templated":true}]}}