{"id":11975,"date":"2014-05-14T15:28:28","date_gmt":"2014-05-14T13:28:28","guid":{"rendered":"https:\/\/blog.ilgiornale.it\/ruzzo\/?p=11975"},"modified":"2014-05-15T13:01:18","modified_gmt":"2014-05-15T11:01:18","slug":"degasperi-rimini-e-alle-spalle-ora-penso-allironman","status":"publish","type":"post","link":"https:\/\/blog.ilgiornale.it\/ruzzo\/2014\/05\/14\/degasperi-rimini-e-alle-spalle-ora-penso-allironman\/","title":{"rendered":"Degasperi: &#8220;Rimini \u00e8 alle spalle ora penso all&#8217;Ironman&#8221;"},"content":{"rendered":"<p><strong><a href=\"https:\/\/blog.ilgiornale.it\/ruzzo\/files\/2014\/05\/AlessandroDegasperiLiverpool5150.jpg\"><img loading=\"lazy\" class=\"alignright size-medium wp-image-11977\" src=\"https:\/\/blog.ilgiornale.it\/ruzzo\/files\/2014\/05\/AlessandroDegasperiLiverpool5150-300x199.jpg\" alt=\"\" width=\"300\" height=\"199\" \/><\/a>Alessandro Degasperi<\/strong> a Rimini si \u00e8 ritirato. Lo scorso anno era salito sul podio del <strong>Challenge,<\/strong> questa volta non \u00e8 andata come doveva. E per il campione del<strong> Cus Trento<\/strong>\u00a0 dopo vittorie\u00a0e \u00a0podi europei \u00e8 il momento di riavvolgere un po&#8217; il nastro anche perch\u00e8 questa per lui sar\u00e0 una stagione importante, quella dl suo esordio nella distanza pi\u00f9 lunga dell&#8217;Ironman. A trentatr\u00e8 anni prover\u00e0 a misurarsi sulla lughissima distanza con le certezze di chi \u00e8 trai migliori atleti in circolazione nella distanza media\u00a0 e con tutti i dubbi che &#8220;raddoppiare&#8221; comporta. ( La foto \u00e8 di Salvatore Costa: <a href=\"http:\/\/www.salvatorecosta.it\">www.salvatorecosta.it<\/a>)<\/p>\n<blockquote><p><strong>Cosa \u00e8 succeso al Challenge di Rimini?<br \/>\n<\/strong>&#8220;Niente di grave ma una leggera contrattura che avevo al polpaccio prima di partire si \u00e8 riacutizzata e quindi ho preferito non continuare la corsa per non far danni maggiori. In realt\u00e0 avevo gi\u00e0 capito come sarebbe finita quando sono sceso dalla bici&#8221;<br \/>\n<strong>Fino a li non era andata male..<\/strong><br \/>\n&#8220;Direi di no. Mi sentivo bene ed ero uscito nel gruppo dei primi dall&#8217;acqua. Che per me \u00e8 un ottimo risultato. In bici solitamente mi difendo bene anche se preferisco i percorsi pi\u00f9 impegnativi, quelli con piu salite. Sono cresciuto in Val di Fiemme \u00e8 un po&#8217; il mio terreno.<br \/>\n<strong>A Rimini invece c&#8217;\u00e8 il mare&#8230;<\/strong><br \/>\n&#8220;Beh s\u00ec, \u00a0per\u00f2 il tracciato fino a Monte Gignone non \u00e8 leggerismmo e poi c&#8217;era vento. Ma Rimini ormai \u00e8 andata..<br \/>\n<strong>Si, appunto. Da dove si riparte&#8230;<\/strong><br \/>\n&#8220;Si riparte da un po&#8217; di riposo, da una vista dallo specialista e da un po&#8217; di fisioterapia perch\u00e8 questo del polpaccio \u00e8 un problema che mi trascino da troppo tempo e quindi ora va risolto.<br \/>\n<strong>E quindi ripetiamo la domanda, da dove si riparte?<\/strong><br \/>\n&#8220;Se tutto va come deve andare si ricomincia la prossima settimana in Austia con il 70.3 di Saint Polten. Una gara che ho gi\u00e0 corso e che mi piace perch\u00e8 \u00e8 una gara dura&#8230;<br \/>\n<strong>Ci risiamo. Ma a voi se non fate fatica non vi divertite?<\/strong><br \/>\n&#8220;Questo \u00e8 il nostro sport. E io mi diverto sempre moltissimo. Questa \u00e8 soprattutto la mia passione&#8230;<br \/>\n<strong>Sport, passione che per\u00f2 \u00e8 anche lavoro. Con moglie e figlio come si organizza?<\/strong><br \/>\n&#8220;Come fanno tanti come me. Sacrifici, qualche rununcia a volte sacrificando i tempi di recupero anche se non si dovrebbe fare&#8230;<br \/>\n<strong>Anche\u00a0perch\u00e8 Alessandro Desgaperi non \u00e8 solo un triathleta&#8230;<\/strong><br \/>\n&#8220;Beh no. Diciamo che c&#8217;\u00e8 anche altro.\u00a0Sono socio di Sportime che \u00e8 una societ\u00e0 di marketing e comuncazione per le aziende che si avvicinano al mondo dello sport e con la mia societ\u00e0 il Cus Trento e l&#8217;Universit\u00e0 di Trento faccio il tutor per gli studenti universitari che vogliono studiare e nello stesso tempo fare triathlon. E&#8217; un bel progetto che stiamo seguendo da qualche anno che d\u00e0 soddisfazione&#8230;<br \/>\n<strong>Pi\u00f9 di una vittoria?<\/strong><br \/>\n&#8220;Sono emozioni diverse&#8230;&#8221;<br \/>\n<strong>Torniamo alle gare. Come sar\u00e0 il suo 2014?<\/strong><br \/>\n&#8220;Sar\u00e0 sicuramente un anno importante e impegnativo perch\u00e8 debutter\u00f2 in un Ironman&#8221;<br \/>\n<strong>La data ovviamente c&#8217;\u00e8 gi\u00e0&#8230;<\/strong><br \/>\n&#8220;S\u00ec, il 6 luglio a Francoforte&#8230;<br \/>\n<strong>Come ci arriva l\u00ec?<\/strong><br \/>\n&#8221; Ci arrivo dopo aver corso in Austria un 70.3 e dopo aver corso il mezzo Ironman a Pescara. Poi mi fermo per una mettere a punto la preparazione con una serie di allenamenti specifici<br \/>\n<strong>Cosa si aspetta?<\/strong><br \/>\n&#8220;La prima volta in un Ironman \u00e8 sempre un punto di domanda.\u00a0 E&#8217; una gara complessa per la sua lunghezza mi preoccupa la parte finale in bici e ovviamente la maratona finale. Anche se devo dire che quella che ho corso a Roma con Ivan Risti mi ha dato buone sensazioni<br \/>\n<strong>Paure?<\/strong><br \/>\n&#8220;No, paure no. Anche se ovviamente la parte in cui mi sento meno sicuro resta il nuoto. Io ho fatto tantissimi sport e ho cominciato\u00a0 a fare triathlon da giovanissimo. Ma non nasco come nuotatore&#8230;<br \/>\n<strong>Quindi l&#8217;obbiettivo \u00e8 arrivare nei primi dieci?<\/strong><br \/>\n&#8220;Mai detto&#8230;&#8221;<br \/>\n<strong>Lo dica lei allora?<\/strong><br \/>\n&#8220;L&#8217;obbiettivo \u00e8 fare un Ironman dignitoso e farlo al meglio possibile. Alla fine far\u00f2 i conti. Certo se durante la stagione dovese arrivare la qualificazione per Kona il discorso e i programmi cambierebbero<br \/>\n<strong>Kona \u00e8 il sogno di tutti&#8230;<\/strong><br \/>\n&#8220;Le Hawaii sono il sogno di chi fa questo sport. Come dicono tutti quelli che l&#8217;hanno fatta \u00e8 una gara particolare e difficile. Bisogna andare e cominciare a farla, cominciare a capirla<br \/>\n<strong>E se la qualificazione non arriva?<\/strong><br \/>\n&#8220;Nessun dramma\u00a0 ci mancherebbe&#8221;<br \/>\n<strong>Anche perch\u00e8 ha altro a cui pensare?<\/strong><br \/>\n&#8220;Direi di s\u00ec. Ci sono\u00a0gli europei del 70.3 a Wesbaden e i mondiali in Canada&#8221;<br \/>\n<strong>In bocca a lupo&#8230;<\/strong><br \/>\n&#8220;Crepi&#8230;&#8221;<\/p><\/blockquote>\n","protected":false},"excerpt":{"rendered":"<p><p>Alessandro Degasperi a Rimini si \u00e8 ritirato. Lo scorso anno era salito sul podio del Challenge, questa volta non \u00e8 andata come doveva. E per il campione del Cus Trento\u00a0 dopo vittorie\u00a0e \u00a0podi europei \u00e8 il momento di riavvolgere un po&#8217; il nastro anche perch\u00e8 questa per lui sar\u00e0 una stagione importante, quella dl suo esordio nella distanza pi\u00f9 lunga dell&#8217;Ironman. A trentatr\u00e8 anni prover\u00e0 a misurarsi sulla lughissima distanza con le certezze di chi \u00e8 trai migliori atleti in circolazione nella distanza media\u00a0 e con tutti i dubbi che &#8220;raddoppiare&#8221; comporta. ( La foto \u00e8 di Salvatore Costa: www.salvatorecosta.it) [&hellip;]<\/p>\n&nbsp;&nbsp;<div class=\"readmore\"><a href=\"https:\/\/blog.ilgiornale.it\/ruzzo\/2014\/05\/14\/degasperi-rimini-e-alle-spalle-ora-penso-allironman\/\">Continua a leggere...<\/a><\/div><\/p>","protected":false},"author":956,"featured_media":0,"comment_status":"open","ping_status":"closed","sticky":false,"template":"","format":"standard","meta":[],"categories":[1],"tags":[],"_links":{"self":[{"href":"https:\/\/blog.ilgiornale.it\/ruzzo\/wp-json\/wp\/v2\/posts\/11975"}],"collection":[{"href":"https:\/\/blog.ilgiornale.it\/ruzzo\/wp-json\/wp\/v2\/posts"}],"about":[{"href":"https:\/\/blog.ilgiornale.it\/ruzzo\/wp-json\/wp\/v2\/types\/post"}],"author":[{"embeddable":true,"href":"https:\/\/blog.ilgiornale.it\/ruzzo\/wp-json\/wp\/v2\/users\/956"}],"replies":[{"embeddable":true,"href":"https:\/\/blog.ilgiornale.it\/ruzzo\/wp-json\/wp\/v2\/comments?post=11975"}],"version-history":[{"count":6,"href":"https:\/\/blog.ilgiornale.it\/ruzzo\/wp-json\/wp\/v2\/posts\/11975\/revisions"}],"predecessor-version":[{"id":11982,"href":"https:\/\/blog.ilgiornale.it\/ruzzo\/wp-json\/wp\/v2\/posts\/11975\/revisions\/11982"}],"wp:attachment":[{"href":"https:\/\/blog.ilgiornale.it\/ruzzo\/wp-json\/wp\/v2\/media?parent=11975"}],"wp:term":[{"taxonomy":"category","embeddable":true,"href":"https:\/\/blog.ilgiornale.it\/ruzzo\/wp-json\/wp\/v2\/categories?post=11975"},{"taxonomy":"post_tag","embeddable":true,"href":"https:\/\/blog.ilgiornale.it\/ruzzo\/wp-json\/wp\/v2\/tags?post=11975"}],"curies":[{"name":"wp","href":"https:\/\/api.w.org\/{rel}","templated":true}]}}