{"id":11994,"date":"2014-05-17T12:15:22","date_gmt":"2014-05-17T10:15:22","guid":{"rendered":"https:\/\/blog.ilgiornale.it\/ruzzo\/?p=11994"},"modified":"2014-05-17T17:08:34","modified_gmt":"2014-05-17T15:08:34","slug":"ladri-di-biclette-e-di-caschi","status":"publish","type":"post","link":"https:\/\/blog.ilgiornale.it\/ruzzo\/2014\/05\/17\/ladri-di-biclette-e-di-caschi\/","title":{"rendered":"Ladri di biciclette (e di caschi)"},"content":{"rendered":"<p>C&#8217;era una volta il ciclismo dell&#8217;onore e dei buoni sentimenti. Il ciclismo dove la pi\u00f9 grande furbata era ( al massimo) una spinta sul Pordoi o sullo Stelvio&#8230;Il ciclismo delle ore al freddo ad aspettare il passaggio dei primi, degli altri, degli ultimi e&#8230;applausi per tutti. Un soffio che volava via che\u00a0ma valeva una giornata, una notte d&#8217;attesa. E chiss\u00e0 se c&#8217;\u00e8 ancora&#8230;Cambia il ciclismo. Che oggi naviga, chatta , &#8220;twitta&#8221;, \u00a0\u00e8 molto pi\u00f9 patinato, in carbonio, goretex e via cos\u00ec e cambiano i suoi tifosi. L&#8217;altro ieri c&#8217;era sulla strada di MOntecassino c&#8217;era Giampaolo Caruso in terra con la sua bici chiss\u00e0 dove e con una smorfia tremenda che per\u00f2 per fortuna c&#8217;era, \u00a0perch\u00e8 all&#8217;inizio si era anche temuto il peggio. Caruso era l\u00ec e l&#8217;immagine di quel tifoso ( tifoso?) che scappa via col suo casco e la sua borraccia ha fatto il giro del web. Un ladro? S\u00ec, certo un ladro ma che si \u00e8 portato via qualcosa di pi\u00f9 di un caschetto. Si \u00e8 portato via un pezzettino di storia e un pezzettino di poesia. Forse \u00e8 sempre stato cos\u00ec e forse non ce ne siamo mai accorti o abbiamo fatto finta di non accrogercene. Forse \u00e8 sempre stato cos\u00ec ma non c&#8217;erano tutte le telecamere che ci sono oggi, le stesse che sui campi di calcio ormai obbligano tutti a coprirsi la bocca con una mano quando parlano.\u00a0 Pu\u00f2 darsi. Per\u00f2 non c&#8217;era solo quel tipo tracagnotto al fianco di Caruso che gli portava via il caschetto. C&#8217;era anche una signora che forse hanno visto in pochi. E&#8217; rimasta l\u00ec per un po&#8217; a guardare poi si \u00e8 sfilata la giacca e gliel&#8217;ha appoggiata per ripararlo dall&#8217;acqua. Tutta un&#8217;altra storia. O forse la stessa, quella di sempre , del ciclismo che ci piace che sia. C&#8217;era una volta il ciclismo&#8230;e speriamo che ci sia ancora.<\/p>\n","protected":false},"excerpt":{"rendered":"<p><p>C&#8217;era una volta il ciclismo dell&#8217;onore e dei buoni sentimenti. Il ciclismo dove la pi\u00f9 grande furbata era ( al massimo) una spinta sul Pordoi o sullo Stelvio&#8230;Il ciclismo delle ore al freddo ad aspettare il passaggio dei primi, degli altri, degli ultimi e&#8230;applausi per tutti. Un soffio che volava via che\u00a0ma valeva una giornata, una notte d&#8217;attesa. E chiss\u00e0 se c&#8217;\u00e8 ancora&#8230;Cambia il ciclismo. Che oggi naviga, chatta , &#8220;twitta&#8221;, \u00a0\u00e8 molto pi\u00f9 patinato, in carbonio, goretex e via cos\u00ec e cambiano i suoi tifosi. L&#8217;altro ieri c&#8217;era sulla strada di MOntecassino c&#8217;era Giampaolo Caruso in terra con la [&hellip;]<\/p>\n&nbsp;&nbsp;<div class=\"readmore\"><a href=\"https:\/\/blog.ilgiornale.it\/ruzzo\/2014\/05\/17\/ladri-di-biclette-e-di-caschi\/\">Continua a leggere...<\/a><\/div><\/p>","protected":false},"author":956,"featured_media":0,"comment_status":"open","ping_status":"closed","sticky":false,"template":"","format":"standard","meta":[],"categories":[1],"tags":[],"_links":{"self":[{"href":"https:\/\/blog.ilgiornale.it\/ruzzo\/wp-json\/wp\/v2\/posts\/11994"}],"collection":[{"href":"https:\/\/blog.ilgiornale.it\/ruzzo\/wp-json\/wp\/v2\/posts"}],"about":[{"href":"https:\/\/blog.ilgiornale.it\/ruzzo\/wp-json\/wp\/v2\/types\/post"}],"author":[{"embeddable":true,"href":"https:\/\/blog.ilgiornale.it\/ruzzo\/wp-json\/wp\/v2\/users\/956"}],"replies":[{"embeddable":true,"href":"https:\/\/blog.ilgiornale.it\/ruzzo\/wp-json\/wp\/v2\/comments?post=11994"}],"version-history":[{"count":6,"href":"https:\/\/blog.ilgiornale.it\/ruzzo\/wp-json\/wp\/v2\/posts\/11994\/revisions"}],"predecessor-version":[{"id":12000,"href":"https:\/\/blog.ilgiornale.it\/ruzzo\/wp-json\/wp\/v2\/posts\/11994\/revisions\/12000"}],"wp:attachment":[{"href":"https:\/\/blog.ilgiornale.it\/ruzzo\/wp-json\/wp\/v2\/media?parent=11994"}],"wp:term":[{"taxonomy":"category","embeddable":true,"href":"https:\/\/blog.ilgiornale.it\/ruzzo\/wp-json\/wp\/v2\/categories?post=11994"},{"taxonomy":"post_tag","embeddable":true,"href":"https:\/\/blog.ilgiornale.it\/ruzzo\/wp-json\/wp\/v2\/tags?post=11994"}],"curies":[{"name":"wp","href":"https:\/\/api.w.org\/{rel}","templated":true}]}}