{"id":12005,"date":"2014-05-19T12:39:19","date_gmt":"2014-05-19T10:39:19","guid":{"rendered":"https:\/\/blog.ilgiornale.it\/ruzzo\/?p=12005"},"modified":"2014-05-19T14:59:17","modified_gmt":"2014-05-19T12:59:17","slug":"in-bici-da-roma-a-solden-pensando-alla-maratona","status":"publish","type":"post","link":"https:\/\/blog.ilgiornale.it\/ruzzo\/2014\/05\/19\/in-bici-da-roma-a-solden-pensando-alla-maratona\/","title":{"rendered":"In bici da Roma a Solden, pensando alla maratona"},"content":{"rendered":"<p><a href=\"https:\/\/blog.ilgiornale.it\/ruzzo\/files\/2014\/05\/image002.jpg\"><img loading=\"lazy\" class=\"alignleft size-medium wp-image-12008\" src=\"https:\/\/blog.ilgiornale.it\/ruzzo\/files\/2014\/05\/image002-300x200.jpg\" alt=\"\" width=\"300\" height=\"200\" srcset=\"https:\/\/blog.ilgiornale.it\/ruzzo\/files\/2014\/05\/image002-300x200.jpg 300w, https:\/\/blog.ilgiornale.it\/ruzzo\/files\/2014\/05\/image002-1024x683.jpg 1024w, https:\/\/blog.ilgiornale.it\/ruzzo\/files\/2014\/05\/image002.jpg 1280w\" sizes=\"(max-width: 300px) 100vw, 300px\" \/><\/a>Una settimana in sella, da Roma a Solden. Dalla citt\u00e0 eterna ai ghiacciai austriaci dove di solito va in scena la coppa del mondo di sci. Ma stavolta si pedala\u00a0 per preparare la<strong> \u00d6tztaler<\/strong>, la gran fondo ciclistica pi\u00f9 impegnativa d&#8217;Europa. 240 chilometri fra le cime alpine di Italia e Austria. E cos\u00ec,\u00a0come \u00e8 gi\u00e0 successo negli anni scorsi da Vienna e Amburgo la carovana si metter\u00e0 in movimento molto prima: il via il 23 agosto.\u00a0Una lunga \u00a0pedalata non competitiva a tappe di 150 &#8211; 220 chilometri al giorno riservata ( per motivi organizzativi) a venti persone che dovranno preoccuparsi solo di pedalare e &#8220;far fatica&#8221;\u00a0.\u00a0\u00a0 Si tratta di una pedalata tranquilla in compagnia, non a carattere competitivo in cui partecipanti saranno ambasciatori del ciclismo. Inoltre ai ciclisti partecipanti che raggiungeranno S\u00f6lden verr\u00e0 garantito il pettorale per l&#8217; \u00d6tztaler del 2015.\u00a0 &#8220;Dalla partenza di Roma all&#8217;arrivo a S\u00f6lden &#8211; spiegano gli organizzatori- verr\u00e0 organizzato tutto nei minimi particolari. Sar\u00e0 una pedalata a 5 stelle dall&#8217;assistenza, al trasporto bagagli, dai ristori al computer Garmin (in prestito) con Roadbook per seguire il percorso, dalle auto al seguito agli alloggi in mezza pensione.\u00a0 Lungo il percorso i partecipanti verranno rifocillati con bibite e pietanze da un service team volante. E a disposizione ci sar\u00e0 anche chi ripara le bici&#8221;. Il via da Roma e poi attraverso gli Appennini e la Pianura Padana fino al Lago di Garda per raggiungere le Dolomiti, poi il Brennero, il passo del K\u00fchtai e quindi S\u00f6lden.<br \/>\nPer ulteriori informazioni prego inviare una mail a <a href=\"mailto:heike.klotz@oetztal.com\">heike.klotz@oetztal.com<\/a><\/p>\n","protected":false},"excerpt":{"rendered":"<p><p>Una settimana in sella, da Roma a Solden. Dalla citt\u00e0 eterna ai ghiacciai austriaci dove di solito va in scena la coppa del mondo di sci. Ma stavolta si pedala\u00a0 per preparare la \u00d6tztaler, la gran fondo ciclistica pi\u00f9 impegnativa d&#8217;Europa. 240 chilometri fra le cime alpine di Italia e Austria. E cos\u00ec,\u00a0come \u00e8 gi\u00e0 successo negli anni scorsi da Vienna e Amburgo la carovana si metter\u00e0 in movimento molto prima: il via il 23 agosto.\u00a0Una lunga \u00a0pedalata non competitiva a tappe di 150 &#8211; 220 chilometri al giorno riservata ( per motivi organizzativi) a venti persone che dovranno preoccuparsi [&hellip;]<\/p>\n&nbsp;&nbsp;<div class=\"readmore\"><a href=\"https:\/\/blog.ilgiornale.it\/ruzzo\/2014\/05\/19\/in-bici-da-roma-a-solden-pensando-alla-maratona\/\">Continua a leggere...<\/a><\/div><\/p>","protected":false},"author":956,"featured_media":0,"comment_status":"open","ping_status":"closed","sticky":false,"template":"","format":"standard","meta":[],"categories":[1],"tags":[],"_links":{"self":[{"href":"https:\/\/blog.ilgiornale.it\/ruzzo\/wp-json\/wp\/v2\/posts\/12005"}],"collection":[{"href":"https:\/\/blog.ilgiornale.it\/ruzzo\/wp-json\/wp\/v2\/posts"}],"about":[{"href":"https:\/\/blog.ilgiornale.it\/ruzzo\/wp-json\/wp\/v2\/types\/post"}],"author":[{"embeddable":true,"href":"https:\/\/blog.ilgiornale.it\/ruzzo\/wp-json\/wp\/v2\/users\/956"}],"replies":[{"embeddable":true,"href":"https:\/\/blog.ilgiornale.it\/ruzzo\/wp-json\/wp\/v2\/comments?post=12005"}],"version-history":[{"count":7,"href":"https:\/\/blog.ilgiornale.it\/ruzzo\/wp-json\/wp\/v2\/posts\/12005\/revisions"}],"predecessor-version":[{"id":12013,"href":"https:\/\/blog.ilgiornale.it\/ruzzo\/wp-json\/wp\/v2\/posts\/12005\/revisions\/12013"}],"wp:attachment":[{"href":"https:\/\/blog.ilgiornale.it\/ruzzo\/wp-json\/wp\/v2\/media?parent=12005"}],"wp:term":[{"taxonomy":"category","embeddable":true,"href":"https:\/\/blog.ilgiornale.it\/ruzzo\/wp-json\/wp\/v2\/categories?post=12005"},{"taxonomy":"post_tag","embeddable":true,"href":"https:\/\/blog.ilgiornale.it\/ruzzo\/wp-json\/wp\/v2\/tags?post=12005"}],"curies":[{"name":"wp","href":"https:\/\/api.w.org\/{rel}","templated":true}]}}