{"id":12172,"date":"2014-06-02T19:11:03","date_gmt":"2014-06-02T17:11:03","guid":{"rendered":"https:\/\/blog.ilgiornale.it\/ruzzo\/?p=12172"},"modified":"2014-06-02T20:15:48","modified_gmt":"2014-06-02T18:15:48","slug":"per-i-colombiani-un-giro-storico-e-per-noi","status":"publish","type":"post","link":"https:\/\/blog.ilgiornale.it\/ruzzo\/2014\/06\/02\/per-i-colombiani-un-giro-storico-e-per-noi\/","title":{"rendered":"Per i colombiani un giro  storico&#8230;e per noi?"},"content":{"rendered":"<p><a href=\"https:\/\/blog.ilgiornale.it\/ruzzo\/files\/2014\/06\/Cycling_.jpg\"><img loading=\"lazy\" class=\"alignright size-medium wp-image-12175\" src=\"https:\/\/blog.ilgiornale.it\/ruzzo\/files\/2014\/06\/Cycling_-300x206.jpg\" alt=\"\" width=\"300\" height=\"206\" \/><\/a>Uno schermo gigante e quasi un giorno di festa nazionale. Il Presidente della Colombia<strong> Juan Manuel Santos<\/strong> ha cos\u00ec celebrato la vittoria di <strong>Nairo Quintana<\/strong> al Giro d\u2019Italia.\u00a0\u00abUn trionfo storico degli atleti colombiani Nairo e Rigoberto, che hanno fatto vibrare 47 milioni di cuori. Grazie per tutta questa gioia!\u00bb, ha twittato il Presidente dalla citt\u00e0 natale della maglia rosa, <strong>Combita.<\/strong>\u00a0Per i colombiani questo Giro entrer\u00e0 nella storia ed \u00e8 giustissimo cos\u00ec. Quintana \u00e8 il primo a vincere e il Giro d&#8217;Italia nonostante tutto \u00e8 il Giro d&#8217;Italia. Ma per noi? Per noi resta uno spettacolo che forse tra qualche anno ( ma temo anche molto prima)\u00a0 svanir\u00e0.\u00a0 Rester\u00e0 lo stop di <strong>Jos van Emdem<\/strong> che si ferma durante\u00a0la cronoscalata del <strong>Grappa<\/strong> per chiedere alla sua fidanzata di sposarlo, resteranno le immagini di\u00a0quel tifoso vestito da sposa\u00a0sullo Zoncolan, di quell&#8217;altro tutto nudo che lo imita e di quell&#8217;idiota che\u00a0spinge Bongiorno e lo fa cadere. Tutto qui? Purtroppo pare di s\u00ec. Una smorfia forse ci salver\u00e0. Il ghigno di gioia e fatica di <strong>Fabio Aru<\/strong> che si \u00e8 gi\u00e0 messo sulle spalle tutto il peso del ciclismo azzurro. Speriamo gli reggano le gambe&#8230;<\/p>\n","protected":false},"excerpt":{"rendered":"<p><p>Uno schermo gigante e quasi un giorno di festa nazionale. Il Presidente della Colombia Juan Manuel Santos ha cos\u00ec celebrato la vittoria di Nairo Quintana al Giro d\u2019Italia.\u00a0\u00abUn trionfo storico degli atleti colombiani Nairo e Rigoberto, che hanno fatto vibrare 47 milioni di cuori. Grazie per tutta questa gioia!\u00bb, ha twittato il Presidente dalla citt\u00e0 natale della maglia rosa, Combita.\u00a0Per i colombiani questo Giro entrer\u00e0 nella storia ed \u00e8 giustissimo cos\u00ec. Quintana \u00e8 il primo a vincere e il Giro d&#8217;Italia nonostante tutto \u00e8 il Giro d&#8217;Italia. Ma per noi? Per noi resta uno spettacolo che forse tra qualche anno [&hellip;]<\/p>\n&nbsp;&nbsp;<div class=\"readmore\"><a href=\"https:\/\/blog.ilgiornale.it\/ruzzo\/2014\/06\/02\/per-i-colombiani-un-giro-storico-e-per-noi\/\">Continua a leggere...<\/a><\/div><\/p>","protected":false},"author":956,"featured_media":0,"comment_status":"open","ping_status":"closed","sticky":false,"template":"","format":"standard","meta":[],"categories":[1],"tags":[],"_links":{"self":[{"href":"https:\/\/blog.ilgiornale.it\/ruzzo\/wp-json\/wp\/v2\/posts\/12172"}],"collection":[{"href":"https:\/\/blog.ilgiornale.it\/ruzzo\/wp-json\/wp\/v2\/posts"}],"about":[{"href":"https:\/\/blog.ilgiornale.it\/ruzzo\/wp-json\/wp\/v2\/types\/post"}],"author":[{"embeddable":true,"href":"https:\/\/blog.ilgiornale.it\/ruzzo\/wp-json\/wp\/v2\/users\/956"}],"replies":[{"embeddable":true,"href":"https:\/\/blog.ilgiornale.it\/ruzzo\/wp-json\/wp\/v2\/comments?post=12172"}],"version-history":[{"count":6,"href":"https:\/\/blog.ilgiornale.it\/ruzzo\/wp-json\/wp\/v2\/posts\/12172\/revisions"}],"predecessor-version":[{"id":12179,"href":"https:\/\/blog.ilgiornale.it\/ruzzo\/wp-json\/wp\/v2\/posts\/12172\/revisions\/12179"}],"wp:attachment":[{"href":"https:\/\/blog.ilgiornale.it\/ruzzo\/wp-json\/wp\/v2\/media?parent=12172"}],"wp:term":[{"taxonomy":"category","embeddable":true,"href":"https:\/\/blog.ilgiornale.it\/ruzzo\/wp-json\/wp\/v2\/categories?post=12172"},{"taxonomy":"post_tag","embeddable":true,"href":"https:\/\/blog.ilgiornale.it\/ruzzo\/wp-json\/wp\/v2\/tags?post=12172"}],"curies":[{"name":"wp","href":"https:\/\/api.w.org\/{rel}","templated":true}]}}