{"id":12180,"date":"2014-06-03T16:21:01","date_gmt":"2014-06-03T14:21:01","guid":{"rendered":"https:\/\/blog.ilgiornale.it\/ruzzo\/?p=12180"},"modified":"2014-06-03T19:32:41","modified_gmt":"2014-06-03T17:32:41","slug":"aquathlon-laurora-degli-europei","status":"publish","type":"post","link":"https:\/\/blog.ilgiornale.it\/ruzzo\/2014\/06\/03\/aquathlon-laurora-degli-europei\/","title":{"rendered":"Aquathlon, spunta l&#8217;Aurora agli europei"},"content":{"rendered":"<p><a href=\"https:\/\/blog.ilgiornale.it\/ruzzo\/files\/2014\/06\/10407697_10204287746142162_5027092157731074449_n.jpg\"><img loading=\"lazy\" class=\"alignleft size-thumbnail wp-image-12184\" src=\"https:\/\/blog.ilgiornale.it\/ruzzo\/files\/2014\/06\/10407697_10204287746142162_5027092157731074449_n-150x150.jpg\" alt=\"\" width=\"150\" height=\"150\" \/><\/a><a href=\"https:\/\/blog.ilgiornale.it\/ruzzo\/files\/2014\/06\/10417730_721210374604220_4091219873579251544_n.jpg\"><img loading=\"lazy\" class=\"alignleft size-thumbnail wp-image-12185\" src=\"https:\/\/blog.ilgiornale.it\/ruzzo\/files\/2014\/06\/10417730_721210374604220_4091219873579251544_n-150x150.jpg\" alt=\"\" width=\"150\" height=\"150\" \/><\/a>Capita che due distinti signori non pi\u00f9 ragazzini decidano di fare sul serio e di andare ai campionati europei di aquathlon con la maglia della nazionale italiana? Capita, capita&#8230; E capita anche che i due, che sotto la casacca azzurra, hanno entrambi il body dell&#8217; <strong>Aurora triathlon<\/strong>, si piazzino secondo e quarto\u00a0nella loro categoria. \u00a0Una bella soddisfazione.\u00a0\u00a0<strong>Mimmo Scaldaferri,<\/strong> potentino,\u00a0e <strong>Marco Russo<\/strong> salernitano\u00a0nella vita ovviamente vita fanno tutt&#8217;altro. Il primo ( che \u00e8 arrivato secondo)\u00a0 \u00e8\u00a0\u00a0un ottimo informatore\u00a0scientifico, il secondo ( che \u00e8 arrivato quarto) \u00a0\u00e8 un quotato avvocato civilista. Ma testa e cuore sono quelli dei triathletii. Anzi no. Prima di mettersi la muta di correre e pedalare i due hanno per anni giocato a pallanuoto che quando poi si deve scendere in acqua a nuotare \u00e8 sicuramante un bel vantaggio. E poi sono passati alla multidisciplina. Due atleti molto forti con Scaldaferri che prefersice le distanze pi\u00f9 lunghe come l&#8217;Ironman e\u00a0 Russo che \u00e8 pi\u00f9 a suo agio su quelle pi\u00f9 brevi.\u00a0 E cos\u00ec tra una gara e un&#8217;altra, \u00a0qualche vittoria e molti ottimi piazzamenti sono arrivati anche i <strong>campionati europei di Colonia<\/strong> la settimana scorsa dove la coppia <strong>Aurora<\/strong> gareggiava con il tricolore appuntato sul petto che \u00e8 sempre un grande orgoglio ma anche \u00a0una bella responsabilit\u00e0. Un <strong>campionato Europeo di Aquathlon Classico,<\/strong> anche se per le categorie Age group, resta comunque un campionato Europeo. Cio\u00e8 una gara \u00a0vera, anzi verissima , con allenamenti mirati, puntuali e anche qualche\u00a0rinuncia. Una prova di corsa di\u00a02 chilometri e mezzo, una di nuoto di 1 chilometro e un\u00b4altra di corsa ancora di chilometri e mezzo fatte a tutta. Che poi pu\u00f2 finire che\u00a0la medaglia d&#8217;oro ti ritrovi a giocartela\u00a0 in uno sprint dove il primo ti arriva davanti per un paio di secondi. E cos\u00ec \u00e8 successo a <strong>Mimmo Scaldaferri<\/strong> che \u00a0ha conquistato la medaglia d\u00b4argento nella Cat. SM 45 a conclusione di una volata spalla a spalla con i due campioni tedeschi <strong>Michael Bock<\/strong> che ha conquistato la medaglia d\u00b4oro e <strong>Arnd Bader<\/strong> che \u00e8 arrivato terzo. Un amen. Peccato. Resta una prestazione da incorniciare\u00a0per i due atleti dell&#8217; <strong>Aurora<\/strong>\u00a0che magari lascia un po&#8217; di amaro in bocca ma\u00a0 anche no:\u00a0&#8221; Per noi- spiega il presidente dell&#8217;Aurora triathlon <strong>Luca Lanzara<\/strong>&#8211; portare due atleti in nazionale a giocarsi le medaglie europee \u00e8 una soddisfazione enorme.\u00a0Cosa posso dire di\u00a0Mimmo e Marco? Che sono due\u00a0ragazzi fortissimi ma soprattutto due amici e due persone per bene. Due campioni nello sport ma soprattutto nella vita&#8230;&#8221;. E tutto il\u00a0 resto \u00e8 gloria&#8230;<\/p>\n<div>\n<div>\n<div>\n<div>\u00a0<\/div>\n<\/div>\n<\/div>\n<\/div>\n","protected":false},"excerpt":{"rendered":"<p><p>Capita che due distinti signori non pi\u00f9 ragazzini decidano di fare sul serio e di andare ai campionati europei di aquathlon con la maglia della nazionale italiana? Capita, capita&#8230; E capita anche che i due, che sotto la casacca azzurra, hanno entrambi il body dell&#8217; Aurora triathlon, si piazzino secondo e quarto\u00a0nella loro categoria. \u00a0Una bella soddisfazione.\u00a0\u00a0Mimmo Scaldaferri, potentino,\u00a0e Marco Russo salernitano\u00a0nella vita ovviamente vita fanno tutt&#8217;altro. Il primo ( che \u00e8 arrivato secondo)\u00a0 \u00e8\u00a0\u00a0un ottimo informatore\u00a0scientifico, il secondo ( che \u00e8 arrivato quarto) \u00a0\u00e8 un quotato avvocato civilista. Ma testa e cuore sono quelli dei triathletii. Anzi no. Prima [&hellip;]<\/p>\n&nbsp;&nbsp;<div class=\"readmore\"><a href=\"https:\/\/blog.ilgiornale.it\/ruzzo\/2014\/06\/03\/aquathlon-laurora-degli-europei\/\">Continua a leggere...<\/a><\/div><\/p>","protected":false},"author":956,"featured_media":0,"comment_status":"open","ping_status":"closed","sticky":false,"template":"","format":"standard","meta":[],"categories":[1],"tags":[],"_links":{"self":[{"href":"https:\/\/blog.ilgiornale.it\/ruzzo\/wp-json\/wp\/v2\/posts\/12180"}],"collection":[{"href":"https:\/\/blog.ilgiornale.it\/ruzzo\/wp-json\/wp\/v2\/posts"}],"about":[{"href":"https:\/\/blog.ilgiornale.it\/ruzzo\/wp-json\/wp\/v2\/types\/post"}],"author":[{"embeddable":true,"href":"https:\/\/blog.ilgiornale.it\/ruzzo\/wp-json\/wp\/v2\/users\/956"}],"replies":[{"embeddable":true,"href":"https:\/\/blog.ilgiornale.it\/ruzzo\/wp-json\/wp\/v2\/comments?post=12180"}],"version-history":[{"count":11,"href":"https:\/\/blog.ilgiornale.it\/ruzzo\/wp-json\/wp\/v2\/posts\/12180\/revisions"}],"predecessor-version":[{"id":12193,"href":"https:\/\/blog.ilgiornale.it\/ruzzo\/wp-json\/wp\/v2\/posts\/12180\/revisions\/12193"}],"wp:attachment":[{"href":"https:\/\/blog.ilgiornale.it\/ruzzo\/wp-json\/wp\/v2\/media?parent=12180"}],"wp:term":[{"taxonomy":"category","embeddable":true,"href":"https:\/\/blog.ilgiornale.it\/ruzzo\/wp-json\/wp\/v2\/categories?post=12180"},{"taxonomy":"post_tag","embeddable":true,"href":"https:\/\/blog.ilgiornale.it\/ruzzo\/wp-json\/wp\/v2\/tags?post=12180"}],"curies":[{"name":"wp","href":"https:\/\/api.w.org\/{rel}","templated":true}]}}