{"id":12196,"date":"2014-06-08T20:18:37","date_gmt":"2014-06-08T18:18:37","guid":{"rendered":"https:\/\/blog.ilgiornale.it\/ruzzo\/?p=12196"},"modified":"2014-06-08T23:02:19","modified_gmt":"2014-06-08T21:02:19","slug":"ciclismo-a-roma-la-granfondo-e-per-lexpo","status":"publish","type":"post","link":"https:\/\/blog.ilgiornale.it\/ruzzo\/2014\/06\/08\/ciclismo-a-roma-la-granfondo-e-per-lexpo\/","title":{"rendered":"Ciclismo: a Roma la granfondo. E per l&#8217;Expo?"},"content":{"rendered":"<p><a href=\"https:\/\/blog.ilgiornale.it\/ruzzo\/files\/2014\/06\/expo.jpg\"><img loading=\"lazy\" class=\"alignleft size-medium wp-image-12230\" src=\"https:\/\/blog.ilgiornale.it\/ruzzo\/files\/2014\/06\/expo-300x199.jpg\" alt=\"\" width=\"300\" height=\"199\" \/><\/a>Migliaia di appassionati ciclisti correranno a Roma. Non male. Vuoi mettere pedalare a dalla Capitale ai Castelli e ritornare\u00a0verso il Colosseo? Quasi un magia e un bello spot\u00a0\u00a0perch\u00e8 Roma ersta una citt\u00e0 che sa regalare emozioni. La bici pure quindi il gioco \u00e8 fatto. La <strong>Granfondo Campagnolo<\/strong> partir\u00e0\u00a0 il 12 ottobre, ci sar\u00e0 tempo per parlarne. Anche perch\u00e8 nella\u00a0Citt\u00e0 Eterna sono attesi oltre 5mila corridori,\u00a0spesso con famiglie al seguito, \u00a0pronti a sfidarsi in un percorso di 120Km o nella ciclopedalata di 50km. La partenza \u00e8 fissata davanti al Colosseo e la corsa, giunta alla terza edizione, dopo aver attraversato il cuore antico di Roma, si sposter\u00e0 fuori dalle mura capitoline per raggiunger\u00e0 i Castelli Romani. Qualche su \u00e8 gi\u00f9, qualche salita ma nulla id impossibile. Insomma si pu\u00f2 fare. E allora mi torna in mente l&#8217;intervista che avevo fatto qualche mese fa al&#8217;assessore allo sport della Regione Lombardia, l&#8217;ex olimpionico di canoa <strong>Antonio Rossi<\/strong>.\u00a0&#8221; Ho un progetto- mi aveva detto provare a realizzare una granfondo di ciclismo\u00a0in occasione dell&#8217;Expo..&#8221; Una pedalata con partenza da Milano e\u00a0ritorno a Milano dopo un\u00a0paio di salite magari sul Ghisallo. Fantastico, ma chiss\u00e0\u00a0se ce la fa?<\/p>\n","protected":false},"excerpt":{"rendered":"<p><p>Migliaia di appassionati ciclisti correranno a Roma. Non male. Vuoi mettere pedalare a dalla Capitale ai Castelli e ritornare\u00a0verso il Colosseo? Quasi un magia e un bello spot\u00a0\u00a0perch\u00e8 Roma ersta una citt\u00e0 che sa regalare emozioni. La bici pure quindi il gioco \u00e8 fatto. La Granfondo Campagnolo partir\u00e0\u00a0 il 12 ottobre, ci sar\u00e0 tempo per parlarne. Anche perch\u00e8 nella\u00a0Citt\u00e0 Eterna sono attesi oltre 5mila corridori,\u00a0spesso con famiglie al seguito, \u00a0pronti a sfidarsi in un percorso di 120Km o nella ciclopedalata di 50km. La partenza \u00e8 fissata davanti al Colosseo e la corsa, giunta alla terza edizione, dopo aver attraversato il [&hellip;]<\/p>\n&nbsp;&nbsp;<div class=\"readmore\"><a href=\"https:\/\/blog.ilgiornale.it\/ruzzo\/2014\/06\/08\/ciclismo-a-roma-la-granfondo-e-per-lexpo\/\">Continua a leggere...<\/a><\/div><\/p>","protected":false},"author":956,"featured_media":0,"comment_status":"open","ping_status":"closed","sticky":false,"template":"","format":"standard","meta":[],"categories":[1],"tags":[],"_links":{"self":[{"href":"https:\/\/blog.ilgiornale.it\/ruzzo\/wp-json\/wp\/v2\/posts\/12196"}],"collection":[{"href":"https:\/\/blog.ilgiornale.it\/ruzzo\/wp-json\/wp\/v2\/posts"}],"about":[{"href":"https:\/\/blog.ilgiornale.it\/ruzzo\/wp-json\/wp\/v2\/types\/post"}],"author":[{"embeddable":true,"href":"https:\/\/blog.ilgiornale.it\/ruzzo\/wp-json\/wp\/v2\/users\/956"}],"replies":[{"embeddable":true,"href":"https:\/\/blog.ilgiornale.it\/ruzzo\/wp-json\/wp\/v2\/comments?post=12196"}],"version-history":[{"count":9,"href":"https:\/\/blog.ilgiornale.it\/ruzzo\/wp-json\/wp\/v2\/posts\/12196\/revisions"}],"predecessor-version":[{"id":12233,"href":"https:\/\/blog.ilgiornale.it\/ruzzo\/wp-json\/wp\/v2\/posts\/12196\/revisions\/12233"}],"wp:attachment":[{"href":"https:\/\/blog.ilgiornale.it\/ruzzo\/wp-json\/wp\/v2\/media?parent=12196"}],"wp:term":[{"taxonomy":"category","embeddable":true,"href":"https:\/\/blog.ilgiornale.it\/ruzzo\/wp-json\/wp\/v2\/categories?post=12196"},{"taxonomy":"post_tag","embeddable":true,"href":"https:\/\/blog.ilgiornale.it\/ruzzo\/wp-json\/wp\/v2\/tags?post=12196"}],"curies":[{"name":"wp","href":"https:\/\/api.w.org\/{rel}","templated":true}]}}