{"id":12221,"date":"2014-06-07T10:01:29","date_gmt":"2014-06-07T08:01:29","guid":{"rendered":"https:\/\/blog.ilgiornale.it\/ruzzo\/?p=12221"},"modified":"2014-06-07T10:01:29","modified_gmt":"2014-06-07T08:01:29","slug":"fabian-mi-faro-in-tre-per-le-olimpiadi-di-rio","status":"publish","type":"post","link":"https:\/\/blog.ilgiornale.it\/ruzzo\/2014\/06\/07\/fabian-mi-faro-in-tre-per-le-olimpiadi-di-rio\/","title":{"rendered":"Fabian: &#8220;Mi far\u00f2 in tre per le olimpiadi di Rio&#8221;"},"content":{"rendered":"<p><a href=\"https:\/\/blog.ilgiornale.it\/ruzzo\/files\/2014\/06\/fabian.jpg\"><img loading=\"lazy\" class=\"alignleft size-medium wp-image-12223\" src=\"https:\/\/blog.ilgiornale.it\/ruzzo\/files\/2014\/06\/fabian-199x300.jpg\" alt=\"\" width=\"199\" height=\"300\" srcset=\"https:\/\/blog.ilgiornale.it\/ruzzo\/files\/2014\/06\/fabian-199x300.jpg 199w, https:\/\/blog.ilgiornale.it\/ruzzo\/files\/2014\/06\/fabian.jpg 597w\" sizes=\"(max-width: 199px) 100vw, 199px\" \/><\/a><strong>Alessandro Fabian<\/strong> \u00e8 tornato in gara a Londra in occasione della quarta tappa di <strong>WTS,\u00a0 world triathlon series,<\/strong> disputatasi sabato 31 maggio. Diciamo subito che \u00e8 arrivato 35mo ma diciamo anche che non \u00e8 un risultato da buttare via\u00a0 perch\u00e8 l&#8217;azzurro in questi mesi ha dovuto pensare soprattutto a mettersi alle spalle l\u2019infortunio che lo ha rallentato in tutta la fase della preparazione. Il 22 giugno sono in programma\u00a0 a Kitzb\u00fchel, in Austria,<strong> i campionati\u00a0 Europei\u00a0<\/strong> che per\u00a0 Fabian sono una tappa importante anche se il suo vero obbiettivo restano le olimpiadi. Si far\u00e0 in tre per andare a Rio. Nuotare, pedalare e correre. E ancora nuotare, pedalare e correre fino a sfinirsi perch\u00e8 il decimo posto di Londra due anni fa, il miglior risultato maschile di sempre nella storia del triathlon azzurro, non basta pi\u00f9. Anzi sarebbe una delusione. Non lo dice ma alle prossime olimpiadi brasiliane ha tutta l\u2019intenzione di andarci per essere protagonista. E da uno che da cinque anni vince consecutivamente il titolo italiano nella distanza olimpica ( 1500metri a nuoto, 40 chilometri in bici e 10 di corsa ndr) ed \u00e8 vice campione europeo ce lo si pu\u00f2 anche aspettare.<\/p>\n<blockquote><p>&nbsp;<\/p>\n<p><strong>Cominciamo dalle cose serie lei \u00e8 un carabiniere?<\/strong><br \/>\n\u00abS\u00ec, certo. Faccio parte del gruppo sportivo dell\u2019Arma che mi permette di fare ci\u00f2 che faccio. E\u2019 un sostegno fondamentale. Attualmente in Italia quasi tutti gli atleti che primeggiano a livello internazionale fanno parte di gruppi sportivi militari\u00bb<br \/>\n<strong>\u00a0Lo sa vero che lei oggi \u00e8 l\u2019immagine del triathlon in Italia?<\/strong><br \/>\n\u00abNon so se sia cos\u00ec. Non credo. Ci sono tanti atleti azzurri molto forti in questo momento che gareggiano con successo nei circuiti internazionali&#8230; \u201c<br \/>\n<strong>Gare ma non solo. Spesso anche eventi e manifestazioni\u00a0 che la vedono come testimonial di uno sport che sta crescendo. Non ha paura di distrarsi?<\/strong><br \/>\n\u00ab Il triathlon \u00e8 uno sport che negli ultimi anni ha avuto una bella esplosione. Ma dobbiamo fare ancora molto soprattutto per fare avvicinare i pi\u00f9 piccoli. Il compito di noi atleti \u00e8 anche quello di farlo conoscere&#8230;senza distrarsi troppo ovviamente\u00bb<br \/>\n<strong>Lei lo ha scelto subito il triathlon?<\/strong><br \/>\nNo io da piccolo avevo la passione del nuoto\u00bb<br \/>\n<strong>Beh passione&#8230;diciamo che dai racconti di sua madre era l\u2019unico modo per tenere a bada\u00a0 un bimbo che faceva per quattro&#8230;<\/strong><br \/>\n\u00abSi \u00e8 vero ho cominciato anche per questo motivo. Nuoto poi nuoto agonistico a dieci anni. Un bel sacrificio soprattutto per mia madre che mi portava avanti e indietro. Ricordo che spesso ripassavamo le lezioni del giorno dopo in macchina. Soprattutto le tabelline&#8230;che non sono mai state il mio forte.<br \/>\n<strong>E adesso?<\/strong><br \/>\n\u00abBeh adesso studio da solo, ci mancherebbe. Faccio scienze motorie\u00bb<br \/>\n<strong>Torniamo allo sport. Dal nuoto quando \u00e8 passato al triathlon<\/strong><br \/>\n\u00abA diassette anni quando ho scoperto uno sport che mi ha emozionato ed \u00e8 entrato a far parte della mia vita. E non ne sono pi\u00f9 venuto fuori. \u00bb<br \/>\n<strong>Cosa la emoziona di pi\u00f9?<\/strong><br \/>\n\u00abL\u2019adrenalina che c\u2019\u00e8 alla partenza. Alle olimpiadi di Londra ci hanno tenuto tutti in una stanza grande come un ufficio poi siamo sfilati tra migliaia di persone. E\u2019 partita una musica che piano piano \u00e8 diventata un battito cardiaco. Qualche secondo prima di tuffarsi l\u2019unico rumore che sentivo era il battito del mio cuore che andava a mille\u2026\u201d<br \/>\n<strong>E ci si tuffa&#8230;<\/strong><br \/>\n\u00abSi poi non si pensa pi\u00f9 a nulla, solo alla gara\u00bb<br \/>\n<strong>Che poi \u00e8 una bella tirata di 40 chilometri in bicicletta e infine una bella corsa di 10. Quali sono i suoi punti forti?<\/strong><br \/>\n\u00abSono nato e cresciuto come nuotatore e quindi in acqua sono a mio agio. Ma sono migliorato anche in bici e in corsa. Diciamo che sono al 70 per cento delle mie possibilit\u00e0. Quindi mi resta ancora parecchio da fare\u00bb<br \/>\n<strong>Lei \u00e8 l\u2019atleta azzurro di punta di questo sport. Allenamenti, gare, viaggi in giro per il mondo seguendo il world tour. \u00c9 solo un mestiere o si diverte?<\/strong><br \/>\n\u00abFaccio l\u2019atleta perch\u00e8 mi piace e perch\u00e8 \u00e8 il modo migliore che ho di esprimermi. Faccio questa vita perch\u00e8 il triathlon mi emoziona ed \u00e8 ci\u00f2 che voglio fare e ho scelto di fare. Diciamo che \u00e8 ancora uno sport puro\u00bb<br \/>\n<strong>Per\u00f2 il business cresce&#8230;<\/strong><br \/>\n\u00abSi certo, e sarei ipocrita se dicessi che mi dispiace. Ovvio che mi fa piacere perch\u00e8 \u00e8 il mio sport e se diventa di moda tanto meglio. Ci\u00f2 che conta \u00e8 che riesca sempre ad emozionarmi, a giustificare la voglia di allenarsi, di lavorare, di far fatica e sacrifici\u201d<br \/>\n<strong>Anche a tavola visto che \u00e8 magro come un chiodo?<\/strong><br \/>\n\u00abDiciamo che mi do delle regole soprattutto quando si avvicinano gli appuntamenti importanti\u00bb<br \/>\n<strong>Ma non le mancano le cose che i suoi coetanei fanno a 25 anni?<\/strong><br \/>\n\u00abNon \u00e8 che rinuncio a tutto. Quando devo allenarmi mi alleno, quando devo andare in trasferta per una gara ci vado ma non vivo tutto ci\u00f2 con la pesantezza delle rinunce\u00bb<br \/>\n<strong>Muta, cuffia occhialini, poi la bici. E poi ancora via le scarpe da ciclista per mettere quelle da running. Ma non le sembra uno sport un po\u2019 da isterici?<\/strong><br \/>\n\u00abBasta venire a vedere una gara di triathlon per rendersi conto che \u00e8 esattamente il contrario, C\u2019\u00e8 solo gente che si diverte&#8230;<br \/>\n<strong>Non \u00e8 per tutti per\u00f2. Dica la verit\u00e0 un po&#8217; ve la tirate&#8230;vi sentite un po dei superman?<\/strong><br \/>\n\u00abAnche questa \u00e8 una cosa da sfatare. Certo per affrontare una gara di triathlon olimpico ci si deve allenare ma \u00e8 meno da superman di quello che si pensa. Anzi. Si crea sempre un clima molto bello tra tutti. Tra i campioni e gli amatori, tra chi corre per vincere e chi lo fa per divertirsi. \u00c9 uno dei pochi sport dove gli amatori possono correre con i campioni fianco a fianco. E comuqnue non conosco atleti che se la tirano&#8230;\u00bb<br \/>\n<strong>Torniamo al suo forte, cio\u00e8 ai numeri&#8230;<\/strong><br \/>\n\u00abNel 2016 ci sono le olimpiadi le olimpiadi di Rio e nel 2020 quelle di Tokio. Se faccio due conti avr\u00f2 28 e 32 anni e me la posso giocare. A patto di migliorare la mia corsa&#8230;Ma questo non lo scriva\u00bb.<\/p><\/blockquote>\n","protected":false},"excerpt":{"rendered":"<p><p>Alessandro Fabian \u00e8 tornato in gara a Londra in occasione della quarta tappa di WTS,\u00a0 world triathlon series, disputatasi sabato 31 maggio. Diciamo subito che \u00e8 arrivato 35mo ma diciamo anche che non \u00e8 un risultato da buttare via\u00a0 perch\u00e8 l&#8217;azzurro in questi mesi ha dovuto pensare soprattutto a mettersi alle spalle l\u2019infortunio che lo ha rallentato in tutta la fase della preparazione. Il 22 giugno sono in programma\u00a0 a Kitzb\u00fchel, in Austria, i campionati\u00a0 Europei\u00a0 che per\u00a0 Fabian sono una tappa importante anche se il suo vero obbiettivo restano le olimpiadi. Si far\u00e0 in tre per andare a Rio. [&hellip;]<\/p>\n&nbsp;&nbsp;<div class=\"readmore\"><a href=\"https:\/\/blog.ilgiornale.it\/ruzzo\/2014\/06\/07\/fabian-mi-faro-in-tre-per-le-olimpiadi-di-rio\/\">Continua a leggere...<\/a><\/div><\/p>","protected":false},"author":956,"featured_media":0,"comment_status":"open","ping_status":"closed","sticky":false,"template":"","format":"standard","meta":[],"categories":[1],"tags":[],"_links":{"self":[{"href":"https:\/\/blog.ilgiornale.it\/ruzzo\/wp-json\/wp\/v2\/posts\/12221"}],"collection":[{"href":"https:\/\/blog.ilgiornale.it\/ruzzo\/wp-json\/wp\/v2\/posts"}],"about":[{"href":"https:\/\/blog.ilgiornale.it\/ruzzo\/wp-json\/wp\/v2\/types\/post"}],"author":[{"embeddable":true,"href":"https:\/\/blog.ilgiornale.it\/ruzzo\/wp-json\/wp\/v2\/users\/956"}],"replies":[{"embeddable":true,"href":"https:\/\/blog.ilgiornale.it\/ruzzo\/wp-json\/wp\/v2\/comments?post=12221"}],"version-history":[{"count":3,"href":"https:\/\/blog.ilgiornale.it\/ruzzo\/wp-json\/wp\/v2\/posts\/12221\/revisions"}],"predecessor-version":[{"id":12225,"href":"https:\/\/blog.ilgiornale.it\/ruzzo\/wp-json\/wp\/v2\/posts\/12221\/revisions\/12225"}],"wp:attachment":[{"href":"https:\/\/blog.ilgiornale.it\/ruzzo\/wp-json\/wp\/v2\/media?parent=12221"}],"wp:term":[{"taxonomy":"category","embeddable":true,"href":"https:\/\/blog.ilgiornale.it\/ruzzo\/wp-json\/wp\/v2\/categories?post=12221"},{"taxonomy":"post_tag","embeddable":true,"href":"https:\/\/blog.ilgiornale.it\/ruzzo\/wp-json\/wp\/v2\/tags?post=12221"}],"curies":[{"name":"wp","href":"https:\/\/api.w.org\/{rel}","templated":true}]}}