{"id":12258,"date":"2014-06-11T10:45:28","date_gmt":"2014-06-11T08:45:28","guid":{"rendered":"https:\/\/blog.ilgiornale.it\/ruzzo\/?p=12258"},"modified":"2014-06-11T17:18:47","modified_gmt":"2014-06-11T15:18:47","slug":"passuello-la-faccia-nuova-del-triathlon","status":"publish","type":"post","link":"https:\/\/blog.ilgiornale.it\/ruzzo\/2014\/06\/11\/passuello-la-faccia-nuova-del-triathlon\/","title":{"rendered":"Passuello, la faccia nuova del triathlon"},"content":{"rendered":"<p><a href=\"https:\/\/blog.ilgiornale.it\/ruzzo\/files\/2014\/06\/passs.jpg\"><img loading=\"lazy\" class=\"alignleft size-medium wp-image-12265\" src=\"https:\/\/blog.ilgiornale.it\/ruzzo\/files\/2014\/06\/passs-199x300.jpg\" alt=\"\" width=\"199\" height=\"300\" \/><\/a>Un po&#8217; \u00e8 figlio d&#8217;arte. Perch\u00e8 la febbre della bicicletta gliel&#8217;ha passata suo padre <strong>Walter<\/strong> che ora ha un negozio di bici a Livorno ma qualche anno fa ha corso ( e forte) con <strong>Francesco Moser<\/strong> e\u00a0 compagnia. Ma<strong> Domenico Passuello<\/strong>, 36 anni livornese del <strong>Forhans Team<\/strong> , ex pro sulle due ruote per la <strong>Quick Step<\/strong> e per<strong> Amore e Vita<\/strong>, quella febbre l&#8217;ha moltiplicata per tre. E visto che far fatica sui pedali era gi\u00e0 il suo mestiere, ad un certo punto della sua vita ha pensato bene di mettersi anche a nuotare e correre. Testardo e coriaceo come tutti i toscani\u00a0ha imparato sulla sua pelle che tra triathlon e ciclismo qualche differenza c&#8217;\u00e8. E cos\u00ec nelle prime gare \u00e8 rimasto a guardare ci\u00f2 che facevano i campioni. Poi per\u00f2, allenamento dopo allenamento, ha accorciato le distanze. E le ha accorciate talmente tanto che ha cominciato a vincere. Soprattutto all&#8217;estero. Poco meno di un mese fa si \u00e8 messo dietro tutti nel <strong>Rimini Challenge<\/strong>, un mezzo Ironman ( 1.9km di nuoto, 90 in bici e 21 di corsa) che lo ha consacrato tra i big anche in Italia. Ora con l&#8217;atleta del <strong>Forhans Team<\/strong> dovranno cominciare a fare i conti un po&#8217; tutti soprattutto sulle lunghe distanze che restano le sue gare preferite. Anche perch\u00e8 questo 2014 per il campione toscano sar\u00e0 un po&#8217; l&#8217;anno della verit\u00e0 visto che al triathlon si dedicher\u00e0 anima e corpo e soprattutto a tempo pieno, cio\u00e8 senza pi\u00f9 dividersi con il lavoro nella piccola azienda di suo zio. Come dire:\u00a0 ora il gioco si fa serio, la ricreazione \u00e8 finita&#8230;<\/p>\n<p>&nbsp;<\/p>\n<blockquote><p><strong>Quindi da quest&#8217;anno si fa sul serio?<\/strong><br \/>\n&#8220;Beh, s\u00ec. Anche se non \u00e8 che fino\u00a0adesso abbiamo proprio scherzato&#8230;&#8221;<br \/>\n<strong>S\u00ec, certo&#8230;per\u00f2 un c&#8217;era il lavoro<\/strong><br \/>\n&#8220;Da quando ho smesso di correre in bici ho sempre lavorato. Mio zio ha un&#8217;attivit\u00e0 qui in citt\u00e0 e io l&#8217;ho aiutato. Sono sempre riuscito a ritagliarmi lo spazio per allenarmi ma ora cominciavo a starci un po&#8217; stretto. Cos\u00ec \u00e8 arrivata la decisione di provare a fare il triatleta a tempo pieno&#8221;<br \/>\n<strong>E cosa cambia?<\/strong><br \/>\n&#8220;Non lo so ancora, non molto credo. Forse il fatto che la testa ora \u00e8 tutta l\u00ec&#8230;<br \/>\n<strong>Cambia ad esempio che ora servir\u00e0 uno staff che la segue<\/strong><br \/>\n&#8220;Finora non c&#8217;\u00e8 stato bisogno. Adesso con il Forhans Team ci organizzeremo&#8221;<br \/>\n<strong>Nuotare, correre pedalare&#8230;il ciclismo \u00e8 un&#8217;latra cosa?<\/strong><br \/>\n&#8220;Due ambiente diversi&#8230;Dal punto di vista tecnico la differenza \u00e8 ovvia. L\u00ec si pensa solo a pedalare, qui sai ci\u00f2 che devi fare prima e ci\u00f2 che ti aspetta poi. Bisogna organizzarsi&#8221;<br \/>\n<strong>E lei col nuoto si \u00e8 dovuto organizzare parecchio&#8230;<\/strong><br \/>\n&#8220;Non mi vergogno a dirlo. Io fino a qualche anno fa andavo in piscina qualche volta la domenica. La scintilla mi \u00e8 scattata a Perth, in Austrialia, dove sono stato a lavorare quando ho smesso di correre&#8221;<br \/>\n<strong>E l\u00ec surfano e nuotano tutti&#8230;<\/strong><br \/>\n&#8220;Si l\u00ec \u00e8 un altro mondo sportivamente parlando. Nuotano tantissimo e ci sono un sacco di triatleti. Cos\u00ec con l&#8217;aiuto di una mia amica ho cominciato ad allenarmi anche in acqua e ho capito che si poteva fare&#8221;<br \/>\n<strong>Cosa?<\/strong><br \/>\n&#8220;Il triathlon&#8230;&#8221;<br \/>\n<strong>Ma le prime gare non sono state un successo&#8230;<\/strong><br \/>\n&#8220;No ma neanche un disastro. Nel mio primo spirnt sono arrivato quinto e nella mia prima gara sulla distanza lunga all&#8217;Isola d&#8217;Elba sono salito sul podio&#8230;<br \/>\n<strong>Per\u00f2 prendeva minuti a nuoto e recuperava in bici&#8230;Ci\u00f2\u00e8 continuava a fare il ciclista<\/strong><br \/>\n&#8220;Beh in un certo senso s\u00ec. Solitamente chi fa triathlon arriva dal nuoto, io sono passato da un&#8217;altra strada. E purtroppo mi toccava pagare dazio.&#8221;<br \/>\n<strong>Cos\u00ec a forza di sveglie all&#8217;alba per nuotare, mattina dopo mattina si \u00e8 messo in scia ai pi\u00f9 forti&#8230;<\/strong><br \/>\n&#8220;No guardi io all&#8217;alba per nuotare non mi sveglio proprio. E&#8217; un fatto di metabolismo e poi anche perch\u00e8 la mattina fino a qualche mese fa mi toccava lavorare. Quindi mi sono sempre allenato cercando di far collimare orari, lavoro e vita normale. Come fanno la maggiorparte dei triathleti.<br \/>\n<strong>E le distanze si sono accorciate&#8230;<\/strong><br \/>\n&#8220;Si diciamo che in acqua le cose vanno leggermente meglio. Ma rispetto ai migliori ancora c&#8217;\u00e8 da fare perch\u00e8 mi rendo conto che se riesco a star vicino le gare cambiano. Comunque il nuoto resta il mio punto da migliorare perch\u00e8 la corsa non \u00e8 mai stata un problema. Sono sempre andato benino&#8230;<br \/>\n<strong>In bici invece fa la differenza&#8230;<\/strong><br \/>\nIn bici ho corso tra i professionisti per tanti anni. Ho cominciato\u00a0non prestissimo perch\u00e8 sono arrivato a correre a 16 anni quindi ho dovuto imarare anche l\u00ec. Per\u00f2 la mia storia sportiva inizia con la bicicletta e quindi in sella sono a mio agio. Anche se va detto che nella gare dove \u00e8 permessa la scia la differenza non si fa tantissmo<br \/>\n<strong>E infatti lei preferisce la gare lunghe&#8230;<\/strong><br \/>\n&#8220;Si diciamo che mezzo Ironman e Ironman sono quelle su cui mi devo concentrare&#8221;<br \/>\n<strong>E il sogno restano Kona e le Hawaiii<\/strong><br \/>\n&#8220;Koma e le Hawai sono il sogno di tutti per\u00f2 ci si deve qualificare&#8221;<br \/>\n<strong>Lei quest&#8217;anno \u00e8 gi\u00e0 arrivato terzo all&#8217;Ironman di Los Cabos in Messico dietro a Daniel Fontana ora dove andr\u00e0 a far punti?<\/strong><br \/>\n&#8220;Il prossimo impegno \u00e8 l&#8217;Ironman di Mont Tremblant in Canada che con\u00a0Melbourne e Francoforte \u00e8 uno di quelli che d\u00e0 punteggi maggiori. E poi mi piace\u00a0 perch\u00e8 ha un percorso di bici impegnativo e mi torna bene con i tempi&#8221;<br \/>\n<strong>Che significa le torna bene con i tempi?<\/strong><br \/>\n&#8220;Significa che dopo aver tanto gareggiato perch\u00e8 mi le gare mi servivano per crescere a livello tecnico ed anche per sostenermi economicamente ora \u00e8 arrivato il momento di cominciare a programmare meglio&#8230;&#8221;<br \/>\n<strong>Cio\u00e8?<\/strong><br \/>\n&#8220;Cio\u00e8 voglio vedere cosa succede se mi concentro per un mese su un impegno&#8221;<br \/>\n<strong>Da che parte si comincia?<\/strong><br \/>\n&#8220;Intanto da un po&#8217; di riposo perch\u00e8 sono anni che non riposo&#8230;&#8221;<br \/>\n<strong>C&#8217;\u00e8 qualcosa che non torna per\u00f2. Nell&#8217;anno in cui decide di dedicarsi anima e corpo al triathlon mi dice che vuole riposarsi?<\/strong><br \/>\n&#8220;Non \u00e8 proprio cos\u00ec&#8230;&#8221;<br \/>\n<strong>Allora com&#8217;e?<\/strong><br \/>\n&#8220;La mia filosofia \u00e8 che nella mia vita tutto deve entrare in modo giusto. E&#8217; un po&#8217; come un puzzle. E io devo risucire a comporla bene&#8230;&#8221;<\/p><\/blockquote>\n","protected":false},"excerpt":{"rendered":"<p><p>Un po&#8217; \u00e8 figlio d&#8217;arte. Perch\u00e8 la febbre della bicicletta gliel&#8217;ha passata suo padre Walter che ora ha un negozio di bici a Livorno ma qualche anno fa ha corso ( e forte) con Francesco Moser e\u00a0 compagnia. Ma Domenico Passuello, 36 anni livornese del Forhans Team , ex pro sulle due ruote per la Quick Step e per Amore e Vita, quella febbre l&#8217;ha moltiplicata per tre. E visto che far fatica sui pedali era gi\u00e0 il suo mestiere, ad un certo punto della sua vita ha pensato bene di mettersi anche a nuotare e correre. Testardo e coriaceo [&hellip;]<\/p>\n&nbsp;&nbsp;<div class=\"readmore\"><a href=\"https:\/\/blog.ilgiornale.it\/ruzzo\/2014\/06\/11\/passuello-la-faccia-nuova-del-triathlon\/\">Continua a leggere...<\/a><\/div><\/p>","protected":false},"author":956,"featured_media":0,"comment_status":"open","ping_status":"closed","sticky":false,"template":"","format":"standard","meta":[],"categories":[1],"tags":[],"_links":{"self":[{"href":"https:\/\/blog.ilgiornale.it\/ruzzo\/wp-json\/wp\/v2\/posts\/12258"}],"collection":[{"href":"https:\/\/blog.ilgiornale.it\/ruzzo\/wp-json\/wp\/v2\/posts"}],"about":[{"href":"https:\/\/blog.ilgiornale.it\/ruzzo\/wp-json\/wp\/v2\/types\/post"}],"author":[{"embeddable":true,"href":"https:\/\/blog.ilgiornale.it\/ruzzo\/wp-json\/wp\/v2\/users\/956"}],"replies":[{"embeddable":true,"href":"https:\/\/blog.ilgiornale.it\/ruzzo\/wp-json\/wp\/v2\/comments?post=12258"}],"version-history":[{"count":12,"href":"https:\/\/blog.ilgiornale.it\/ruzzo\/wp-json\/wp\/v2\/posts\/12258\/revisions"}],"predecessor-version":[{"id":12267,"href":"https:\/\/blog.ilgiornale.it\/ruzzo\/wp-json\/wp\/v2\/posts\/12258\/revisions\/12267"}],"wp:attachment":[{"href":"https:\/\/blog.ilgiornale.it\/ruzzo\/wp-json\/wp\/v2\/media?parent=12258"}],"wp:term":[{"taxonomy":"category","embeddable":true,"href":"https:\/\/blog.ilgiornale.it\/ruzzo\/wp-json\/wp\/v2\/categories?post=12258"},{"taxonomy":"post_tag","embeddable":true,"href":"https:\/\/blog.ilgiornale.it\/ruzzo\/wp-json\/wp\/v2\/tags?post=12258"}],"curies":[{"name":"wp","href":"https:\/\/api.w.org\/{rel}","templated":true}]}}